{"id":7048,"date":"2026-04-06T18:31:36","date_gmt":"2026-04-06T16:31:36","guid":{"rendered":"https:\/\/mostra.es\/?p=7048"},"modified":"2026-04-06T18:31:37","modified_gmt":"2026-04-06T16:31:37","slug":"el-encaje-traspasa-fronteras-en-el-desfile-de-las-delegaciones-internacionales-de-la-xxxv-exposicion-de-encaje","status":"publish","type":"post","link":"https:\/\/mostra.es\/es\/actualidade\/prensa\/o-encaixe-traspasa-fronteiras-no-desfile-das-delegacions-internacionais-da-xxxv-mostra-do-encaixe\/","title":{"rendered":"El encaje traspasa fronteras en el desfile de las delegaciones internacionales de la XXXV Exposici\u00f3n de Encaje."},"content":{"rendered":"<p>El encaje, como artesan\u00eda ancestral, no conoce fronteras. As\u00ed qued\u00f3 demostrado en la XXXV Exposici\u00f3n de Encaje de Camari\u00f1as de la Diputaci\u00f3n Provincial de A Coru\u00f1a, durante el desfile de las Delegaciones Internacionales del Encaje, que exhibieron sus creaciones en la pasarela.<\/p>\n\n\n\n<p>Participan: Eslovaquia (Krakovany), Argentina (Buenos Aires y C\u00f3rdoba), Bulgaria (Sof\u00eda), Italia (Novedrate), Portugal (Peniche y Serra D&#039;El Rei), Polonia (Bobowa) y Espa\u00f1a (Arenis del Mar).<\/p>\n\n\n\n<p>Las voluntarias del Lace Show son las encargadas de lucir sus creaciones en la pasarela. Aprovechando el desfile, tambi\u00e9n recibieron un obsequio del Ayuntamiento en reconocimiento a su labor altruista.&nbsp;<\/p>\n\n\n\n<figure class=\"wp-block-gallery has-nested-images columns-default is-cropped wp-block-gallery-1 is-layout-flex wp-block-gallery-is-layout-flex\">\n<figure class=\"wp-block-image size-large\"><img fetchpriority=\"high\" decoding=\"async\" width=\"1024\" height=\"683\" data-id=\"7052\" src=\"https:\/\/mostra.es\/wp-content\/uploads\/2026\/04\/Delegacions-internacionais-XXXV-Mostra-00004-1024x683.jpg\" alt=\"\" class=\"wp-image-7052\" title=\"\" srcset=\"https:\/\/mostra.es\/wp-content\/uploads\/2026\/04\/Delegacions-internacionais-XXXV-Mostra-00004-1024x683.jpg 1024w, https:\/\/mostra.es\/wp-content\/uploads\/2026\/04\/Delegacions-internacionais-XXXV-Mostra-00004-300x200.jpg 300w, https:\/\/mostra.es\/wp-content\/uploads\/2026\/04\/Delegacions-internacionais-XXXV-Mostra-00004-768x512.jpg 768w, https:\/\/mostra.es\/wp-content\/uploads\/2026\/04\/Delegacions-internacionais-XXXV-Mostra-00004-18x12.jpg 18w, https:\/\/mostra.es\/wp-content\/uploads\/2026\/04\/Delegacions-internacionais-XXXV-Mostra-00004.jpg 1500w\" sizes=\"(max-width: 1024px) 100vw, 1024px\" \/><\/figure>\n\n\n\n<figure class=\"wp-block-image size-large\"><img decoding=\"async\" width=\"1024\" height=\"683\" data-id=\"7051\" src=\"https:\/\/mostra.es\/wp-content\/uploads\/2026\/04\/Delegacions-internacionais-XXXV-Mostra-00003-1024x683.jpg\" alt=\"\" class=\"wp-image-7051\" title=\"\" srcset=\"https:\/\/mostra.es\/wp-content\/uploads\/2026\/04\/Delegacions-internacionais-XXXV-Mostra-00003-1024x683.jpg 1024w, https:\/\/mostra.es\/wp-content\/uploads\/2026\/04\/Delegacions-internacionais-XXXV-Mostra-00003-300x200.jpg 300w, https:\/\/mostra.es\/wp-content\/uploads\/2026\/04\/Delegacions-internacionais-XXXV-Mostra-00003-768x512.jpg 768w, https:\/\/mostra.es\/wp-content\/uploads\/2026\/04\/Delegacions-internacionais-XXXV-Mostra-00003-18x12.jpg 18w, https:\/\/mostra.es\/wp-content\/uploads\/2026\/04\/Delegacions-internacionais-XXXV-Mostra-00003.jpg 1500w\" sizes=\"(max-width: 1024px) 100vw, 1024px\" \/><\/figure>\n\n\n\n<figure class=\"wp-block-image size-large\"><img decoding=\"async\" width=\"1024\" height=\"683\" data-id=\"7050\" src=\"https:\/\/mostra.es\/wp-content\/uploads\/2026\/04\/Delegacions-internacionais-XXXV-Mostra-00002-1024x683.jpg\" alt=\"\" class=\"wp-image-7050\" title=\"\" srcset=\"https:\/\/mostra.es\/wp-content\/uploads\/2026\/04\/Delegacions-internacionais-XXXV-Mostra-00002-1024x683.jpg 1024w, https:\/\/mostra.es\/wp-content\/uploads\/2026\/04\/Delegacions-internacionais-XXXV-Mostra-00002-300x200.jpg 300w, https:\/\/mostra.es\/wp-content\/uploads\/2026\/04\/Delegacions-internacionais-XXXV-Mostra-00002-768x512.jpg 768w, https:\/\/mostra.es\/wp-content\/uploads\/2026\/04\/Delegacions-internacionais-XXXV-Mostra-00002-18x12.jpg 18w, https:\/\/mostra.es\/wp-content\/uploads\/2026\/04\/Delegacions-internacionais-XXXV-Mostra-00002.jpg 1500w\" sizes=\"(max-width: 1024px) 100vw, 1024px\" \/><\/figure>\n\n\n\n<figure class=\"wp-block-image size-large\"><img loading=\"lazy\" decoding=\"async\" width=\"1024\" height=\"683\" data-id=\"7049\" src=\"https:\/\/mostra.es\/wp-content\/uploads\/2026\/04\/Delegacions-internacionais-XXXV-Mostra-00001-1024x683.jpg\" alt=\"\" class=\"wp-image-7049\" title=\"\" srcset=\"https:\/\/mostra.es\/wp-content\/uploads\/2026\/04\/Delegacions-internacionais-XXXV-Mostra-00001-1024x683.jpg 1024w, https:\/\/mostra.es\/wp-content\/uploads\/2026\/04\/Delegacions-internacionais-XXXV-Mostra-00001-300x200.jpg 300w, https:\/\/mostra.es\/wp-content\/uploads\/2026\/04\/Delegacions-internacionais-XXXV-Mostra-00001-768x512.jpg 768w, https:\/\/mostra.es\/wp-content\/uploads\/2026\/04\/Delegacions-internacionais-XXXV-Mostra-00001-18x12.jpg 18w, https:\/\/mostra.es\/wp-content\/uploads\/2026\/04\/Delegacions-internacionais-XXXV-Mostra-00001.jpg 1500w\" sizes=\"(max-width: 1024px) 100vw, 1024px\" \/><\/figure>\n<\/figure>","protected":false},"excerpt":{"rendered":"<p>Proceden de diferentes pa\u00edses: Eslovaquia, Portugal, Bulgaria, Argentina, Italia, Polonia y Espa\u00f1a.<\/p>\n<p>Los voluntarios de la Mostra son los encargados de mostrar sus creaciones en la pasarela.<\/p>","protected":false},"author":1,"featured_media":7051,"comment_status":"open","ping_status":"closed","sticky":false,"template":"","format":"standard","meta":{"footnotes":""},"categories":[10],"tags":[311,567],"class_list":["post-7048","post","type-post","status-publish","format-standard","has-post-thumbnail","hentry","category-prensa","tag-internacionais","tag-xxxv-mostra-do-encaixe"],"_links":{"self":[{"href":"https:\/\/mostra.es\/es\/wp-json\/wp\/v2\/posts\/7048","targetHints":{"allow":["GET"]}}],"collection":[{"href":"https:\/\/mostra.es\/es\/wp-json\/wp\/v2\/posts"}],"about":[{"href":"https:\/\/mostra.es\/es\/wp-json\/wp\/v2\/types\/post"}],"author":[{"embeddable":true,"href":"https:\/\/mostra.es\/es\/wp-json\/wp\/v2\/users\/1"}],"replies":[{"embeddable":true,"href":"https:\/\/mostra.es\/es\/wp-json\/wp\/v2\/comments?post=7048"}],"version-history":[{"count":1,"href":"https:\/\/mostra.es\/es\/wp-json\/wp\/v2\/posts\/7048\/revisions"}],"predecessor-version":[{"id":7053,"href":"https:\/\/mostra.es\/es\/wp-json\/wp\/v2\/posts\/7048\/revisions\/7053"}],"wp:featuredmedia":[{"embeddable":true,"href":"https:\/\/mostra.es\/es\/wp-json\/wp\/v2\/media\/7051"}],"wp:attachment":[{"href":"https:\/\/mostra.es\/es\/wp-json\/wp\/v2\/media?parent=7048"}],"wp:term":[{"taxonomy":"category","embeddable":true,"href":"https:\/\/mostra.es\/es\/wp-json\/wp\/v2\/categories?post=7048"},{"taxonomy":"post_tag","embeddable":true,"href":"https:\/\/mostra.es\/es\/wp-json\/wp\/v2\/tags?post=7048"}],"curies":[{"name":"gracias","href":"https:\/\/api.w.org\/{rel}","templated":true}]}}