{"id":7037,"date":"2026-04-04T00:29:16","date_gmt":"2026-04-03T22:29:16","guid":{"rendered":"https:\/\/mostra.es\/?p=7037"},"modified":"2026-04-04T00:29:17","modified_gmt":"2026-04-03T22:29:17","slug":"el-artencase-es-un-ejemplo-de-la-infinita-versatilidad-en-la-aplicacion-del-encaje-2","status":"publish","type":"post","link":"https:\/\/mostra.es\/es\/actualidade\/prensa\/o-artencaixe-un-exemplo-da-infinita-versatilidade-na-aplicacion-do-encaixe-2\/","title":{"rendered":"&#039;ArtEncaixe&#039;, un ejemplo de la infinita versatilidad en la aplicaci\u00f3n del encaje"},"content":{"rendered":"<p>El desfile ArtEncaixe de la XXXV Exposici\u00f3n de Encaje de Camari\u00f1as de la Diputaci\u00f3n Provincial de A Coru\u00f1a, que se estren\u00f3 en 2021, sigue creciendo a pasos agigantados y cada a\u00f1o las propuestas que traen los artesanos, procedentes de toda Galicia, son m\u00e1s variadas.&nbsp;<\/p>\n\n\n\n<p>Este a\u00f1o participan 12 artesanos de toda Galicia que demuestran que el encaje es vers\u00e1til y puede adaptarse a diferentes materiales como accesorio de moda.&nbsp;<\/p>\n\n\n\n<p>El desfile est\u00e1 compuesto por: Alfarer\u00eda La Cacharrera (ceramica de Bu\u00f1o), Lola Logaro (artesana textil), O Rulo (ceramica de Bu\u00f1o), Encaixa_T (artesana textil local), Estilo Aramar (artesana textil), Mariv\u00ed Santos Atelier (palilleira), Risco Estudio (ceramica de Bu\u00f1o), Tendataller Feituras \u2013 Mar\u00eda Canedo (ceramica de Bu\u00f1o), Ene de Toba (artesana textil local), Mascarada O Cansorri\u00f1o (comparaso local), Zeltia ao Aire (bordados al aire) y Ana Trasariz (bolsos de pasarela).<\/p>\n\n\n\n<figure class=\"wp-block-gallery has-nested-images columns-default is-cropped wp-block-gallery-1 is-layout-flex wp-block-gallery-is-layout-flex\">\n<figure class=\"wp-block-image size-large\"><img fetchpriority=\"high\" decoding=\"async\" width=\"1024\" height=\"683\" data-id=\"7040\" src=\"https:\/\/mostra.es\/wp-content\/uploads\/2026\/04\/ArteEncaixe-2026-00003-1024x683.jpg\" alt=\"\" class=\"wp-image-7040\" title=\"\" srcset=\"https:\/\/mostra.es\/wp-content\/uploads\/2026\/04\/ArteEncaixe-2026-00003-1024x683.jpg 1024w, https:\/\/mostra.es\/wp-content\/uploads\/2026\/04\/ArteEncaixe-2026-00003-300x200.jpg 300w, https:\/\/mostra.es\/wp-content\/uploads\/2026\/04\/ArteEncaixe-2026-00003-768x512.jpg 768w, https:\/\/mostra.es\/wp-content\/uploads\/2026\/04\/ArteEncaixe-2026-00003-18x12.jpg 18w, https:\/\/mostra.es\/wp-content\/uploads\/2026\/04\/ArteEncaixe-2026-00003.jpg 1500w\" sizes=\"(max-width: 1024px) 100vw, 1024px\" \/><\/figure>\n\n\n\n<figure class=\"wp-block-image size-large\"><img decoding=\"async\" width=\"1024\" height=\"683\" data-id=\"7039\" src=\"https:\/\/mostra.es\/wp-content\/uploads\/2026\/04\/ArteEncaixe-2026-00002-1024x683.jpg\" alt=\"\" class=\"wp-image-7039\" title=\"\" srcset=\"https:\/\/mostra.es\/wp-content\/uploads\/2026\/04\/ArteEncaixe-2026-00002-1024x683.jpg 1024w, https:\/\/mostra.es\/wp-content\/uploads\/2026\/04\/ArteEncaixe-2026-00002-300x200.jpg 300w, https:\/\/mostra.es\/wp-content\/uploads\/2026\/04\/ArteEncaixe-2026-00002-768x512.jpg 768w, https:\/\/mostra.es\/wp-content\/uploads\/2026\/04\/ArteEncaixe-2026-00002-18x12.jpg 18w, https:\/\/mostra.es\/wp-content\/uploads\/2026\/04\/ArteEncaixe-2026-00002.jpg 1500w\" sizes=\"(max-width: 1024px) 100vw, 1024px\" \/><\/figure>\n\n\n\n<figure class=\"wp-block-image size-large\"><img decoding=\"async\" width=\"1024\" height=\"683\" data-id=\"7038\" src=\"https:\/\/mostra.es\/wp-content\/uploads\/2026\/04\/ArteEncaixe-2026-00001-1024x683.jpg\" alt=\"\" class=\"wp-image-7038\" title=\"\" srcset=\"https:\/\/mostra.es\/wp-content\/uploads\/2026\/04\/ArteEncaixe-2026-00001-1024x683.jpg 1024w, https:\/\/mostra.es\/wp-content\/uploads\/2026\/04\/ArteEncaixe-2026-00001-300x200.jpg 300w, https:\/\/mostra.es\/wp-content\/uploads\/2026\/04\/ArteEncaixe-2026-00001-768x512.jpg 768w, https:\/\/mostra.es\/wp-content\/uploads\/2026\/04\/ArteEncaixe-2026-00001-18x12.jpg 18w, https:\/\/mostra.es\/wp-content\/uploads\/2026\/04\/ArteEncaixe-2026-00001.jpg 1500w\" sizes=\"(max-width: 1024px) 100vw, 1024px\" \/><\/figure>\n<\/figure>","protected":false},"excerpt":{"rendered":"<p>Os 12 artes\u00e1ns que participan nesta edici\u00f3n demostran que esta artesan\u00eda milenaria pode adaptarse a diferentes materiais.<\/p>\n<p>Son: Alfarer\u00eda La Cacharrera, O Rulo, Feituras, Risco Estudio, Encaixa_T, Ene de Toba, Lola Logaro, Mascarada O Cansorri\u00f1o, Mariv\u00ed Santos, Zeltia ao Aire, Ana Trasariz e Estilo Aramar.<\/p>","protected":false},"author":1,"featured_media":7040,"comment_status":"open","ping_status":"closed","sticky":false,"template":"","format":"standard","meta":{"footnotes":""},"categories":[10],"tags":[],"class_list":["post-7037","post","type-post","status-publish","format-standard","has-post-thumbnail","hentry","category-prensa"],"_links":{"self":[{"href":"https:\/\/mostra.es\/es\/wp-json\/wp\/v2\/posts\/7037","targetHints":{"allow":["GET"]}}],"collection":[{"href":"https:\/\/mostra.es\/es\/wp-json\/wp\/v2\/posts"}],"about":[{"href":"https:\/\/mostra.es\/es\/wp-json\/wp\/v2\/types\/post"}],"author":[{"embeddable":true,"href":"https:\/\/mostra.es\/es\/wp-json\/wp\/v2\/users\/1"}],"replies":[{"embeddable":true,"href":"https:\/\/mostra.es\/es\/wp-json\/wp\/v2\/comments?post=7037"}],"version-history":[{"count":1,"href":"https:\/\/mostra.es\/es\/wp-json\/wp\/v2\/posts\/7037\/revisions"}],"predecessor-version":[{"id":7041,"href":"https:\/\/mostra.es\/es\/wp-json\/wp\/v2\/posts\/7037\/revisions\/7041"}],"wp:featuredmedia":[{"embeddable":true,"href":"https:\/\/mostra.es\/es\/wp-json\/wp\/v2\/media\/7040"}],"wp:attachment":[{"href":"https:\/\/mostra.es\/es\/wp-json\/wp\/v2\/media?parent=7037"}],"wp:term":[{"taxonomy":"category","embeddable":true,"href":"https:\/\/mostra.es\/es\/wp-json\/wp\/v2\/categories?post=7037"},{"taxonomy":"post_tag","embeddable":true,"href":"https:\/\/mostra.es\/es\/wp-json\/wp\/v2\/tags?post=7037"}],"curies":[{"name":"gracias","href":"https:\/\/api.w.org\/{rel}","templated":true}]}}