{"id":7025,"date":"2026-04-02T22:09:24","date_gmt":"2026-04-02T20:09:24","guid":{"rendered":"https:\/\/mostra.es\/?p=7025"},"modified":"2026-04-02T22:09:24","modified_gmt":"2026-04-02T20:09:24","slug":"el-xxxii-concurso-de-nuevos-disenadores-arranca-con-29-prometedores-disenadores-de-moda","status":"publish","type":"post","link":"https:\/\/mostra.es\/es\/actualidade\/prensa\/arrinca-o-xxxii-concurso-de-noveis-desenadores-con-29-promesas-da-moda\/","title":{"rendered":"El XXXII Concurso de Nuevos Dise\u00f1adores comienza con 29 prometedores dise\u00f1adores de moda."},"content":{"rendered":"<p>Hoy, jueves 2 de abril, los 29 finalistas que participan en el XXXII Concurso de Nuevos Dise\u00f1adores, un compromiso de la organizaci\u00f3n con el talento emergente, desfilaron por primera vez en la XXXV Exposici\u00f3n de Encaje de Camari\u00f1as, de la Diputaci\u00f3n Provincial de A Coru\u00f1a.<\/p>\n\n\n\n<p>Un total de 25 colecciones de los dise\u00f1adores: Adriana Alonso \u00c1lvarez (Santiago de Compostela); Ainhoa Trueba L\u00f3pez (Torrelavega, Cantabria); Alba Mart\u00ednez Arjona (Terrassa); Andrea Alegr\u00eda Ballester (Santander, Cantabria); Andrea Bernardo Gil (Lleida); Andrea G\u00f3mez Us\u00f3 (Tabernes Blanques, Valencia); Borja Pintos Nieto (Madrid); Carla Ayll\u00f3n Ferraro (Valencia); Carlota Paradela Demandada (Santander, Cantabria); Chenxi Zhao (Santa Coloma de Gramenet, Barcelona); David Fern\u00e1ndez Fern\u00e1ndez (A Coru\u00f1a); Eduardo Rial Barral (Viladecruces, Pontevedra); Enmma Ritzo (Santander, Cantabria); Estefan\u00eda Orgaz Fern\u00e1ndez (Orro, Culleredo); Gloria Garc\u00eda Cuenca (Madrid); Iria Navarrete Ponte (Nigr\u00e1n); Javier Requena L\u00f3pez (La Rinconada, Sevilla); Jos\u00e9 R\u00f3denas Colomer (L&#039;Eliana); Josu Santos Blanco (Sobrado do Bispo, Ourense); Laura Freire Feijoo (Aranga, A Coru\u00f1a); Leticia Rodr\u00edguez Cancela (Cospeito, Lugo); Luc\u00eda Cornide Mui\u00f1o (Brexo, Cambre); Luc\u00eda Garc\u00eda Palmero (Granada); Mar\u00eda Beatriz Zambrano Moreno (Santander); Marina Lamelo Ballejo (Santiago de Compostela); Marina Mart\u00edn Garc\u00eda (Antequera, M\u00e1laga); Nicol\u00e1s Liste Oubel (Santiago de Compostela); Noelia Barreiro Gonz\u00e1lez (Santiago de Compostela); Pau Borr\u00f3s Jaques (Barcelona); Pedro Orgaz Fern\u00e1ndez (Orro, Culleredo); Roc\u00edo Molina L\u00f3pez (Rest\u00e1bal, Granada); Rub\u00e9n P\u00e9rez Ornedo (La Palma del Condado, Huelva); Sheila P\u00e9rez Garrido (Madrid); Sof\u00eda Garc\u00eda Rodr\u00edguez (Pontevedra).<\/p>\n\n\n\n<figure class=\"wp-block-gallery has-nested-images columns-default is-cropped wp-block-gallery-1 is-layout-flex wp-block-gallery-is-layout-flex\">\n<figure class=\"wp-block-image size-large\"><img fetchpriority=\"high\" decoding=\"async\" width=\"1024\" height=\"683\" data-id=\"7026\" src=\"https:\/\/mostra.es\/wp-content\/uploads\/2026\/04\/XXXII-Concurso-de-Noveis-Desenadores-2026-00001-1024x683.jpg\" alt=\"\" class=\"wp-image-7026\" title=\"\" srcset=\"https:\/\/mostra.es\/wp-content\/uploads\/2026\/04\/XXXII-Concurso-de-Noveis-Desenadores-2026-00001-1024x683.jpg 1024w, https:\/\/mostra.es\/wp-content\/uploads\/2026\/04\/XXXII-Concurso-de-Noveis-Desenadores-2026-00001-300x200.jpg 300w, https:\/\/mostra.es\/wp-content\/uploads\/2026\/04\/XXXII-Concurso-de-Noveis-Desenadores-2026-00001-768x512.jpg 768w, https:\/\/mostra.es\/wp-content\/uploads\/2026\/04\/XXXII-Concurso-de-Noveis-Desenadores-2026-00001-18x12.jpg 18w, https:\/\/mostra.es\/wp-content\/uploads\/2026\/04\/XXXII-Concurso-de-Noveis-Desenadores-2026-00001.jpg 1500w\" sizes=\"(max-width: 1024px) 100vw, 1024px\" \/><\/figure>\n\n\n\n<figure class=\"wp-block-image size-large\"><img decoding=\"async\" width=\"1024\" height=\"683\" data-id=\"7027\" src=\"https:\/\/mostra.es\/wp-content\/uploads\/2026\/04\/XXXII-Concurso-de-Noveis-Desenadores-2026-00002-1024x683.jpg\" alt=\"\" class=\"wp-image-7027\" title=\"\" srcset=\"https:\/\/mostra.es\/wp-content\/uploads\/2026\/04\/XXXII-Concurso-de-Noveis-Desenadores-2026-00002-1024x683.jpg 1024w, https:\/\/mostra.es\/wp-content\/uploads\/2026\/04\/XXXII-Concurso-de-Noveis-Desenadores-2026-00002-300x200.jpg 300w, https:\/\/mostra.es\/wp-content\/uploads\/2026\/04\/XXXII-Concurso-de-Noveis-Desenadores-2026-00002-768x512.jpg 768w, https:\/\/mostra.es\/wp-content\/uploads\/2026\/04\/XXXII-Concurso-de-Noveis-Desenadores-2026-00002-18x12.jpg 18w, https:\/\/mostra.es\/wp-content\/uploads\/2026\/04\/XXXII-Concurso-de-Noveis-Desenadores-2026-00002.jpg 1500w\" sizes=\"(max-width: 1024px) 100vw, 1024px\" \/><\/figure>\n\n\n\n<figure class=\"wp-block-image size-large\"><img decoding=\"async\" width=\"1024\" height=\"683\" data-id=\"7028\" src=\"https:\/\/mostra.es\/wp-content\/uploads\/2026\/04\/XXXII-Concurso-de-Noveis-Desenadores-2026-00003-1024x683.jpg\" alt=\"\" class=\"wp-image-7028\" title=\"\" srcset=\"https:\/\/mostra.es\/wp-content\/uploads\/2026\/04\/XXXII-Concurso-de-Noveis-Desenadores-2026-00003-1024x683.jpg 1024w, https:\/\/mostra.es\/wp-content\/uploads\/2026\/04\/XXXII-Concurso-de-Noveis-Desenadores-2026-00003-300x200.jpg 300w, https:\/\/mostra.es\/wp-content\/uploads\/2026\/04\/XXXII-Concurso-de-Noveis-Desenadores-2026-00003-768x512.jpg 768w, https:\/\/mostra.es\/wp-content\/uploads\/2026\/04\/XXXII-Concurso-de-Noveis-Desenadores-2026-00003-18x12.jpg 18w, https:\/\/mostra.es\/wp-content\/uploads\/2026\/04\/XXXII-Concurso-de-Noveis-Desenadores-2026-00003.jpg 1500w\" sizes=\"(max-width: 1024px) 100vw, 1024px\" \/><\/figure>\n\n\n\n<figure class=\"wp-block-image size-large\"><img loading=\"lazy\" decoding=\"async\" width=\"1024\" height=\"683\" data-id=\"7029\" src=\"https:\/\/mostra.es\/wp-content\/uploads\/2026\/04\/XXXII-Concurso-de-Noveis-Desenadores-2026-00004-1024x683.jpg\" alt=\"\" class=\"wp-image-7029\" title=\"\" srcset=\"https:\/\/mostra.es\/wp-content\/uploads\/2026\/04\/XXXII-Concurso-de-Noveis-Desenadores-2026-00004-1024x683.jpg 1024w, https:\/\/mostra.es\/wp-content\/uploads\/2026\/04\/XXXII-Concurso-de-Noveis-Desenadores-2026-00004-300x200.jpg 300w, https:\/\/mostra.es\/wp-content\/uploads\/2026\/04\/XXXII-Concurso-de-Noveis-Desenadores-2026-00004-768x512.jpg 768w, https:\/\/mostra.es\/wp-content\/uploads\/2026\/04\/XXXII-Concurso-de-Noveis-Desenadores-2026-00004-18x12.jpg 18w, https:\/\/mostra.es\/wp-content\/uploads\/2026\/04\/XXXII-Concurso-de-Noveis-Desenadores-2026-00004.jpg 1500w\" sizes=\"(max-width: 1024px) 100vw, 1024px\" \/><\/figure>\n\n\n\n<figure class=\"wp-block-image size-large\"><img loading=\"lazy\" decoding=\"async\" width=\"1024\" height=\"575\" data-id=\"7031\" src=\"https:\/\/mostra.es\/wp-content\/uploads\/2026\/04\/XXXII-Concurso-de-Noveis-Desenadores-2026-00006-1024x575.jpg\" alt=\"\" class=\"wp-image-7031\" title=\"\" srcset=\"https:\/\/mostra.es\/wp-content\/uploads\/2026\/04\/XXXII-Concurso-de-Noveis-Desenadores-2026-00006-1024x575.jpg 1024w, https:\/\/mostra.es\/wp-content\/uploads\/2026\/04\/XXXII-Concurso-de-Noveis-Desenadores-2026-00006-300x168.jpg 300w, https:\/\/mostra.es\/wp-content\/uploads\/2026\/04\/XXXII-Concurso-de-Noveis-Desenadores-2026-00006-768x431.jpg 768w, https:\/\/mostra.es\/wp-content\/uploads\/2026\/04\/XXXII-Concurso-de-Noveis-Desenadores-2026-00006-18x10.jpg 18w, https:\/\/mostra.es\/wp-content\/uploads\/2026\/04\/XXXII-Concurso-de-Noveis-Desenadores-2026-00006.jpg 1500w\" sizes=\"(max-width: 1024px) 100vw, 1024px\" \/><\/figure>\n<\/figure>\n\n\n\n<p>La mayor\u00eda de los seleccionados pertenecen a las siguientes escuelas: Valencia, Susa Su\u00e1rez Santiago de Compostela, SD Mestre Mateo, Escuela Superior de Moda de Sevilla, Barreira A+D, Estaci\u00f3n de Dise\u00f1o de Granada, Artediez Madrid, Cesine Cantabria y Goymar Escuela Superior de Dise\u00f1o.<\/p>\n\n\n\n<p>Un total de 25 colecciones desfilar\u00e1n por la pasarela de la XXXV Mostra do Encaixe de Camari\u00f1as: Amodi\u00f1o, As b\u00e1goas, Expediente 1885, Arch\u00e9, El Velo del Tiempo, Tecidas na Terra, Albor, Araiz, Voces del duelo, As vi\u00favas dos vivos, Candelaria, Vestixios do mor\u00e1na, Al\u00e9n, Febra, Cuerpos Sumergidos, Love Buried, Cuarto menguante, Mater Sanct, Auricas, Simbiosis, Perlas del mar, Entre bosque y marea, Indomable, Entre piel y estructura y La costa que habla.&nbsp;<\/p>\n\n\n\n<p><strong>Premios<\/strong><\/p>\n\n\n\n<p>El objetivo principal del concurso es fomentar y promover la aplicaci\u00f3n del encaje de Camari\u00f1as en la moda. La principal novedad de esta edici\u00f3n es que se otorgar\u00e1n premios a las cuatro mejores colecciones, seg\u00fan la valoraci\u00f3n del jurado oficial. El primer premio estar\u00e1 dotado con 2.100 euros, el segundo con 1.200 euros, el tercero con 700 euros y el cuarto con 500 euros.<\/p>\n\n\n\n<p>El domingo 5 de abril se anunciar\u00e1 el veredicto del jurado.<\/p>\n\n\n\n<figure class=\"wp-block-embed is-type-video is-provider-youtube wp-block-embed-youtube wp-embed-aspect-16-9 wp-has-aspect-ratio\"><div class=\"wp-block-embed__wrapper\">\n<iframe title=\"Spot XXXV Exposici\u00f3n de Encajes de Camari\u00f1as 2026\" width=\"800\" height=\"450\" src=\"https:\/\/www.youtube.com\/embed\/D7fdQ6-G5Do?feature=oembed\" frameborder=\"0\" allow=\"accelerometer; autoplay; clipboard-write; encrypted-media; gyroscope; picture-in-picture; web-share\" referrerpolicy=\"strict-origin-when-cross-origin\" allowfullscreen><\/iframe>\n<\/div><\/figure>","protected":false},"excerpt":{"rendered":"<p>Hoy, los grupos &#039;A&#039; y &#039;B&#039; de la competici\u00f3n desfilaron por la pasarela de la XXXV Mostra do Encaixe.\u00a0<\/p>\n<p>En total, hay 25 colecciones finalistas, con chicos y chicas pertenecientes a escuelas de diferentes partes de Galicia y Espa\u00f1a.<\/p>","protected":false},"author":1,"featured_media":7030,"comment_status":"open","ping_status":"closed","sticky":false,"template":"","format":"standard","meta":{"footnotes":""},"categories":[10],"tags":[168,567],"class_list":["post-7025","post","type-post","status-publish","format-standard","has-post-thumbnail","hentry","category-prensa","tag-concurso-de-noveis-desenadores","tag-xxxv-mostra-do-encaixe"],"_links":{"self":[{"href":"https:\/\/mostra.es\/es\/wp-json\/wp\/v2\/posts\/7025","targetHints":{"allow":["GET"]}}],"collection":[{"href":"https:\/\/mostra.es\/es\/wp-json\/wp\/v2\/posts"}],"about":[{"href":"https:\/\/mostra.es\/es\/wp-json\/wp\/v2\/types\/post"}],"author":[{"embeddable":true,"href":"https:\/\/mostra.es\/es\/wp-json\/wp\/v2\/users\/1"}],"replies":[{"embeddable":true,"href":"https:\/\/mostra.es\/es\/wp-json\/wp\/v2\/comments?post=7025"}],"version-history":[{"count":1,"href":"https:\/\/mostra.es\/es\/wp-json\/wp\/v2\/posts\/7025\/revisions"}],"predecessor-version":[{"id":7032,"href":"https:\/\/mostra.es\/es\/wp-json\/wp\/v2\/posts\/7025\/revisions\/7032"}],"wp:featuredmedia":[{"embeddable":true,"href":"https:\/\/mostra.es\/es\/wp-json\/wp\/v2\/media\/7030"}],"wp:attachment":[{"href":"https:\/\/mostra.es\/es\/wp-json\/wp\/v2\/media?parent=7025"}],"wp:term":[{"taxonomy":"category","embeddable":true,"href":"https:\/\/mostra.es\/es\/wp-json\/wp\/v2\/categories?post=7025"},{"taxonomy":"post_tag","embeddable":true,"href":"https:\/\/mostra.es\/es\/wp-json\/wp\/v2\/tags?post=7025"}],"curies":[{"name":"gracias","href":"https:\/\/api.w.org\/{rel}","templated":true}]}}