{"id":7016,"date":"2026-04-02T22:02:47","date_gmt":"2026-04-02T20:02:47","guid":{"rendered":"https:\/\/mostra.es\/?p=7016"},"modified":"2026-04-02T22:10:58","modified_gmt":"2026-04-02T20:10:58","slug":"nerea-pallares-con-telarana-y-anxo-mouso-con-princesa-dorada-debutan-las-presentaciones-literarias-de-la-xxxv-exposicion-de-encaje","status":"publish","type":"post","link":"https:\/\/mostra.es\/es\/actualidade\/prensa\/nerea-pallares-con-punto-de-arana-e-anxo-mouzo-con-a-princesa-dourada-estrean-as-presentacions-literarias-da-xxxv-mostra-do-encaixe\/","title":{"rendered":"Nerea Pallares, con &#039;Punto de Ara\u00f1o&#039; y Anxo Mouzo, con &#039;A Princesa Dourada&#039;, estrenan las presentaciones literarias de la XXXV Mostra do Encaixe"},"content":{"rendered":"<p>Hoy, jueves 2 de abril, dieron comienzo las presentaciones literarias de la Exposici\u00f3n de Encaje de Camari\u00f1as de la Diputaci\u00f3n Provincial de A Coru\u00f1a. Las principales autoras del d\u00eda fueron Nerea Pallares, con su obra &#039;Punto de Ara\u00f1a&#039;, y Anxo Mouzo, con &#039;A Princesa Dourada&#039;.<\/p>\n\n\n\n<p>\u2018Punto de Ara\u00f1a\u2019, de Nerea Pallares, ya ha sido galardonada con el Premio Garc\u00eda Barros. Esta obra nos sumerge en una historia marina y coral ambientada en nuestra Costa da Morte, tejida con las voces de tres generaciones de mujeres. Es un verdadero y hermoso homenaje a las manos que trabajan en silencio y tejen las redes invisibles que nos sostienen.&nbsp;<\/p>\n\n\n\n<p>La alcaldesa, Sandra Insua, destac\u00f3 que desde el Ayuntamiento &quot;nos sentimos muy orgullosos de ver reflejada en esta obra la esencia de nuestra gente y el esp\u00edritu de nuestras mujeres, algo que conecta profundamente con el incansable trabajo de nuestras propias palilleiras&quot;.<\/p>\n\n\n\n<p>Por otro lado, \u2018La Princesa Dorada\u2019 es la primera novela de Anxo Mouzo Moreira, residente de Camelle. Esta obra de fantas\u00eda juvenil combina magistralmente magia y \u00e9pica con la vida cotidiana de la Costa da Morte. En esta historia, Xos\u00e9 y Marica demuestran que grandes aventuras y reinos fant\u00e1sticos tambi\u00e9n pueden nacer de nuestras calles y de nuestra gente.<\/p>\n\n\n\n<p>\u201cSentimos un inmenso orgullo al ver c\u00f3mo las nuevas generaciones llevan el nombre de nuestra tierra a la literatura y demuestran su capacidad para crear mundos imaginarios sin perder las ra\u00edces de su patria. Es un verdadero privilegio apoyar y dar voz a creadores como \u00e9l\u201d, declar\u00f3 el alcalde.<\/p>\n\n\n\n<figure class=\"wp-block-gallery has-nested-images columns-default is-cropped wp-block-gallery-1 is-layout-flex wp-block-gallery-is-layout-flex\">\n<figure class=\"wp-block-image size-large\"><img fetchpriority=\"high\" decoding=\"async\" width=\"1024\" height=\"683\" data-id=\"7020\" src=\"https:\/\/mostra.es\/wp-content\/uploads\/2026\/04\/Presentacions-Literarias-na-XXXV-Mostra-do-Encaixe-Nerea-Pallares-e-Anxo-Mouzo-00004-1024x683.jpg\" alt=\"\" class=\"wp-image-7020\" title=\"\" srcset=\"https:\/\/mostra.es\/wp-content\/uploads\/2026\/04\/Presentacions-Literarias-na-XXXV-Mostra-do-Encaixe-Nerea-Pallares-e-Anxo-Mouzo-00004-1024x683.jpg 1024w, https:\/\/mostra.es\/wp-content\/uploads\/2026\/04\/Presentacions-Literarias-na-XXXV-Mostra-do-Encaixe-Nerea-Pallares-e-Anxo-Mouzo-00004-300x200.jpg 300w, https:\/\/mostra.es\/wp-content\/uploads\/2026\/04\/Presentacions-Literarias-na-XXXV-Mostra-do-Encaixe-Nerea-Pallares-e-Anxo-Mouzo-00004-768x512.jpg 768w, https:\/\/mostra.es\/wp-content\/uploads\/2026\/04\/Presentacions-Literarias-na-XXXV-Mostra-do-Encaixe-Nerea-Pallares-e-Anxo-Mouzo-00004-18x12.jpg 18w, https:\/\/mostra.es\/wp-content\/uploads\/2026\/04\/Presentacions-Literarias-na-XXXV-Mostra-do-Encaixe-Nerea-Pallares-e-Anxo-Mouzo-00004.jpg 1500w\" sizes=\"(max-width: 1024px) 100vw, 1024px\" \/><\/figure>\n\n\n\n<figure class=\"wp-block-image size-large\"><img decoding=\"async\" width=\"1024\" height=\"683\" data-id=\"7019\" src=\"https:\/\/mostra.es\/wp-content\/uploads\/2026\/04\/Presentacions-Literarias-na-XXXV-Mostra-do-Encaixe-Nerea-Pallares-e-Anxo-Mouzo-00003-1024x683.jpg\" alt=\"\" class=\"wp-image-7019\" title=\"\" srcset=\"https:\/\/mostra.es\/wp-content\/uploads\/2026\/04\/Presentacions-Literarias-na-XXXV-Mostra-do-Encaixe-Nerea-Pallares-e-Anxo-Mouzo-00003-1024x683.jpg 1024w, https:\/\/mostra.es\/wp-content\/uploads\/2026\/04\/Presentacions-Literarias-na-XXXV-Mostra-do-Encaixe-Nerea-Pallares-e-Anxo-Mouzo-00003-300x200.jpg 300w, https:\/\/mostra.es\/wp-content\/uploads\/2026\/04\/Presentacions-Literarias-na-XXXV-Mostra-do-Encaixe-Nerea-Pallares-e-Anxo-Mouzo-00003-768x512.jpg 768w, https:\/\/mostra.es\/wp-content\/uploads\/2026\/04\/Presentacions-Literarias-na-XXXV-Mostra-do-Encaixe-Nerea-Pallares-e-Anxo-Mouzo-00003-18x12.jpg 18w, https:\/\/mostra.es\/wp-content\/uploads\/2026\/04\/Presentacions-Literarias-na-XXXV-Mostra-do-Encaixe-Nerea-Pallares-e-Anxo-Mouzo-00003.jpg 1500w\" sizes=\"(max-width: 1024px) 100vw, 1024px\" \/><\/figure>\n\n\n\n<figure class=\"wp-block-image size-large\"><img decoding=\"async\" width=\"1024\" height=\"683\" data-id=\"7018\" src=\"https:\/\/mostra.es\/wp-content\/uploads\/2026\/04\/Presentacions-Literarias-na-XXXV-Mostra-do-Encaixe-Nerea-Pallares-e-Anxo-Mouzo-00002-1024x683.jpg\" alt=\"\" class=\"wp-image-7018\" title=\"\" srcset=\"https:\/\/mostra.es\/wp-content\/uploads\/2026\/04\/Presentacions-Literarias-na-XXXV-Mostra-do-Encaixe-Nerea-Pallares-e-Anxo-Mouzo-00002-1024x683.jpg 1024w, https:\/\/mostra.es\/wp-content\/uploads\/2026\/04\/Presentacions-Literarias-na-XXXV-Mostra-do-Encaixe-Nerea-Pallares-e-Anxo-Mouzo-00002-300x200.jpg 300w, https:\/\/mostra.es\/wp-content\/uploads\/2026\/04\/Presentacions-Literarias-na-XXXV-Mostra-do-Encaixe-Nerea-Pallares-e-Anxo-Mouzo-00002-768x512.jpg 768w, https:\/\/mostra.es\/wp-content\/uploads\/2026\/04\/Presentacions-Literarias-na-XXXV-Mostra-do-Encaixe-Nerea-Pallares-e-Anxo-Mouzo-00002-18x12.jpg 18w, https:\/\/mostra.es\/wp-content\/uploads\/2026\/04\/Presentacions-Literarias-na-XXXV-Mostra-do-Encaixe-Nerea-Pallares-e-Anxo-Mouzo-00002.jpg 1500w\" sizes=\"(max-width: 1024px) 100vw, 1024px\" \/><\/figure>\n\n\n\n<figure class=\"wp-block-image size-large\"><img loading=\"lazy\" decoding=\"async\" width=\"1024\" height=\"683\" data-id=\"7017\" src=\"https:\/\/mostra.es\/wp-content\/uploads\/2026\/04\/Presentacions-Literarias-na-XXXV-Mostra-do-Encaixe-Nerea-Pallares-e-Anxo-Mouzo-00001-1024x683.jpg\" alt=\"\" class=\"wp-image-7017\" title=\"\" srcset=\"https:\/\/mostra.es\/wp-content\/uploads\/2026\/04\/Presentacions-Literarias-na-XXXV-Mostra-do-Encaixe-Nerea-Pallares-e-Anxo-Mouzo-00001-1024x683.jpg 1024w, https:\/\/mostra.es\/wp-content\/uploads\/2026\/04\/Presentacions-Literarias-na-XXXV-Mostra-do-Encaixe-Nerea-Pallares-e-Anxo-Mouzo-00001-300x200.jpg 300w, https:\/\/mostra.es\/wp-content\/uploads\/2026\/04\/Presentacions-Literarias-na-XXXV-Mostra-do-Encaixe-Nerea-Pallares-e-Anxo-Mouzo-00001-768x512.jpg 768w, https:\/\/mostra.es\/wp-content\/uploads\/2026\/04\/Presentacions-Literarias-na-XXXV-Mostra-do-Encaixe-Nerea-Pallares-e-Anxo-Mouzo-00001-18x12.jpg 18w, https:\/\/mostra.es\/wp-content\/uploads\/2026\/04\/Presentacions-Literarias-na-XXXV-Mostra-do-Encaixe-Nerea-Pallares-e-Anxo-Mouzo-00001.jpg 1500w\" sizes=\"(max-width: 1024px) 100vw, 1024px\" \/><\/figure>\n<\/figure>\n\n\n\n<p><strong>Pr\u00f3ximas presentaciones<\/strong><\/p>\n\n\n\n<p>El programa literario continuar\u00e1 en <strong>Viernes, 3 de abril<\/strong> A las 12:00 con la presentaci\u00f3n de &#039;Los \u00e1ngeles acusadores&#039; por su autor, Diego Garrote.&nbsp;<\/p>\n\n\n\n<p>El <strong>S\u00e1bado, 4 de abril<\/strong> El recinto acoger\u00e1 dos nuevos eventos. A las 11:40 h, Alfonso de Sas presentar\u00e1 \u20181898 \u2013 El padre ausente\u2019, la \u00faltima parte de la trilog\u00eda de \u2018El cementerio de los ingleses\u2019. Finalmente, ese mismo s\u00e1bado a las 12:00 h, se presentar\u00e1 \u2018A Costa da Morte, naturalmente \u00fanica\u2019, de Xan Fern\u00e1ndez Carrera y Antonio Fern\u00e1ndez, un acto que ser\u00e1 presentado por Pepe Formoso.&nbsp;<\/p>\n\n\n\n<figure class=\"wp-block-embed is-type-video is-provider-youtube wp-block-embed-youtube wp-embed-aspect-16-9 wp-has-aspect-ratio\"><div class=\"wp-block-embed__wrapper\">\n<iframe title=\"Spot XXXV Exposici\u00f3n de Encajes de Camari\u00f1as 2026\" width=\"800\" height=\"450\" src=\"https:\/\/www.youtube.com\/embed\/D7fdQ6-G5Do?feature=oembed\" frameborder=\"0\" allow=\"accelerometer; autoplay; clipboard-write; encrypted-media; gyroscope; picture-in-picture; web-share\" referrerpolicy=\"strict-origin-when-cross-origin\" allowfullscreen><\/iframe>\n<\/div><\/figure>","protected":false},"excerpt":{"rendered":"<p>Ma\u00f1ana viernes 3 y s\u00e1bado 4 de abril continuar\u00e1n Diego Garrote, Alfonso de Sas, Xan Fern\u00e1ndez Carrera y Antonio Fern\u00e1ndez.\u00a0<\/p>","protected":false},"author":1,"featured_media":7018,"comment_status":"open","ping_status":"closed","sticky":false,"template":"","format":"standard","meta":{"footnotes":""},"categories":[10],"tags":[390,501,567],"class_list":["post-7016","post","type-post","status-publish","format-standard","has-post-thumbnail","hentry","category-prensa","tag-literatura","tag-presentacions","tag-xxxv-mostra-do-encaixe"],"_links":{"self":[{"href":"https:\/\/mostra.es\/es\/wp-json\/wp\/v2\/posts\/7016","targetHints":{"allow":["GET"]}}],"collection":[{"href":"https:\/\/mostra.es\/es\/wp-json\/wp\/v2\/posts"}],"about":[{"href":"https:\/\/mostra.es\/es\/wp-json\/wp\/v2\/types\/post"}],"author":[{"embeddable":true,"href":"https:\/\/mostra.es\/es\/wp-json\/wp\/v2\/users\/1"}],"replies":[{"embeddable":true,"href":"https:\/\/mostra.es\/es\/wp-json\/wp\/v2\/comments?post=7016"}],"version-history":[{"count":1,"href":"https:\/\/mostra.es\/es\/wp-json\/wp\/v2\/posts\/7016\/revisions"}],"predecessor-version":[{"id":7021,"href":"https:\/\/mostra.es\/es\/wp-json\/wp\/v2\/posts\/7016\/revisions\/7021"}],"wp:featuredmedia":[{"embeddable":true,"href":"https:\/\/mostra.es\/es\/wp-json\/wp\/v2\/media\/7018"}],"wp:attachment":[{"href":"https:\/\/mostra.es\/es\/wp-json\/wp\/v2\/media?parent=7016"}],"wp:term":[{"taxonomy":"category","embeddable":true,"href":"https:\/\/mostra.es\/es\/wp-json\/wp\/v2\/categories?post=7016"},{"taxonomy":"post_tag","embeddable":true,"href":"https:\/\/mostra.es\/es\/wp-json\/wp\/v2\/tags?post=7016"}],"curies":[{"name":"gracias","href":"https:\/\/api.w.org\/{rel}","templated":true}]}}