{"id":6961,"date":"2026-04-02T08:28:03","date_gmt":"2026-04-02T06:28:03","guid":{"rendered":"https:\/\/mostra.es\/?p=6961"},"modified":"2026-04-02T10:03:10","modified_gmt":"2026-04-02T08:03:10","slug":"el-encaje-de-los-vestidores-brilla-con-luz-propia-en-las-colecciones-de-los-grandes-disenadores-en-la-muestra-2","status":"publish","type":"post","link":"https:\/\/mostra.es\/es\/actualidade\/prensa\/o-encaixe-de-camarinas-brilla-con-luz-propia-nas-coleccions-dos-grandes-desenadores-da-mostra-2\/","title":{"rendered":"El encaje de Camarinas brilla con luz propia en las colecciones de los Grandes Dise\u00f1adores de la Mostra.\u00a0"},"content":{"rendered":"<p>El desfile de Grandes Dise\u00f1adores, junto con los ni\u00f1os de PequEncaixe, inaugur\u00f3 un a\u00f1o m\u00e1s la XXXV Exposici\u00f3n de Encaje de Camari\u00f1as y las firmas, de reconocido prestigio a nivel nacional e internacional, demostraron que el encaje tiene la capacidad de brillar con luz propia en la moda contempor\u00e1nea.\u00a0<\/p>\n\n\n\n<p>En esta trig\u00e9sima cuarta edici\u00f3n participan 12 firmas: Ana Cabranes, Andion Clothing, Claudina Mata, Devota &amp; Lomba, Innamoretto, El Pulpo, Dolores Cort\u00e9s, Jos\u00e9 Perea, Xoaqu\u00edn Ru\u00edz, MATTE\u00d4S Bridal, \u00d4SE Couture y la firma local Ondas do Mar.<\/p>\n\n\n\n<p>El dise\u00f1ador asturiano <strong>Ana Cabranes<\/strong>, que participa en el evento desde 2003, presenta una colecci\u00f3n c\u00e1psula que destaca por tener mucha luz y una sensaci\u00f3n de fusi\u00f3n del encaje con el tono, siendo todo uno. <strong>Joaqu\u00edn Ruiz<\/strong>, que comenz\u00f3 participando en el concurso New Designers y pas\u00f3 por la pasarela Emerging Brand para dar el salto este a\u00f1o a Great Designers, presenta una colecci\u00f3n \u201cque gira en torno a la delicadeza de los detalles y la fuerza del artesano, donde Andaluc\u00eda se encuentra con Galicia\u201d.<\/p>\n\n\n\n<p>La marca gallega <strong>Andi\u00f3n<\/strong>, Josefina Campa\u00f1a, fundada por madre e hija, regres\u00f3 a la Mostra y esta vez se compromete a \u201cdar a\u00fan m\u00e1s protagonismo al encaje, centr\u00e1ndose en la novia contempor\u00e1nea pero siempre con una base tradicional en los tejidos\u201d. <strong>Olas del mar<\/strong>, Este a\u00f1o, da el salto a la pasarela de Grandes Firmas procedente de ArtEncaixe y presenta \u201cla mezcla de ideas que me salen de la cabeza a cada segundo, la mezcla de encaje e hilo\u201d.&nbsp;<\/p>\n\n\n\n<p>La granadina <strong>Claudina Mata<\/strong> presenta una nueva colecci\u00f3n de vestidos de novia \u201cen la que exploro la feminidad desde un punto de vista contempor\u00e1neo\u201d. <strong>DEVOTE&amp;LOMBA<\/strong> Integra \u201cencaje con sombreros, donde unimos tradici\u00f3n y vanguardia\u201d.<\/p>\n\n\n\n<p>El dise\u00f1ador valenciano <strong>Dolores Cortes<\/strong> No pod\u00eda faltar a la Mostra y presenta su nueva colecci\u00f3n de trajes de ba\u00f1o para el verano de 2026, inspirada en la cultura n\u00f3mada mas\u00e1i &quot;para fusionar tradici\u00f3n y modernidad con estampados que reflejan una profunda conexi\u00f3n con la naturaleza&quot;.&nbsp;<\/p>\n\n\n\n<p>El dise\u00f1ador andaluz <strong>Jos\u00e9 Perea<\/strong>, uno de los perfiles m\u00e1s medi\u00e1ticos, audaces e innovadores del panorama actual de la moda espa\u00f1ola, hizo su debut en la pasarela gallega con una colecci\u00f3n c\u00e1psula &quot;con mucho volumen y vestidos elegantes pero transparentes&quot;.<\/p>\n\n\n\n<p>La empresa gallega <strong>El pulpo<\/strong> regresa tras su \u00e9xito en 2024 y ampl\u00eda sus dise\u00f1os con propuestas femeninas para su l\u00ednea &#039;Teen&#039; con su colecci\u00f3n c\u00e1psula &#039;Encaixe de Amor&#039;. El d\u00fao asturiano <strong>Innamoretto<\/strong>, formada por Ignacio Mu\u00f1oz y Claudia Gonz\u00e1lez, debuta en el evento fusionando el &#039;streetwear&#039;, la sastrer\u00eda cl\u00e1sica y el cuero con la tradici\u00f3n de las palilleras.<\/p>\n\n\n\n<p>Finalmente, Jos\u00e9 Matteos duplica su presencia en la Mostra un a\u00f1o m\u00e1s presentando dos obras de su firma: <strong>\u00d4SE Couture<\/strong> y <strong>MATTE\u00d4S Bridal<\/strong>. &#039;Camari\u00f1as, tierra querida&#039; es la colecci\u00f3n nupcial de MATTE\u00d4S, dirigida a novias que buscan piezas especiales y valoran el trabajo artesanal; y &#039;Galicia Eterna&#039;, el contrapunto conceptual de \u00d4SE Couture, &quot;una propuesta muy s\u00f3lida que conecta con mis ra\u00edces&quot;.<\/p>\n\n\n\n<h2 class=\"wp-block-heading\">Galer\u00eda fotogr\u00e1fica del desfile de los Grandes Dise\u00f1adores<\/h2>\n\n\n\n<figure class=\"wp-block-gallery has-nested-images columns-1 wp-block-gallery-1 is-layout-flex wp-block-gallery-is-layout-flex\">\n<figure class=\"wp-block-image size-full\"><img fetchpriority=\"high\" decoding=\"async\" width=\"1500\" height=\"1000\" data-id=\"6964\" src=\"https:\/\/mostra.es\/wp-content\/uploads\/2026\/04\/Desfile-Grandes-Desenadores-Mercores-2026-00001.jpg\" alt=\"\" class=\"wp-image-6964\" title=\"\" srcset=\"https:\/\/mostra.es\/wp-content\/uploads\/2026\/04\/Desfile-Grandes-Desenadores-Mercores-2026-00001.jpg 1500w, https:\/\/mostra.es\/wp-content\/uploads\/2026\/04\/Desfile-Grandes-Desenadores-Mercores-2026-00001-300x200.jpg 300w, https:\/\/mostra.es\/wp-content\/uploads\/2026\/04\/Desfile-Grandes-Desenadores-Mercores-2026-00001-1024x683.jpg 1024w, https:\/\/mostra.es\/wp-content\/uploads\/2026\/04\/Desfile-Grandes-Desenadores-Mercores-2026-00001-768x512.jpg 768w, https:\/\/mostra.es\/wp-content\/uploads\/2026\/04\/Desfile-Grandes-Desenadores-Mercores-2026-00001-18x12.jpg 18w\" sizes=\"(max-width: 1500px) 100vw, 1500px\" \/><\/figure>\n\n\n\n<figure class=\"wp-block-image size-full\"><img decoding=\"async\" width=\"1000\" height=\"1500\" data-id=\"6965\" src=\"https:\/\/mostra.es\/wp-content\/uploads\/2026\/04\/Desfile-Grandes-Desenadores-Mercores-2026-00002.jpg\" alt=\"\" class=\"wp-image-6965\" title=\"\" srcset=\"https:\/\/mostra.es\/wp-content\/uploads\/2026\/04\/Desfile-Grandes-Desenadores-Mercores-2026-00002.jpg 1000w, https:\/\/mostra.es\/wp-content\/uploads\/2026\/04\/Desfile-Grandes-Desenadores-Mercores-2026-00002-200x300.jpg 200w, https:\/\/mostra.es\/wp-content\/uploads\/2026\/04\/Desfile-Grandes-Desenadores-Mercores-2026-00002-683x1024.jpg 683w, https:\/\/mostra.es\/wp-content\/uploads\/2026\/04\/Desfile-Grandes-Desenadores-Mercores-2026-00002-768x1152.jpg 768w, https:\/\/mostra.es\/wp-content\/uploads\/2026\/04\/Desfile-Grandes-Desenadores-Mercores-2026-00002-8x12.jpg 8w\" sizes=\"(max-width: 1000px) 100vw, 1000px\" \/><\/figure>\n\n\n\n<figure class=\"wp-block-image size-full\"><img decoding=\"async\" width=\"1000\" height=\"1500\" data-id=\"6966\" src=\"https:\/\/mostra.es\/wp-content\/uploads\/2026\/04\/Desfile-Grandes-Desenadores-Mercores-2026-00003.jpg\" alt=\"\" class=\"wp-image-6966\" title=\"\" srcset=\"https:\/\/mostra.es\/wp-content\/uploads\/2026\/04\/Desfile-Grandes-Desenadores-Mercores-2026-00003.jpg 1000w, https:\/\/mostra.es\/wp-content\/uploads\/2026\/04\/Desfile-Grandes-Desenadores-Mercores-2026-00003-200x300.jpg 200w, https:\/\/mostra.es\/wp-content\/uploads\/2026\/04\/Desfile-Grandes-Desenadores-Mercores-2026-00003-683x1024.jpg 683w, https:\/\/mostra.es\/wp-content\/uploads\/2026\/04\/Desfile-Grandes-Desenadores-Mercores-2026-00003-768x1152.jpg 768w, https:\/\/mostra.es\/wp-content\/uploads\/2026\/04\/Desfile-Grandes-Desenadores-Mercores-2026-00003-8x12.jpg 8w\" sizes=\"(max-width: 1000px) 100vw, 1000px\" \/><\/figure>\n\n\n\n<figure class=\"wp-block-image size-full\"><img loading=\"lazy\" decoding=\"async\" width=\"1000\" height=\"1500\" data-id=\"6967\" src=\"https:\/\/mostra.es\/wp-content\/uploads\/2026\/04\/Desfile-Grandes-Desenadores-Mercores-2026-00004.jpg\" alt=\"\" class=\"wp-image-6967\" title=\"\" srcset=\"https:\/\/mostra.es\/wp-content\/uploads\/2026\/04\/Desfile-Grandes-Desenadores-Mercores-2026-00004.jpg 1000w, https:\/\/mostra.es\/wp-content\/uploads\/2026\/04\/Desfile-Grandes-Desenadores-Mercores-2026-00004-200x300.jpg 200w, https:\/\/mostra.es\/wp-content\/uploads\/2026\/04\/Desfile-Grandes-Desenadores-Mercores-2026-00004-683x1024.jpg 683w, https:\/\/mostra.es\/wp-content\/uploads\/2026\/04\/Desfile-Grandes-Desenadores-Mercores-2026-00004-768x1152.jpg 768w, https:\/\/mostra.es\/wp-content\/uploads\/2026\/04\/Desfile-Grandes-Desenadores-Mercores-2026-00004-8x12.jpg 8w\" sizes=\"(max-width: 1000px) 100vw, 1000px\" \/><\/figure>\n\n\n\n<figure class=\"wp-block-image size-full\"><img loading=\"lazy\" decoding=\"async\" width=\"1500\" height=\"1000\" data-id=\"6968\" src=\"https:\/\/mostra.es\/wp-content\/uploads\/2026\/04\/Desfile-Grandes-Desenadores-Mercores-2026-00005.jpg\" alt=\"\" class=\"wp-image-6968\" title=\"\" srcset=\"https:\/\/mostra.es\/wp-content\/uploads\/2026\/04\/Desfile-Grandes-Desenadores-Mercores-2026-00005.jpg 1500w, https:\/\/mostra.es\/wp-content\/uploads\/2026\/04\/Desfile-Grandes-Desenadores-Mercores-2026-00005-300x200.jpg 300w, https:\/\/mostra.es\/wp-content\/uploads\/2026\/04\/Desfile-Grandes-Desenadores-Mercores-2026-00005-1024x683.jpg 1024w, https:\/\/mostra.es\/wp-content\/uploads\/2026\/04\/Desfile-Grandes-Desenadores-Mercores-2026-00005-768x512.jpg 768w, https:\/\/mostra.es\/wp-content\/uploads\/2026\/04\/Desfile-Grandes-Desenadores-Mercores-2026-00005-18x12.jpg 18w\" sizes=\"(max-width: 1500px) 100vw, 1500px\" \/><\/figure>\n\n\n\n<figure class=\"wp-block-image size-full\"><img loading=\"lazy\" decoding=\"async\" width=\"1000\" height=\"1500\" data-id=\"6969\" src=\"https:\/\/mostra.es\/wp-content\/uploads\/2026\/04\/Desfile-Grandes-Desenadores-Mercores-2026-00006.jpg\" alt=\"\" class=\"wp-image-6969\" title=\"\" srcset=\"https:\/\/mostra.es\/wp-content\/uploads\/2026\/04\/Desfile-Grandes-Desenadores-Mercores-2026-00006.jpg 1000w, https:\/\/mostra.es\/wp-content\/uploads\/2026\/04\/Desfile-Grandes-Desenadores-Mercores-2026-00006-200x300.jpg 200w, https:\/\/mostra.es\/wp-content\/uploads\/2026\/04\/Desfile-Grandes-Desenadores-Mercores-2026-00006-683x1024.jpg 683w, https:\/\/mostra.es\/wp-content\/uploads\/2026\/04\/Desfile-Grandes-Desenadores-Mercores-2026-00006-768x1152.jpg 768w, https:\/\/mostra.es\/wp-content\/uploads\/2026\/04\/Desfile-Grandes-Desenadores-Mercores-2026-00006-8x12.jpg 8w\" sizes=\"(max-width: 1000px) 100vw, 1000px\" \/><\/figure>\n\n\n\n<figure class=\"wp-block-image size-full\"><img loading=\"lazy\" decoding=\"async\" width=\"1000\" height=\"1500\" data-id=\"6970\" src=\"https:\/\/mostra.es\/wp-content\/uploads\/2026\/04\/Desfile-Grandes-Desenadores-Mercores-2026-00007.jpg\" alt=\"\" class=\"wp-image-6970\" title=\"\" srcset=\"https:\/\/mostra.es\/wp-content\/uploads\/2026\/04\/Desfile-Grandes-Desenadores-Mercores-2026-00007.jpg 1000w, https:\/\/mostra.es\/wp-content\/uploads\/2026\/04\/Desfile-Grandes-Desenadores-Mercores-2026-00007-200x300.jpg 200w, https:\/\/mostra.es\/wp-content\/uploads\/2026\/04\/Desfile-Grandes-Desenadores-Mercores-2026-00007-683x1024.jpg 683w, https:\/\/mostra.es\/wp-content\/uploads\/2026\/04\/Desfile-Grandes-Desenadores-Mercores-2026-00007-768x1152.jpg 768w, https:\/\/mostra.es\/wp-content\/uploads\/2026\/04\/Desfile-Grandes-Desenadores-Mercores-2026-00007-8x12.jpg 8w\" sizes=\"(max-width: 1000px) 100vw, 1000px\" \/><\/figure>\n\n\n\n<figure class=\"wp-block-image size-full\"><img loading=\"lazy\" decoding=\"async\" width=\"1500\" height=\"1000\" data-id=\"6971\" src=\"https:\/\/mostra.es\/wp-content\/uploads\/2026\/04\/Desfile-Grandes-Desenadores-Mercores-2026-00008.jpg\" alt=\"\" class=\"wp-image-6971\" title=\"\" srcset=\"https:\/\/mostra.es\/wp-content\/uploads\/2026\/04\/Desfile-Grandes-Desenadores-Mercores-2026-00008.jpg 1500w, https:\/\/mostra.es\/wp-content\/uploads\/2026\/04\/Desfile-Grandes-Desenadores-Mercores-2026-00008-300x200.jpg 300w, https:\/\/mostra.es\/wp-content\/uploads\/2026\/04\/Desfile-Grandes-Desenadores-Mercores-2026-00008-1024x683.jpg 1024w, https:\/\/mostra.es\/wp-content\/uploads\/2026\/04\/Desfile-Grandes-Desenadores-Mercores-2026-00008-768x512.jpg 768w, https:\/\/mostra.es\/wp-content\/uploads\/2026\/04\/Desfile-Grandes-Desenadores-Mercores-2026-00008-18x12.jpg 18w\" sizes=\"(max-width: 1500px) 100vw, 1500px\" \/><\/figure>\n\n\n\n<figure class=\"wp-block-image size-full\"><img loading=\"lazy\" decoding=\"async\" width=\"1500\" height=\"1000\" data-id=\"6972\" src=\"https:\/\/mostra.es\/wp-content\/uploads\/2026\/04\/Desfile-Grandes-Desenadores-Mercores-2026-00009.jpg\" alt=\"\" class=\"wp-image-6972\" title=\"\" srcset=\"https:\/\/mostra.es\/wp-content\/uploads\/2026\/04\/Desfile-Grandes-Desenadores-Mercores-2026-00009.jpg 1500w, https:\/\/mostra.es\/wp-content\/uploads\/2026\/04\/Desfile-Grandes-Desenadores-Mercores-2026-00009-300x200.jpg 300w, https:\/\/mostra.es\/wp-content\/uploads\/2026\/04\/Desfile-Grandes-Desenadores-Mercores-2026-00009-1024x683.jpg 1024w, https:\/\/mostra.es\/wp-content\/uploads\/2026\/04\/Desfile-Grandes-Desenadores-Mercores-2026-00009-768x512.jpg 768w, https:\/\/mostra.es\/wp-content\/uploads\/2026\/04\/Desfile-Grandes-Desenadores-Mercores-2026-00009-18x12.jpg 18w\" sizes=\"(max-width: 1500px) 100vw, 1500px\" \/><\/figure>\n\n\n\n<figure class=\"wp-block-image size-full\"><img loading=\"lazy\" decoding=\"async\" width=\"1000\" height=\"1500\" data-id=\"6973\" src=\"https:\/\/mostra.es\/wp-content\/uploads\/2026\/04\/Desfile-Grandes-Desenadores-Mercores-2026-00010.jpg\" alt=\"\" class=\"wp-image-6973\" title=\"\" srcset=\"https:\/\/mostra.es\/wp-content\/uploads\/2026\/04\/Desfile-Grandes-Desenadores-Mercores-2026-00010.jpg 1000w, https:\/\/mostra.es\/wp-content\/uploads\/2026\/04\/Desfile-Grandes-Desenadores-Mercores-2026-00010-200x300.jpg 200w, https:\/\/mostra.es\/wp-content\/uploads\/2026\/04\/Desfile-Grandes-Desenadores-Mercores-2026-00010-683x1024.jpg 683w, https:\/\/mostra.es\/wp-content\/uploads\/2026\/04\/Desfile-Grandes-Desenadores-Mercores-2026-00010-768x1152.jpg 768w, https:\/\/mostra.es\/wp-content\/uploads\/2026\/04\/Desfile-Grandes-Desenadores-Mercores-2026-00010-8x12.jpg 8w\" sizes=\"(max-width: 1000px) 100vw, 1000px\" \/><\/figure>\n\n\n\n<figure class=\"wp-block-image size-full\"><img loading=\"lazy\" decoding=\"async\" width=\"1000\" height=\"1500\" data-id=\"6974\" src=\"https:\/\/mostra.es\/wp-content\/uploads\/2026\/04\/Desfile-Grandes-Desenadores-Mercores-2026-00011.jpg\" alt=\"\" class=\"wp-image-6974\" title=\"\" srcset=\"https:\/\/mostra.es\/wp-content\/uploads\/2026\/04\/Desfile-Grandes-Desenadores-Mercores-2026-00011.jpg 1000w, https:\/\/mostra.es\/wp-content\/uploads\/2026\/04\/Desfile-Grandes-Desenadores-Mercores-2026-00011-200x300.jpg 200w, https:\/\/mostra.es\/wp-content\/uploads\/2026\/04\/Desfile-Grandes-Desenadores-Mercores-2026-00011-683x1024.jpg 683w, https:\/\/mostra.es\/wp-content\/uploads\/2026\/04\/Desfile-Grandes-Desenadores-Mercores-2026-00011-768x1152.jpg 768w, https:\/\/mostra.es\/wp-content\/uploads\/2026\/04\/Desfile-Grandes-Desenadores-Mercores-2026-00011-8x12.jpg 8w\" sizes=\"(max-width: 1000px) 100vw, 1000px\" \/><\/figure>\n\n\n\n<figure class=\"wp-block-image size-full\"><img loading=\"lazy\" decoding=\"async\" width=\"1000\" height=\"1500\" data-id=\"6975\" src=\"https:\/\/mostra.es\/wp-content\/uploads\/2026\/04\/Desfile-Grandes-Desenadores-Mercores-2026-00012.jpg\" alt=\"\" class=\"wp-image-6975\" title=\"\" srcset=\"https:\/\/mostra.es\/wp-content\/uploads\/2026\/04\/Desfile-Grandes-Desenadores-Mercores-2026-00012.jpg 1000w, https:\/\/mostra.es\/wp-content\/uploads\/2026\/04\/Desfile-Grandes-Desenadores-Mercores-2026-00012-200x300.jpg 200w, https:\/\/mostra.es\/wp-content\/uploads\/2026\/04\/Desfile-Grandes-Desenadores-Mercores-2026-00012-683x1024.jpg 683w, https:\/\/mostra.es\/wp-content\/uploads\/2026\/04\/Desfile-Grandes-Desenadores-Mercores-2026-00012-768x1152.jpg 768w, https:\/\/mostra.es\/wp-content\/uploads\/2026\/04\/Desfile-Grandes-Desenadores-Mercores-2026-00012-8x12.jpg 8w\" sizes=\"(max-width: 1000px) 100vw, 1000px\" \/><\/figure>\n\n\n\n<figure class=\"wp-block-image size-full\"><img loading=\"lazy\" decoding=\"async\" width=\"1500\" height=\"1000\" data-id=\"6976\" src=\"https:\/\/mostra.es\/wp-content\/uploads\/2026\/04\/Desfile-Grandes-Desenadores-Mercores-2026-00013.jpg\" alt=\"\" class=\"wp-image-6976\" title=\"\" srcset=\"https:\/\/mostra.es\/wp-content\/uploads\/2026\/04\/Desfile-Grandes-Desenadores-Mercores-2026-00013.jpg 1500w, https:\/\/mostra.es\/wp-content\/uploads\/2026\/04\/Desfile-Grandes-Desenadores-Mercores-2026-00013-300x200.jpg 300w, https:\/\/mostra.es\/wp-content\/uploads\/2026\/04\/Desfile-Grandes-Desenadores-Mercores-2026-00013-1024x683.jpg 1024w, https:\/\/mostra.es\/wp-content\/uploads\/2026\/04\/Desfile-Grandes-Desenadores-Mercores-2026-00013-768x512.jpg 768w, https:\/\/mostra.es\/wp-content\/uploads\/2026\/04\/Desfile-Grandes-Desenadores-Mercores-2026-00013-18x12.jpg 18w\" sizes=\"(max-width: 1500px) 100vw, 1500px\" \/><\/figure>\n\n\n\n<figure class=\"wp-block-image size-full\"><img loading=\"lazy\" decoding=\"async\" width=\"1000\" height=\"1500\" data-id=\"6977\" src=\"https:\/\/mostra.es\/wp-content\/uploads\/2026\/04\/Desfile-Grandes-Desenadores-Mercores-2026-00014.jpg\" alt=\"\" class=\"wp-image-6977\" title=\"\" srcset=\"https:\/\/mostra.es\/wp-content\/uploads\/2026\/04\/Desfile-Grandes-Desenadores-Mercores-2026-00014.jpg 1000w, https:\/\/mostra.es\/wp-content\/uploads\/2026\/04\/Desfile-Grandes-Desenadores-Mercores-2026-00014-200x300.jpg 200w, https:\/\/mostra.es\/wp-content\/uploads\/2026\/04\/Desfile-Grandes-Desenadores-Mercores-2026-00014-683x1024.jpg 683w, https:\/\/mostra.es\/wp-content\/uploads\/2026\/04\/Desfile-Grandes-Desenadores-Mercores-2026-00014-768x1152.jpg 768w, https:\/\/mostra.es\/wp-content\/uploads\/2026\/04\/Desfile-Grandes-Desenadores-Mercores-2026-00014-8x12.jpg 8w\" sizes=\"(max-width: 1000px) 100vw, 1000px\" \/><\/figure>\n\n\n\n<figure class=\"wp-block-image size-full\"><img loading=\"lazy\" decoding=\"async\" width=\"1500\" height=\"1000\" data-id=\"6978\" src=\"https:\/\/mostra.es\/wp-content\/uploads\/2026\/04\/Desfile-Grandes-Desenadores-Mercores-2026-00015.jpg\" alt=\"\" class=\"wp-image-6978\" title=\"\" srcset=\"https:\/\/mostra.es\/wp-content\/uploads\/2026\/04\/Desfile-Grandes-Desenadores-Mercores-2026-00015.jpg 1500w, https:\/\/mostra.es\/wp-content\/uploads\/2026\/04\/Desfile-Grandes-Desenadores-Mercores-2026-00015-300x200.jpg 300w, https:\/\/mostra.es\/wp-content\/uploads\/2026\/04\/Desfile-Grandes-Desenadores-Mercores-2026-00015-1024x683.jpg 1024w, https:\/\/mostra.es\/wp-content\/uploads\/2026\/04\/Desfile-Grandes-Desenadores-Mercores-2026-00015-768x512.jpg 768w, https:\/\/mostra.es\/wp-content\/uploads\/2026\/04\/Desfile-Grandes-Desenadores-Mercores-2026-00015-18x12.jpg 18w\" sizes=\"(max-width: 1500px) 100vw, 1500px\" \/><\/figure>\n\n\n\n<figure class=\"wp-block-image size-full\"><img loading=\"lazy\" decoding=\"async\" width=\"1000\" height=\"1500\" data-id=\"6979\" src=\"https:\/\/mostra.es\/wp-content\/uploads\/2026\/04\/Desfile-Grandes-Desenadores-Mercores-2026-00016.jpg\" alt=\"\" class=\"wp-image-6979\" title=\"\" srcset=\"https:\/\/mostra.es\/wp-content\/uploads\/2026\/04\/Desfile-Grandes-Desenadores-Mercores-2026-00016.jpg 1000w, https:\/\/mostra.es\/wp-content\/uploads\/2026\/04\/Desfile-Grandes-Desenadores-Mercores-2026-00016-200x300.jpg 200w, https:\/\/mostra.es\/wp-content\/uploads\/2026\/04\/Desfile-Grandes-Desenadores-Mercores-2026-00016-683x1024.jpg 683w, https:\/\/mostra.es\/wp-content\/uploads\/2026\/04\/Desfile-Grandes-Desenadores-Mercores-2026-00016-768x1152.jpg 768w, https:\/\/mostra.es\/wp-content\/uploads\/2026\/04\/Desfile-Grandes-Desenadores-Mercores-2026-00016-8x12.jpg 8w\" sizes=\"(max-width: 1000px) 100vw, 1000px\" \/><\/figure>\n\n\n\n<figure class=\"wp-block-image size-full\"><img loading=\"lazy\" decoding=\"async\" width=\"1000\" height=\"1500\" data-id=\"6980\" src=\"https:\/\/mostra.es\/wp-content\/uploads\/2026\/04\/Desfile-Grandes-Desenadores-Mercores-2026-00017.jpg\" alt=\"\" class=\"wp-image-6980\" title=\"\" srcset=\"https:\/\/mostra.es\/wp-content\/uploads\/2026\/04\/Desfile-Grandes-Desenadores-Mercores-2026-00017.jpg 1000w, https:\/\/mostra.es\/wp-content\/uploads\/2026\/04\/Desfile-Grandes-Desenadores-Mercores-2026-00017-200x300.jpg 200w, https:\/\/mostra.es\/wp-content\/uploads\/2026\/04\/Desfile-Grandes-Desenadores-Mercores-2026-00017-683x1024.jpg 683w, https:\/\/mostra.es\/wp-content\/uploads\/2026\/04\/Desfile-Grandes-Desenadores-Mercores-2026-00017-768x1152.jpg 768w, https:\/\/mostra.es\/wp-content\/uploads\/2026\/04\/Desfile-Grandes-Desenadores-Mercores-2026-00017-8x12.jpg 8w\" sizes=\"(max-width: 1000px) 100vw, 1000px\" \/><\/figure>\n\n\n\n<figure class=\"wp-block-image size-full\"><img loading=\"lazy\" decoding=\"async\" width=\"1500\" height=\"1000\" data-id=\"6981\" src=\"https:\/\/mostra.es\/wp-content\/uploads\/2026\/04\/Desfile-Grandes-Desenadores-Mercores-2026-00018.jpg\" alt=\"\" class=\"wp-image-6981\" title=\"\" srcset=\"https:\/\/mostra.es\/wp-content\/uploads\/2026\/04\/Desfile-Grandes-Desenadores-Mercores-2026-00018.jpg 1500w, https:\/\/mostra.es\/wp-content\/uploads\/2026\/04\/Desfile-Grandes-Desenadores-Mercores-2026-00018-300x200.jpg 300w, https:\/\/mostra.es\/wp-content\/uploads\/2026\/04\/Desfile-Grandes-Desenadores-Mercores-2026-00018-1024x683.jpg 1024w, https:\/\/mostra.es\/wp-content\/uploads\/2026\/04\/Desfile-Grandes-Desenadores-Mercores-2026-00018-768x512.jpg 768w, https:\/\/mostra.es\/wp-content\/uploads\/2026\/04\/Desfile-Grandes-Desenadores-Mercores-2026-00018-18x12.jpg 18w\" sizes=\"(max-width: 1500px) 100vw, 1500px\" \/><\/figure>\n\n\n\n<figure class=\"wp-block-image size-full\"><img loading=\"lazy\" decoding=\"async\" width=\"1000\" height=\"1500\" data-id=\"6982\" src=\"https:\/\/mostra.es\/wp-content\/uploads\/2026\/04\/Desfile-Grandes-Desenadores-Mercores-2026-00019.jpg\" alt=\"\" class=\"wp-image-6982\" title=\"\" srcset=\"https:\/\/mostra.es\/wp-content\/uploads\/2026\/04\/Desfile-Grandes-Desenadores-Mercores-2026-00019.jpg 1000w, https:\/\/mostra.es\/wp-content\/uploads\/2026\/04\/Desfile-Grandes-Desenadores-Mercores-2026-00019-200x300.jpg 200w, https:\/\/mostra.es\/wp-content\/uploads\/2026\/04\/Desfile-Grandes-Desenadores-Mercores-2026-00019-683x1024.jpg 683w, https:\/\/mostra.es\/wp-content\/uploads\/2026\/04\/Desfile-Grandes-Desenadores-Mercores-2026-00019-768x1152.jpg 768w, https:\/\/mostra.es\/wp-content\/uploads\/2026\/04\/Desfile-Grandes-Desenadores-Mercores-2026-00019-8x12.jpg 8w\" sizes=\"(max-width: 1000px) 100vw, 1000px\" \/><\/figure>\n\n\n\n<figure class=\"wp-block-image size-full\"><img loading=\"lazy\" decoding=\"async\" width=\"1000\" height=\"1500\" data-id=\"6983\" src=\"https:\/\/mostra.es\/wp-content\/uploads\/2026\/04\/Desfile-Grandes-Desenadores-Mercores-2026-00020.jpg\" alt=\"\" class=\"wp-image-6983\" title=\"\" srcset=\"https:\/\/mostra.es\/wp-content\/uploads\/2026\/04\/Desfile-Grandes-Desenadores-Mercores-2026-00020.jpg 1000w, https:\/\/mostra.es\/wp-content\/uploads\/2026\/04\/Desfile-Grandes-Desenadores-Mercores-2026-00020-200x300.jpg 200w, https:\/\/mostra.es\/wp-content\/uploads\/2026\/04\/Desfile-Grandes-Desenadores-Mercores-2026-00020-683x1024.jpg 683w, https:\/\/mostra.es\/wp-content\/uploads\/2026\/04\/Desfile-Grandes-Desenadores-Mercores-2026-00020-768x1152.jpg 768w, https:\/\/mostra.es\/wp-content\/uploads\/2026\/04\/Desfile-Grandes-Desenadores-Mercores-2026-00020-8x12.jpg 8w\" sizes=\"(max-width: 1000px) 100vw, 1000px\" \/><\/figure>\n\n\n\n<figure class=\"wp-block-image size-full\"><img loading=\"lazy\" decoding=\"async\" width=\"1500\" height=\"1000\" data-id=\"6984\" src=\"https:\/\/mostra.es\/wp-content\/uploads\/2026\/04\/Desfile-Grandes-Desenadores-Mercores-2026-00021.jpg\" alt=\"\" class=\"wp-image-6984\" title=\"\" srcset=\"https:\/\/mostra.es\/wp-content\/uploads\/2026\/04\/Desfile-Grandes-Desenadores-Mercores-2026-00021.jpg 1500w, https:\/\/mostra.es\/wp-content\/uploads\/2026\/04\/Desfile-Grandes-Desenadores-Mercores-2026-00021-300x200.jpg 300w, https:\/\/mostra.es\/wp-content\/uploads\/2026\/04\/Desfile-Grandes-Desenadores-Mercores-2026-00021-1024x683.jpg 1024w, https:\/\/mostra.es\/wp-content\/uploads\/2026\/04\/Desfile-Grandes-Desenadores-Mercores-2026-00021-768x512.jpg 768w, https:\/\/mostra.es\/wp-content\/uploads\/2026\/04\/Desfile-Grandes-Desenadores-Mercores-2026-00021-18x12.jpg 18w\" sizes=\"(max-width: 1500px) 100vw, 1500px\" \/><\/figure>\n\n\n\n<figure class=\"wp-block-image size-full\"><img loading=\"lazy\" decoding=\"async\" width=\"1000\" height=\"1500\" data-id=\"6985\" src=\"https:\/\/mostra.es\/wp-content\/uploads\/2026\/04\/Desfile-Grandes-Desenadores-Mercores-2026-00022.jpg\" alt=\"\" class=\"wp-image-6985\" title=\"\" srcset=\"https:\/\/mostra.es\/wp-content\/uploads\/2026\/04\/Desfile-Grandes-Desenadores-Mercores-2026-00022.jpg 1000w, https:\/\/mostra.es\/wp-content\/uploads\/2026\/04\/Desfile-Grandes-Desenadores-Mercores-2026-00022-200x300.jpg 200w, https:\/\/mostra.es\/wp-content\/uploads\/2026\/04\/Desfile-Grandes-Desenadores-Mercores-2026-00022-683x1024.jpg 683w, https:\/\/mostra.es\/wp-content\/uploads\/2026\/04\/Desfile-Grandes-Desenadores-Mercores-2026-00022-768x1152.jpg 768w, https:\/\/mostra.es\/wp-content\/uploads\/2026\/04\/Desfile-Grandes-Desenadores-Mercores-2026-00022-8x12.jpg 8w\" sizes=\"(max-width: 1000px) 100vw, 1000px\" \/><\/figure>\n\n\n\n<figure class=\"wp-block-image size-full\"><img loading=\"lazy\" decoding=\"async\" width=\"1000\" height=\"1500\" data-id=\"6986\" src=\"https:\/\/mostra.es\/wp-content\/uploads\/2026\/04\/Desfile-Grandes-Desenadores-Mercores-2026-00023.jpg\" alt=\"\" class=\"wp-image-6986\" title=\"\" srcset=\"https:\/\/mostra.es\/wp-content\/uploads\/2026\/04\/Desfile-Grandes-Desenadores-Mercores-2026-00023.jpg 1000w, https:\/\/mostra.es\/wp-content\/uploads\/2026\/04\/Desfile-Grandes-Desenadores-Mercores-2026-00023-200x300.jpg 200w, https:\/\/mostra.es\/wp-content\/uploads\/2026\/04\/Desfile-Grandes-Desenadores-Mercores-2026-00023-683x1024.jpg 683w, https:\/\/mostra.es\/wp-content\/uploads\/2026\/04\/Desfile-Grandes-Desenadores-Mercores-2026-00023-768x1152.jpg 768w, https:\/\/mostra.es\/wp-content\/uploads\/2026\/04\/Desfile-Grandes-Desenadores-Mercores-2026-00023-8x12.jpg 8w\" sizes=\"(max-width: 1000px) 100vw, 1000px\" \/><\/figure>\n\n\n\n<figure class=\"wp-block-image size-full\"><img loading=\"lazy\" decoding=\"async\" width=\"1000\" height=\"1500\" data-id=\"6987\" src=\"https:\/\/mostra.es\/wp-content\/uploads\/2026\/04\/Desfile-Grandes-Desenadores-Mercores-2026-00024.jpg\" alt=\"\" class=\"wp-image-6987\" title=\"\" srcset=\"https:\/\/mostra.es\/wp-content\/uploads\/2026\/04\/Desfile-Grandes-Desenadores-Mercores-2026-00024.jpg 1000w, https:\/\/mostra.es\/wp-content\/uploads\/2026\/04\/Desfile-Grandes-Desenadores-Mercores-2026-00024-200x300.jpg 200w, https:\/\/mostra.es\/wp-content\/uploads\/2026\/04\/Desfile-Grandes-Desenadores-Mercores-2026-00024-683x1024.jpg 683w, https:\/\/mostra.es\/wp-content\/uploads\/2026\/04\/Desfile-Grandes-Desenadores-Mercores-2026-00024-768x1152.jpg 768w, https:\/\/mostra.es\/wp-content\/uploads\/2026\/04\/Desfile-Grandes-Desenadores-Mercores-2026-00024-8x12.jpg 8w\" sizes=\"(max-width: 1000px) 100vw, 1000px\" \/><\/figure>\n\n\n\n<figure class=\"wp-block-image size-full\"><img loading=\"lazy\" decoding=\"async\" width=\"1000\" height=\"1500\" data-id=\"6988\" src=\"https:\/\/mostra.es\/wp-content\/uploads\/2026\/04\/Desfile-Grandes-Desenadores-Mercores-2026-00025.jpg\" alt=\"\" class=\"wp-image-6988\" title=\"\" srcset=\"https:\/\/mostra.es\/wp-content\/uploads\/2026\/04\/Desfile-Grandes-Desenadores-Mercores-2026-00025.jpg 1000w, https:\/\/mostra.es\/wp-content\/uploads\/2026\/04\/Desfile-Grandes-Desenadores-Mercores-2026-00025-200x300.jpg 200w, https:\/\/mostra.es\/wp-content\/uploads\/2026\/04\/Desfile-Grandes-Desenadores-Mercores-2026-00025-683x1024.jpg 683w, https:\/\/mostra.es\/wp-content\/uploads\/2026\/04\/Desfile-Grandes-Desenadores-Mercores-2026-00025-768x1152.jpg 768w, https:\/\/mostra.es\/wp-content\/uploads\/2026\/04\/Desfile-Grandes-Desenadores-Mercores-2026-00025-8x12.jpg 8w\" sizes=\"(max-width: 1000px) 100vw, 1000px\" \/><\/figure>\n\n\n\n<figure class=\"wp-block-image size-full\"><img loading=\"lazy\" decoding=\"async\" width=\"1000\" height=\"1500\" data-id=\"6989\" src=\"https:\/\/mostra.es\/wp-content\/uploads\/2026\/04\/Desfile-Grandes-Desenadores-Mercores-2026-00026.jpg\" alt=\"\" class=\"wp-image-6989\" title=\"\" srcset=\"https:\/\/mostra.es\/wp-content\/uploads\/2026\/04\/Desfile-Grandes-Desenadores-Mercores-2026-00026.jpg 1000w, https:\/\/mostra.es\/wp-content\/uploads\/2026\/04\/Desfile-Grandes-Desenadores-Mercores-2026-00026-200x300.jpg 200w, https:\/\/mostra.es\/wp-content\/uploads\/2026\/04\/Desfile-Grandes-Desenadores-Mercores-2026-00026-683x1024.jpg 683w, https:\/\/mostra.es\/wp-content\/uploads\/2026\/04\/Desfile-Grandes-Desenadores-Mercores-2026-00026-768x1152.jpg 768w, https:\/\/mostra.es\/wp-content\/uploads\/2026\/04\/Desfile-Grandes-Desenadores-Mercores-2026-00026-8x12.jpg 8w\" sizes=\"(max-width: 1000px) 100vw, 1000px\" \/><\/figure>\n\n\n\n<figure class=\"wp-block-image size-full\"><img loading=\"lazy\" decoding=\"async\" width=\"1500\" height=\"1000\" data-id=\"6990\" src=\"https:\/\/mostra.es\/wp-content\/uploads\/2026\/04\/Desfile-Grandes-Desenadores-Mercores-2026-00027.jpg\" alt=\"\" class=\"wp-image-6990\" title=\"\" srcset=\"https:\/\/mostra.es\/wp-content\/uploads\/2026\/04\/Desfile-Grandes-Desenadores-Mercores-2026-00027.jpg 1500w, https:\/\/mostra.es\/wp-content\/uploads\/2026\/04\/Desfile-Grandes-Desenadores-Mercores-2026-00027-300x200.jpg 300w, https:\/\/mostra.es\/wp-content\/uploads\/2026\/04\/Desfile-Grandes-Desenadores-Mercores-2026-00027-1024x683.jpg 1024w, https:\/\/mostra.es\/wp-content\/uploads\/2026\/04\/Desfile-Grandes-Desenadores-Mercores-2026-00027-768x512.jpg 768w, https:\/\/mostra.es\/wp-content\/uploads\/2026\/04\/Desfile-Grandes-Desenadores-Mercores-2026-00027-18x12.jpg 18w\" sizes=\"(max-width: 1500px) 100vw, 1500px\" \/><\/figure>\n\n\n\n<figure class=\"wp-block-image size-full\"><img loading=\"lazy\" decoding=\"async\" width=\"1000\" height=\"1500\" data-id=\"6991\" src=\"https:\/\/mostra.es\/wp-content\/uploads\/2026\/04\/Desfile-Grandes-Desenadores-Mercores-2026-00028.jpg\" alt=\"\" class=\"wp-image-6991\" title=\"\" srcset=\"https:\/\/mostra.es\/wp-content\/uploads\/2026\/04\/Desfile-Grandes-Desenadores-Mercores-2026-00028.jpg 1000w, https:\/\/mostra.es\/wp-content\/uploads\/2026\/04\/Desfile-Grandes-Desenadores-Mercores-2026-00028-200x300.jpg 200w, https:\/\/mostra.es\/wp-content\/uploads\/2026\/04\/Desfile-Grandes-Desenadores-Mercores-2026-00028-683x1024.jpg 683w, https:\/\/mostra.es\/wp-content\/uploads\/2026\/04\/Desfile-Grandes-Desenadores-Mercores-2026-00028-768x1152.jpg 768w, https:\/\/mostra.es\/wp-content\/uploads\/2026\/04\/Desfile-Grandes-Desenadores-Mercores-2026-00028-8x12.jpg 8w\" sizes=\"(max-width: 1000px) 100vw, 1000px\" \/><\/figure>\n\n\n\n<figure class=\"wp-block-image size-full\"><img loading=\"lazy\" decoding=\"async\" width=\"1500\" height=\"1000\" data-id=\"6992\" src=\"https:\/\/mostra.es\/wp-content\/uploads\/2026\/04\/Desfile-Grandes-Desenadores-Mercores-2026-00029.jpg\" alt=\"\" class=\"wp-image-6992\" title=\"\" srcset=\"https:\/\/mostra.es\/wp-content\/uploads\/2026\/04\/Desfile-Grandes-Desenadores-Mercores-2026-00029.jpg 1500w, https:\/\/mostra.es\/wp-content\/uploads\/2026\/04\/Desfile-Grandes-Desenadores-Mercores-2026-00029-300x200.jpg 300w, https:\/\/mostra.es\/wp-content\/uploads\/2026\/04\/Desfile-Grandes-Desenadores-Mercores-2026-00029-1024x683.jpg 1024w, https:\/\/mostra.es\/wp-content\/uploads\/2026\/04\/Desfile-Grandes-Desenadores-Mercores-2026-00029-768x512.jpg 768w, https:\/\/mostra.es\/wp-content\/uploads\/2026\/04\/Desfile-Grandes-Desenadores-Mercores-2026-00029-18x12.jpg 18w\" sizes=\"(max-width: 1500px) 100vw, 1500px\" \/><\/figure>\n\n\n\n<figure class=\"wp-block-image size-full\"><img loading=\"lazy\" decoding=\"async\" width=\"1500\" height=\"1000\" data-id=\"6993\" src=\"https:\/\/mostra.es\/wp-content\/uploads\/2026\/04\/Desfile-Grandes-Desenadores-Mercores-2026-00030.jpg\" alt=\"\" class=\"wp-image-6993\" title=\"\" srcset=\"https:\/\/mostra.es\/wp-content\/uploads\/2026\/04\/Desfile-Grandes-Desenadores-Mercores-2026-00030.jpg 1500w, https:\/\/mostra.es\/wp-content\/uploads\/2026\/04\/Desfile-Grandes-Desenadores-Mercores-2026-00030-300x200.jpg 300w, https:\/\/mostra.es\/wp-content\/uploads\/2026\/04\/Desfile-Grandes-Desenadores-Mercores-2026-00030-1024x683.jpg 1024w, https:\/\/mostra.es\/wp-content\/uploads\/2026\/04\/Desfile-Grandes-Desenadores-Mercores-2026-00030-768x512.jpg 768w, https:\/\/mostra.es\/wp-content\/uploads\/2026\/04\/Desfile-Grandes-Desenadores-Mercores-2026-00030-18x12.jpg 18w\" sizes=\"(max-width: 1500px) 100vw, 1500px\" \/><\/figure>\n\n\n\n<figure class=\"wp-block-image size-full\"><img loading=\"lazy\" decoding=\"async\" width=\"1500\" height=\"1000\" data-id=\"6994\" src=\"https:\/\/mostra.es\/wp-content\/uploads\/2026\/04\/Desfile-Grandes-Desenadores-Mercores-2026-00031.jpg\" alt=\"\" class=\"wp-image-6994\" title=\"\" srcset=\"https:\/\/mostra.es\/wp-content\/uploads\/2026\/04\/Desfile-Grandes-Desenadores-Mercores-2026-00031.jpg 1500w, https:\/\/mostra.es\/wp-content\/uploads\/2026\/04\/Desfile-Grandes-Desenadores-Mercores-2026-00031-300x200.jpg 300w, https:\/\/mostra.es\/wp-content\/uploads\/2026\/04\/Desfile-Grandes-Desenadores-Mercores-2026-00031-1024x683.jpg 1024w, https:\/\/mostra.es\/wp-content\/uploads\/2026\/04\/Desfile-Grandes-Desenadores-Mercores-2026-00031-768x512.jpg 768w, https:\/\/mostra.es\/wp-content\/uploads\/2026\/04\/Desfile-Grandes-Desenadores-Mercores-2026-00031-18x12.jpg 18w\" sizes=\"(max-width: 1500px) 100vw, 1500px\" \/><\/figure>\n\n\n\n<figure class=\"wp-block-image size-full\"><img loading=\"lazy\" decoding=\"async\" width=\"1000\" height=\"1500\" data-id=\"6995\" src=\"https:\/\/mostra.es\/wp-content\/uploads\/2026\/04\/Desfile-Grandes-Desenadores-Mercores-2026-00032.jpg\" alt=\"\" class=\"wp-image-6995\" title=\"\" srcset=\"https:\/\/mostra.es\/wp-content\/uploads\/2026\/04\/Desfile-Grandes-Desenadores-Mercores-2026-00032.jpg 1000w, https:\/\/mostra.es\/wp-content\/uploads\/2026\/04\/Desfile-Grandes-Desenadores-Mercores-2026-00032-200x300.jpg 200w, https:\/\/mostra.es\/wp-content\/uploads\/2026\/04\/Desfile-Grandes-Desenadores-Mercores-2026-00032-683x1024.jpg 683w, https:\/\/mostra.es\/wp-content\/uploads\/2026\/04\/Desfile-Grandes-Desenadores-Mercores-2026-00032-768x1152.jpg 768w, https:\/\/mostra.es\/wp-content\/uploads\/2026\/04\/Desfile-Grandes-Desenadores-Mercores-2026-00032-8x12.jpg 8w\" sizes=\"(max-width: 1000px) 100vw, 1000px\" \/><\/figure>\n\n\n\n<figure class=\"wp-block-image size-full\"><img loading=\"lazy\" decoding=\"async\" width=\"1000\" height=\"1500\" data-id=\"6996\" src=\"https:\/\/mostra.es\/wp-content\/uploads\/2026\/04\/Desfile-Grandes-Desenadores-Mercores-2026-00033.jpg\" alt=\"\" class=\"wp-image-6996\" title=\"\" srcset=\"https:\/\/mostra.es\/wp-content\/uploads\/2026\/04\/Desfile-Grandes-Desenadores-Mercores-2026-00033.jpg 1000w, https:\/\/mostra.es\/wp-content\/uploads\/2026\/04\/Desfile-Grandes-Desenadores-Mercores-2026-00033-200x300.jpg 200w, https:\/\/mostra.es\/wp-content\/uploads\/2026\/04\/Desfile-Grandes-Desenadores-Mercores-2026-00033-683x1024.jpg 683w, https:\/\/mostra.es\/wp-content\/uploads\/2026\/04\/Desfile-Grandes-Desenadores-Mercores-2026-00033-768x1152.jpg 768w, https:\/\/mostra.es\/wp-content\/uploads\/2026\/04\/Desfile-Grandes-Desenadores-Mercores-2026-00033-8x12.jpg 8w\" sizes=\"(max-width: 1000px) 100vw, 1000px\" \/><\/figure>\n\n\n\n<figure class=\"wp-block-image size-full\"><img loading=\"lazy\" decoding=\"async\" width=\"1500\" height=\"1000\" data-id=\"6997\" src=\"https:\/\/mostra.es\/wp-content\/uploads\/2026\/04\/Desfile-Grandes-Desenadores-Mercores-2026-00034.jpg\" alt=\"\" class=\"wp-image-6997\" title=\"\" srcset=\"https:\/\/mostra.es\/wp-content\/uploads\/2026\/04\/Desfile-Grandes-Desenadores-Mercores-2026-00034.jpg 1500w, https:\/\/mostra.es\/wp-content\/uploads\/2026\/04\/Desfile-Grandes-Desenadores-Mercores-2026-00034-300x200.jpg 300w, https:\/\/mostra.es\/wp-content\/uploads\/2026\/04\/Desfile-Grandes-Desenadores-Mercores-2026-00034-1024x683.jpg 1024w, https:\/\/mostra.es\/wp-content\/uploads\/2026\/04\/Desfile-Grandes-Desenadores-Mercores-2026-00034-768x512.jpg 768w, https:\/\/mostra.es\/wp-content\/uploads\/2026\/04\/Desfile-Grandes-Desenadores-Mercores-2026-00034-18x12.jpg 18w\" sizes=\"(max-width: 1500px) 100vw, 1500px\" \/><\/figure>\n\n\n\n<figure class=\"wp-block-image size-full\"><img loading=\"lazy\" decoding=\"async\" width=\"1000\" height=\"1500\" data-id=\"6998\" src=\"https:\/\/mostra.es\/wp-content\/uploads\/2026\/04\/Desfile-Grandes-Desenadores-Mercores-2026-00035.jpg\" alt=\"\" class=\"wp-image-6998\" title=\"\" srcset=\"https:\/\/mostra.es\/wp-content\/uploads\/2026\/04\/Desfile-Grandes-Desenadores-Mercores-2026-00035.jpg 1000w, https:\/\/mostra.es\/wp-content\/uploads\/2026\/04\/Desfile-Grandes-Desenadores-Mercores-2026-00035-200x300.jpg 200w, https:\/\/mostra.es\/wp-content\/uploads\/2026\/04\/Desfile-Grandes-Desenadores-Mercores-2026-00035-683x1024.jpg 683w, https:\/\/mostra.es\/wp-content\/uploads\/2026\/04\/Desfile-Grandes-Desenadores-Mercores-2026-00035-768x1152.jpg 768w, https:\/\/mostra.es\/wp-content\/uploads\/2026\/04\/Desfile-Grandes-Desenadores-Mercores-2026-00035-8x12.jpg 8w\" sizes=\"(max-width: 1000px) 100vw, 1000px\" \/><\/figure>\n\n\n\n<figure class=\"wp-block-image size-full\"><img loading=\"lazy\" decoding=\"async\" width=\"1500\" height=\"1000\" data-id=\"6999\" src=\"https:\/\/mostra.es\/wp-content\/uploads\/2026\/04\/Desfile-Grandes-Desenadores-Mercores-2026-00036.jpg\" alt=\"\" class=\"wp-image-6999\" title=\"\" srcset=\"https:\/\/mostra.es\/wp-content\/uploads\/2026\/04\/Desfile-Grandes-Desenadores-Mercores-2026-00036.jpg 1500w, https:\/\/mostra.es\/wp-content\/uploads\/2026\/04\/Desfile-Grandes-Desenadores-Mercores-2026-00036-300x200.jpg 300w, https:\/\/mostra.es\/wp-content\/uploads\/2026\/04\/Desfile-Grandes-Desenadores-Mercores-2026-00036-1024x683.jpg 1024w, https:\/\/mostra.es\/wp-content\/uploads\/2026\/04\/Desfile-Grandes-Desenadores-Mercores-2026-00036-768x512.jpg 768w, https:\/\/mostra.es\/wp-content\/uploads\/2026\/04\/Desfile-Grandes-Desenadores-Mercores-2026-00036-18x12.jpg 18w\" sizes=\"(max-width: 1500px) 100vw, 1500px\" \/><\/figure>\n\n\n\n<figure class=\"wp-block-image size-full\"><img loading=\"lazy\" decoding=\"async\" width=\"1000\" height=\"1500\" data-id=\"7000\" src=\"https:\/\/mostra.es\/wp-content\/uploads\/2026\/04\/Desfile-Grandes-Desenadores-Mercores-2026-00037.jpg\" alt=\"\" class=\"wp-image-7000\" title=\"\" srcset=\"https:\/\/mostra.es\/wp-content\/uploads\/2026\/04\/Desfile-Grandes-Desenadores-Mercores-2026-00037.jpg 1000w, https:\/\/mostra.es\/wp-content\/uploads\/2026\/04\/Desfile-Grandes-Desenadores-Mercores-2026-00037-200x300.jpg 200w, https:\/\/mostra.es\/wp-content\/uploads\/2026\/04\/Desfile-Grandes-Desenadores-Mercores-2026-00037-683x1024.jpg 683w, https:\/\/mostra.es\/wp-content\/uploads\/2026\/04\/Desfile-Grandes-Desenadores-Mercores-2026-00037-768x1152.jpg 768w, https:\/\/mostra.es\/wp-content\/uploads\/2026\/04\/Desfile-Grandes-Desenadores-Mercores-2026-00037-8x12.jpg 8w\" sizes=\"(max-width: 1000px) 100vw, 1000px\" \/><\/figure>\n\n\n\n<figure class=\"wp-block-image size-full\"><img loading=\"lazy\" decoding=\"async\" width=\"1000\" height=\"1500\" data-id=\"7001\" src=\"https:\/\/mostra.es\/wp-content\/uploads\/2026\/04\/Desfile-Grandes-Desenadores-Mercores-2026-00038.jpg\" alt=\"\" class=\"wp-image-7001\" title=\"\" srcset=\"https:\/\/mostra.es\/wp-content\/uploads\/2026\/04\/Desfile-Grandes-Desenadores-Mercores-2026-00038.jpg 1000w, https:\/\/mostra.es\/wp-content\/uploads\/2026\/04\/Desfile-Grandes-Desenadores-Mercores-2026-00038-200x300.jpg 200w, https:\/\/mostra.es\/wp-content\/uploads\/2026\/04\/Desfile-Grandes-Desenadores-Mercores-2026-00038-683x1024.jpg 683w, https:\/\/mostra.es\/wp-content\/uploads\/2026\/04\/Desfile-Grandes-Desenadores-Mercores-2026-00038-768x1152.jpg 768w, https:\/\/mostra.es\/wp-content\/uploads\/2026\/04\/Desfile-Grandes-Desenadores-Mercores-2026-00038-8x12.jpg 8w\" sizes=\"(max-width: 1000px) 100vw, 1000px\" \/><\/figure>\n\n\n\n<figure class=\"wp-block-image size-full\"><img loading=\"lazy\" decoding=\"async\" width=\"1500\" height=\"1000\" data-id=\"7002\" src=\"https:\/\/mostra.es\/wp-content\/uploads\/2026\/04\/Desfile-Grandes-Desenadores-Mercores-2026-00039.jpg\" alt=\"\" class=\"wp-image-7002\" title=\"\" srcset=\"https:\/\/mostra.es\/wp-content\/uploads\/2026\/04\/Desfile-Grandes-Desenadores-Mercores-2026-00039.jpg 1500w, https:\/\/mostra.es\/wp-content\/uploads\/2026\/04\/Desfile-Grandes-Desenadores-Mercores-2026-00039-300x200.jpg 300w, https:\/\/mostra.es\/wp-content\/uploads\/2026\/04\/Desfile-Grandes-Desenadores-Mercores-2026-00039-1024x683.jpg 1024w, https:\/\/mostra.es\/wp-content\/uploads\/2026\/04\/Desfile-Grandes-Desenadores-Mercores-2026-00039-768x512.jpg 768w, https:\/\/mostra.es\/wp-content\/uploads\/2026\/04\/Desfile-Grandes-Desenadores-Mercores-2026-00039-18x12.jpg 18w\" sizes=\"(max-width: 1500px) 100vw, 1500px\" \/><\/figure>\n\n\n\n<figure class=\"wp-block-image size-full\"><img loading=\"lazy\" decoding=\"async\" width=\"1000\" height=\"1500\" data-id=\"7003\" src=\"https:\/\/mostra.es\/wp-content\/uploads\/2026\/04\/Desfile-Grandes-Desenadores-Mercores-2026-00040.jpg\" alt=\"\" class=\"wp-image-7003\" title=\"\" srcset=\"https:\/\/mostra.es\/wp-content\/uploads\/2026\/04\/Desfile-Grandes-Desenadores-Mercores-2026-00040.jpg 1000w, https:\/\/mostra.es\/wp-content\/uploads\/2026\/04\/Desfile-Grandes-Desenadores-Mercores-2026-00040-200x300.jpg 200w, https:\/\/mostra.es\/wp-content\/uploads\/2026\/04\/Desfile-Grandes-Desenadores-Mercores-2026-00040-683x1024.jpg 683w, https:\/\/mostra.es\/wp-content\/uploads\/2026\/04\/Desfile-Grandes-Desenadores-Mercores-2026-00040-768x1152.jpg 768w, https:\/\/mostra.es\/wp-content\/uploads\/2026\/04\/Desfile-Grandes-Desenadores-Mercores-2026-00040-8x12.jpg 8w\" sizes=\"(max-width: 1000px) 100vw, 1000px\" \/><\/figure>\n\n\n\n<figure class=\"wp-block-image size-full\"><img loading=\"lazy\" decoding=\"async\" width=\"1000\" height=\"1500\" data-id=\"7004\" src=\"https:\/\/mostra.es\/wp-content\/uploads\/2026\/04\/Desfile-Grandes-Desenadores-Mercores-2026-00041.jpg\" alt=\"\" class=\"wp-image-7004\" title=\"\" srcset=\"https:\/\/mostra.es\/wp-content\/uploads\/2026\/04\/Desfile-Grandes-Desenadores-Mercores-2026-00041.jpg 1000w, https:\/\/mostra.es\/wp-content\/uploads\/2026\/04\/Desfile-Grandes-Desenadores-Mercores-2026-00041-200x300.jpg 200w, https:\/\/mostra.es\/wp-content\/uploads\/2026\/04\/Desfile-Grandes-Desenadores-Mercores-2026-00041-683x1024.jpg 683w, https:\/\/mostra.es\/wp-content\/uploads\/2026\/04\/Desfile-Grandes-Desenadores-Mercores-2026-00041-768x1152.jpg 768w, https:\/\/mostra.es\/wp-content\/uploads\/2026\/04\/Desfile-Grandes-Desenadores-Mercores-2026-00041-8x12.jpg 8w\" sizes=\"(max-width: 1000px) 100vw, 1000px\" \/><\/figure>\n\n\n\n<figure class=\"wp-block-image size-full\"><img loading=\"lazy\" decoding=\"async\" width=\"1000\" height=\"1500\" data-id=\"7005\" src=\"https:\/\/mostra.es\/wp-content\/uploads\/2026\/04\/Desfile-Grandes-Desenadores-Mercores-2026-00042.jpg\" alt=\"\" class=\"wp-image-7005\" title=\"\" srcset=\"https:\/\/mostra.es\/wp-content\/uploads\/2026\/04\/Desfile-Grandes-Desenadores-Mercores-2026-00042.jpg 1000w, https:\/\/mostra.es\/wp-content\/uploads\/2026\/04\/Desfile-Grandes-Desenadores-Mercores-2026-00042-200x300.jpg 200w, https:\/\/mostra.es\/wp-content\/uploads\/2026\/04\/Desfile-Grandes-Desenadores-Mercores-2026-00042-683x1024.jpg 683w, https:\/\/mostra.es\/wp-content\/uploads\/2026\/04\/Desfile-Grandes-Desenadores-Mercores-2026-00042-768x1152.jpg 768w, https:\/\/mostra.es\/wp-content\/uploads\/2026\/04\/Desfile-Grandes-Desenadores-Mercores-2026-00042-8x12.jpg 8w\" sizes=\"(max-width: 1000px) 100vw, 1000px\" \/><\/figure>\n\n\n\n<figure class=\"wp-block-image size-full\"><img loading=\"lazy\" decoding=\"async\" width=\"1500\" height=\"1000\" data-id=\"7006\" src=\"https:\/\/mostra.es\/wp-content\/uploads\/2026\/04\/Desfile-Grandes-Desenadores-Mercores-2026-00043.jpg\" alt=\"\" class=\"wp-image-7006\" title=\"\" srcset=\"https:\/\/mostra.es\/wp-content\/uploads\/2026\/04\/Desfile-Grandes-Desenadores-Mercores-2026-00043.jpg 1500w, https:\/\/mostra.es\/wp-content\/uploads\/2026\/04\/Desfile-Grandes-Desenadores-Mercores-2026-00043-300x200.jpg 300w, https:\/\/mostra.es\/wp-content\/uploads\/2026\/04\/Desfile-Grandes-Desenadores-Mercores-2026-00043-1024x683.jpg 1024w, https:\/\/mostra.es\/wp-content\/uploads\/2026\/04\/Desfile-Grandes-Desenadores-Mercores-2026-00043-768x512.jpg 768w, https:\/\/mostra.es\/wp-content\/uploads\/2026\/04\/Desfile-Grandes-Desenadores-Mercores-2026-00043-18x12.jpg 18w\" sizes=\"(max-width: 1500px) 100vw, 1500px\" \/><\/figure>\n\n\n\n<figure class=\"wp-block-image size-full\"><img loading=\"lazy\" decoding=\"async\" width=\"1000\" height=\"1500\" data-id=\"7007\" src=\"https:\/\/mostra.es\/wp-content\/uploads\/2026\/04\/Desfile-Grandes-Desenadores-Mercores-2026-00044.jpg\" alt=\"\" class=\"wp-image-7007\" title=\"\" srcset=\"https:\/\/mostra.es\/wp-content\/uploads\/2026\/04\/Desfile-Grandes-Desenadores-Mercores-2026-00044.jpg 1000w, https:\/\/mostra.es\/wp-content\/uploads\/2026\/04\/Desfile-Grandes-Desenadores-Mercores-2026-00044-200x300.jpg 200w, https:\/\/mostra.es\/wp-content\/uploads\/2026\/04\/Desfile-Grandes-Desenadores-Mercores-2026-00044-683x1024.jpg 683w, https:\/\/mostra.es\/wp-content\/uploads\/2026\/04\/Desfile-Grandes-Desenadores-Mercores-2026-00044-768x1152.jpg 768w, https:\/\/mostra.es\/wp-content\/uploads\/2026\/04\/Desfile-Grandes-Desenadores-Mercores-2026-00044-8x12.jpg 8w\" sizes=\"(max-width: 1000px) 100vw, 1000px\" \/><\/figure>\n\n\n\n<figure class=\"wp-block-image size-full\"><img loading=\"lazy\" decoding=\"async\" width=\"1000\" height=\"1500\" data-id=\"7008\" src=\"https:\/\/mostra.es\/wp-content\/uploads\/2026\/04\/Desfile-Grandes-Desenadores-Mercores-2026-00045.jpg\" alt=\"\" class=\"wp-image-7008\" title=\"\" srcset=\"https:\/\/mostra.es\/wp-content\/uploads\/2026\/04\/Desfile-Grandes-Desenadores-Mercores-2026-00045.jpg 1000w, https:\/\/mostra.es\/wp-content\/uploads\/2026\/04\/Desfile-Grandes-Desenadores-Mercores-2026-00045-200x300.jpg 200w, https:\/\/mostra.es\/wp-content\/uploads\/2026\/04\/Desfile-Grandes-Desenadores-Mercores-2026-00045-683x1024.jpg 683w, https:\/\/mostra.es\/wp-content\/uploads\/2026\/04\/Desfile-Grandes-Desenadores-Mercores-2026-00045-768x1152.jpg 768w, https:\/\/mostra.es\/wp-content\/uploads\/2026\/04\/Desfile-Grandes-Desenadores-Mercores-2026-00045-8x12.jpg 8w\" sizes=\"(max-width: 1000px) 100vw, 1000px\" \/><\/figure>\n\n\n\n<figure class=\"wp-block-image size-full\"><img loading=\"lazy\" decoding=\"async\" width=\"1000\" height=\"1500\" data-id=\"7009\" src=\"https:\/\/mostra.es\/wp-content\/uploads\/2026\/04\/Desfile-Grandes-Desenadores-Mercores-2026-00046.jpg\" alt=\"\" class=\"wp-image-7009\" title=\"\" srcset=\"https:\/\/mostra.es\/wp-content\/uploads\/2026\/04\/Desfile-Grandes-Desenadores-Mercores-2026-00046.jpg 1000w, https:\/\/mostra.es\/wp-content\/uploads\/2026\/04\/Desfile-Grandes-Desenadores-Mercores-2026-00046-200x300.jpg 200w, https:\/\/mostra.es\/wp-content\/uploads\/2026\/04\/Desfile-Grandes-Desenadores-Mercores-2026-00046-683x1024.jpg 683w, https:\/\/mostra.es\/wp-content\/uploads\/2026\/04\/Desfile-Grandes-Desenadores-Mercores-2026-00046-768x1152.jpg 768w, https:\/\/mostra.es\/wp-content\/uploads\/2026\/04\/Desfile-Grandes-Desenadores-Mercores-2026-00046-8x12.jpg 8w\" sizes=\"(max-width: 1000px) 100vw, 1000px\" \/><\/figure>\n\n\n\n<figure class=\"wp-block-image size-full\"><img loading=\"lazy\" decoding=\"async\" width=\"1000\" height=\"1500\" data-id=\"7010\" src=\"https:\/\/mostra.es\/wp-content\/uploads\/2026\/04\/Desfile-Grandes-Desenadores-Mercores-2026-00047.jpg\" alt=\"\" class=\"wp-image-7010\" title=\"\" srcset=\"https:\/\/mostra.es\/wp-content\/uploads\/2026\/04\/Desfile-Grandes-Desenadores-Mercores-2026-00047.jpg 1000w, https:\/\/mostra.es\/wp-content\/uploads\/2026\/04\/Desfile-Grandes-Desenadores-Mercores-2026-00047-200x300.jpg 200w, https:\/\/mostra.es\/wp-content\/uploads\/2026\/04\/Desfile-Grandes-Desenadores-Mercores-2026-00047-683x1024.jpg 683w, https:\/\/mostra.es\/wp-content\/uploads\/2026\/04\/Desfile-Grandes-Desenadores-Mercores-2026-00047-768x1152.jpg 768w, https:\/\/mostra.es\/wp-content\/uploads\/2026\/04\/Desfile-Grandes-Desenadores-Mercores-2026-00047-8x12.jpg 8w\" sizes=\"(max-width: 1000px) 100vw, 1000px\" \/><\/figure>\n\n\n\n<figure class=\"wp-block-image size-full\"><img loading=\"lazy\" decoding=\"async\" width=\"1500\" height=\"993\" data-id=\"7011\" src=\"https:\/\/mostra.es\/wp-content\/uploads\/2026\/04\/Desfile-Grandes-Desenadores-Mercores-2026-00048.jpg\" alt=\"\" class=\"wp-image-7011\" title=\"\" srcset=\"https:\/\/mostra.es\/wp-content\/uploads\/2026\/04\/Desfile-Grandes-Desenadores-Mercores-2026-00048.jpg 1500w, https:\/\/mostra.es\/wp-content\/uploads\/2026\/04\/Desfile-Grandes-Desenadores-Mercores-2026-00048-300x199.jpg 300w, https:\/\/mostra.es\/wp-content\/uploads\/2026\/04\/Desfile-Grandes-Desenadores-Mercores-2026-00048-1024x678.jpg 1024w, https:\/\/mostra.es\/wp-content\/uploads\/2026\/04\/Desfile-Grandes-Desenadores-Mercores-2026-00048-768x508.jpg 768w, https:\/\/mostra.es\/wp-content\/uploads\/2026\/04\/Desfile-Grandes-Desenadores-Mercores-2026-00048-18x12.jpg 18w\" sizes=\"(max-width: 1500px) 100vw, 1500px\" \/><\/figure>\n<\/figure>","protected":false},"excerpt":{"rendered":"<p>Son 12 las firmas que participan en el desfile de esta edici\u00f3n: Ana Cabranes, Andion Clothing, Claudina Mata, Devota &amp; Lomba, Innamoretto, El Pulpo, Dolores Cort\u00e9s, Jos\u00e9 Perea, Xoaqu\u00edn Ru\u00edz, MATTE\u00d4S Bridal, \u00d4SE Couture y la firma local Ondas do Mar.<\/p>","protected":false},"author":1,"featured_media":7011,"comment_status":"open","ping_status":"closed","sticky":false,"template":"","format":"standard","meta":{"footnotes":""},"categories":[10],"tags":[208,549,194,509,172,174,372,567],"class_list":["post-6961","post","type-post","status-publish","format-standard","has-post-thumbnail","hentry","category-prensa","tag-ana-cabranes","tag-andion","tag-claudina-mata","tag-devota-lomba","tag-dolores-cortes","tag-grandes-desenadores","tag-jose-matteos","tag-xxxv-mostra-do-encaixe"],"_links":{"self":[{"href":"https:\/\/mostra.es\/es\/wp-json\/wp\/v2\/posts\/6961","targetHints":{"allow":["GET"]}}],"collection":[{"href":"https:\/\/mostra.es\/es\/wp-json\/wp\/v2\/posts"}],"about":[{"href":"https:\/\/mostra.es\/es\/wp-json\/wp\/v2\/types\/post"}],"author":[{"embeddable":true,"href":"https:\/\/mostra.es\/es\/wp-json\/wp\/v2\/users\/1"}],"replies":[{"embeddable":true,"href":"https:\/\/mostra.es\/es\/wp-json\/wp\/v2\/comments?post=6961"}],"version-history":[{"count":4,"href":"https:\/\/mostra.es\/es\/wp-json\/wp\/v2\/posts\/6961\/revisions"}],"predecessor-version":[{"id":7015,"href":"https:\/\/mostra.es\/es\/wp-json\/wp\/v2\/posts\/6961\/revisions\/7015"}],"wp:featuredmedia":[{"embeddable":true,"href":"https:\/\/mostra.es\/es\/wp-json\/wp\/v2\/media\/7011"}],"wp:attachment":[{"href":"https:\/\/mostra.es\/es\/wp-json\/wp\/v2\/media?parent=6961"}],"wp:term":[{"taxonomy":"category","embeddable":true,"href":"https:\/\/mostra.es\/es\/wp-json\/wp\/v2\/categories?post=6961"},{"taxonomy":"post_tag","embeddable":true,"href":"https:\/\/mostra.es\/es\/wp-json\/wp\/v2\/tags?post=6961"}],"curies":[{"name":"gracias","href":"https:\/\/api.w.org\/{rel}","templated":true}]}}