{"id":6952,"date":"2026-04-02T08:14:26","date_gmt":"2026-04-02T06:14:26","guid":{"rendered":"https:\/\/mostra.es\/?p=6952"},"modified":"2026-04-02T08:14:26","modified_gmt":"2026-04-02T06:14:26","slug":"durante-la-semana-santa-el-hilo-se-convierte-en-arte-en-la-xxxv-exposicion-de-encajes-de-la-diputacion-provincial-de-a-coruna","status":"publish","type":"post","link":"https:\/\/mostra.es\/es\/actualidade\/prensa\/en-semana-santa-o-fio-convertese-en-arte-na-xxxv-mostra-do-encaixe-deputacion-da-coruna\/","title":{"rendered":"Durante la Semana Santa, el hilo se convierte en arte en la XXXV Exposici\u00f3n de Encaje de la Diputaci\u00f3n Provincial de A Coru\u00f1a.\u00a0"},"content":{"rendered":"<p>Ha comenzado la XXXV Exposici\u00f3n de Encaje de Camari\u00f1as de la Diputaci\u00f3n Provincial de A Coru\u00f1a, una edici\u00f3n que se celebrar\u00e1 desde hoy, mi\u00e9rcoles 1 de abril, hasta el domingo 5 de abril y que, con el lema &#039;Donde el hilo se convierte en arte&#039;, busca destacar al municipio como el punto donde late con m\u00e1s fuerza el coraz\u00f3n de la artesan\u00eda gallega.&nbsp;<\/p>\n\n\n\n<p>La alcaldesa de Camari\u00f1as, Sandra Insua; el delegado del Gobierno, Pedro Blanco; la diputada provincial de la regi\u00f3n, M\u00f3nica Rodr\u00edguez; el director general de Comercio de la Xunta de Galicia, Gabriel Al\u00e9n; y el director de la Agencia Galega de Turismo, Xos\u00e9 Manuel Merelles, fueron los encargados de cortar la cinta de encaje que, simb\u00f3licamente, da el pistoletazo de salida a la Mostra.<\/p>\n\n\n\n<p>Sandra Insua inici\u00f3 su discurso refiri\u00e9ndose a que una fecha tan significativa como el trig\u00e9simo quinto aniversario del evento \u201cse presenta en un contexto global que no podemos ni debemos ignorar\u201d. \u201cVivimos tiempos turbulentos, rodeados de inestabilidad internacional que, aunque parezca lejana, nos afecta en nuestra vida cotidiana. La escalada de tensi\u00f3n y la guerra contra Ir\u00e1n llenan las noticias de dolor e incertidumbre. Por lo tanto, desde este humilde pero orgulloso rinc\u00f3n del Atl\u00e1ntico, hoy quiero aprovechar este altavoz para proclamar un claro, rotundo y necesario: \u00a1NO A LA GUERRA!\u201d, exclam\u00f3.&nbsp;<\/p>\n\n\n\n<figure class=\"wp-block-image size-large\"><img fetchpriority=\"high\" decoding=\"async\" width=\"1024\" height=\"683\" src=\"https:\/\/mostra.es\/wp-content\/uploads\/2026\/04\/Inaguracion-da-XXXV-Mostra-do-Encaixe-de-Camarinas-00001-1024x683.jpg\" alt=\"\" class=\"wp-image-6953\" title=\"\" srcset=\"https:\/\/mostra.es\/wp-content\/uploads\/2026\/04\/Inaguracion-da-XXXV-Mostra-do-Encaixe-de-Camarinas-00001-1024x683.jpg 1024w, https:\/\/mostra.es\/wp-content\/uploads\/2026\/04\/Inaguracion-da-XXXV-Mostra-do-Encaixe-de-Camarinas-00001-300x200.jpg 300w, https:\/\/mostra.es\/wp-content\/uploads\/2026\/04\/Inaguracion-da-XXXV-Mostra-do-Encaixe-de-Camarinas-00001-768x512.jpg 768w, https:\/\/mostra.es\/wp-content\/uploads\/2026\/04\/Inaguracion-da-XXXV-Mostra-do-Encaixe-de-Camarinas-00001-18x12.jpg 18w, https:\/\/mostra.es\/wp-content\/uploads\/2026\/04\/Inaguracion-da-XXXV-Mostra-do-Encaixe-de-Camarinas-00001.jpg 1500w\" sizes=\"(max-width: 1024px) 100vw, 1024px\" \/><\/figure>\n\n\n\n<p>El alcalde tambi\u00e9n quiso reconocer la labor de los marineros, que atraviesan \u201cun momento de inmensas dificultades para el sector. Nuestros marineros han sufrido la angustia de no poder salir a faenar durante largos meses. Y nuestros recolectores de marisco libran una lucha tit\u00e1nica para que nuestro estuario vuelva a dar frutos, mientras sufren la injusticia de quedar excluidos de las ayudas anunciadas. Desde aqu\u00ed, nuestro reconocimiento y nuestro apoyo incondicional van dirigidos a todos y cada uno de ellos. S\u00e9 con certeza que el pescadero fue, es y seguir\u00e1 siendo un sustento econ\u00f3mico esencial para estas familias\u201d.<\/p>\n\n\n\n<p>\u201cPorque lo que hacen nuestras encajeras es arte, t\u00e9cnica y futuro. Y ese futuro ya est\u00e1 dando grandes frutos a nivel industrial. Hoy puedo anunciarles con inmensa satisfacci\u00f3n que el Ayuntamiento lleva un a\u00f1o trabajando, de la mano con nuestras encajeras, en una gran colaboraci\u00f3n con una multinacional textil de renombre. Un hito que demuestra que el encaje de Camari\u00f1as es absolutamente vanguardista y un verdadero motor econ\u00f3mico. Pronto podremos contarles m\u00e1s sobre esta alianza que nos llena de alegr\u00eda y que, una vez m\u00e1s, sit\u00faa un producto tan artesanal como el encaje en el mapa internacional\u201d, anunci\u00f3.<\/p>\n\n\n\n<figure class=\"wp-block-image size-large\"><img decoding=\"async\" width=\"1024\" height=\"683\" src=\"https:\/\/mostra.es\/wp-content\/uploads\/2026\/04\/Inaguracion-da-XXXV-Mostra-do-Encaixe-de-Camarinas-00007-1024x683.jpg\" alt=\"\" class=\"wp-image-6959\" title=\"\" srcset=\"https:\/\/mostra.es\/wp-content\/uploads\/2026\/04\/Inaguracion-da-XXXV-Mostra-do-Encaixe-de-Camarinas-00007-1024x683.jpg 1024w, https:\/\/mostra.es\/wp-content\/uploads\/2026\/04\/Inaguracion-da-XXXV-Mostra-do-Encaixe-de-Camarinas-00007-300x200.jpg 300w, https:\/\/mostra.es\/wp-content\/uploads\/2026\/04\/Inaguracion-da-XXXV-Mostra-do-Encaixe-de-Camarinas-00007-768x512.jpg 768w, https:\/\/mostra.es\/wp-content\/uploads\/2026\/04\/Inaguracion-da-XXXV-Mostra-do-Encaixe-de-Camarinas-00007-18x12.jpg 18w, https:\/\/mostra.es\/wp-content\/uploads\/2026\/04\/Inaguracion-da-XXXV-Mostra-do-Encaixe-de-Camarinas-00007.jpg 1500w\" sizes=\"(max-width: 1024px) 100vw, 1024px\" \/><\/figure>\n\n\n\n<p>Asimismo, reconoci\u00f3 que &quot;nada de esto ser\u00eda posible sin el apoyo constante de la Diputaci\u00f3n Provincial de A Coru\u00f1a, a la que agradecemos su compromiso y confianza en nuestra cultura a\u00f1o tras a\u00f1o&quot;.<\/p>\n\n\n\n<p>El delegado del Gobierno, Pedro Blanco, coment\u00f3 que \u201ceste es un evento que mejora a\u00f1o tras a\u00f1o, consolid\u00e1ndose como un referente que lleva a Camari\u00f1as cada vez m\u00e1s lejos\u201d y realiz\u00f3 un reconocimiento en nombre del \u201cGobierno de Espa\u00f1a por todo lo que est\u00e1n haciendo aqu\u00ed\u201d.&nbsp;<\/p>\n\n\n\n<figure class=\"wp-block-image size-large\"><img decoding=\"async\" width=\"1024\" height=\"683\" src=\"https:\/\/mostra.es\/wp-content\/uploads\/2026\/04\/Inaguracion-da-XXXV-Mostra-do-Encaixe-de-Camarinas-00005-1024x683.jpg\" alt=\"\" class=\"wp-image-6957\" title=\"\" srcset=\"https:\/\/mostra.es\/wp-content\/uploads\/2026\/04\/Inaguracion-da-XXXV-Mostra-do-Encaixe-de-Camarinas-00005-1024x683.jpg 1024w, https:\/\/mostra.es\/wp-content\/uploads\/2026\/04\/Inaguracion-da-XXXV-Mostra-do-Encaixe-de-Camarinas-00005-300x200.jpg 300w, https:\/\/mostra.es\/wp-content\/uploads\/2026\/04\/Inaguracion-da-XXXV-Mostra-do-Encaixe-de-Camarinas-00005-768x512.jpg 768w, https:\/\/mostra.es\/wp-content\/uploads\/2026\/04\/Inaguracion-da-XXXV-Mostra-do-Encaixe-de-Camarinas-00005-18x12.jpg 18w, https:\/\/mostra.es\/wp-content\/uploads\/2026\/04\/Inaguracion-da-XXXV-Mostra-do-Encaixe-de-Camarinas-00005.jpg 1500w\" sizes=\"(max-width: 1024px) 100vw, 1024px\" \/><\/figure>\n\n\n\n<p>Por su parte, M\u00f3nica Rodr\u00edguez indic\u00f3 que \u201cel Encaje de Camari\u00f1as es el evento cultural de referencia en Galicia cada Semana Santa\u201d y record\u00f3 que \u201chace seis a\u00f1os quisimos vincular el nombre de la Diputaci\u00f3n Provincial al evento, demostrando nuestro firme compromiso con \u00e9l\u201d.<\/p>\n\n\n\n<p>Gabriel Al\u00e9n destac\u00f3 que \u201clas artesanas que est\u00e1n aqu\u00ed, las palilleiras, desarrollan una actividad que es cultura, tradici\u00f3n, moda y turismo. Sois extraordinarias embajadoras de Galicia dentro y fuera de nuestras fronteras\u201d.&nbsp;<\/p>\n\n\n\n<p>Tras la visita a los distintos stands ubicados en los dos pabellones municipales preparados para la ocasi\u00f3n, las autoridades presenciar\u00e1n el desfile inaugural de la Mostra con los desfiles \u2018Pequencaixe\u2019 y \u2018Grandes Dise\u00f1adores\u2019, en los que las firmas participantes mostrar\u00e1n por primera vez las colecciones que han preparado para la Mostra, con el encaje como protagonista. Los desfiles inaugurales estar\u00e1n amenizados por la m\u00fasica de Luar na Lubre.<\/p>\n\n\n\n<figure class=\"wp-block-image size-large\"><img loading=\"lazy\" decoding=\"async\" width=\"1024\" height=\"683\" src=\"https:\/\/mostra.es\/wp-content\/uploads\/2026\/04\/Inaguracion-da-XXXV-Mostra-do-Encaixe-de-Camarinas-00004-1024x683.jpg\" alt=\"\" class=\"wp-image-6956\" title=\"\" srcset=\"https:\/\/mostra.es\/wp-content\/uploads\/2026\/04\/Inaguracion-da-XXXV-Mostra-do-Encaixe-de-Camarinas-00004-1024x683.jpg 1024w, https:\/\/mostra.es\/wp-content\/uploads\/2026\/04\/Inaguracion-da-XXXV-Mostra-do-Encaixe-de-Camarinas-00004-300x200.jpg 300w, https:\/\/mostra.es\/wp-content\/uploads\/2026\/04\/Inaguracion-da-XXXV-Mostra-do-Encaixe-de-Camarinas-00004-768x512.jpg 768w, https:\/\/mostra.es\/wp-content\/uploads\/2026\/04\/Inaguracion-da-XXXV-Mostra-do-Encaixe-de-Camarinas-00004-18x12.jpg 18w, https:\/\/mostra.es\/wp-content\/uploads\/2026\/04\/Inaguracion-da-XXXV-Mostra-do-Encaixe-de-Camarinas-00004.jpg 1500w\" sizes=\"(max-width: 1024px) 100vw, 1024px\" \/><\/figure>\n\n\n\n<p><strong>XXXV Exposici\u00f3n de Encajes<\/strong><\/p>\n\n\n\n<p>Durante los cinco d\u00edas, las firmas de la categor\u00eda &quot;Grandes Dise\u00f1adores&quot; desfilar\u00e1n por las pasarelas de la Mostra para mostrar sus creaciones con encaje: Ana Cabranes, Claudina Mata, Devota&amp;Lomba, Innamoretto, Jos\u00e9 Perea, Andion Clothing, Dolores Cort\u00e9s, El Pulpo, Jos\u00e9 Matteos, \u00f4se Couture, Xoaqu\u00edn Ru\u00edz y Ondas do Mar.&nbsp;&nbsp;<\/p>\n\n\n\n<p><strong>El desfile &#039;ArtEncaixe&#039;,<\/strong> que sigue ganando terreno en la programaci\u00f3n, se estrenar\u00e1 el jueves 2 de abril a partir de las 12:45 horas. Las artesanas llegar\u00e1n desde distintos puntos de Galicia para demostrar que el encaje es vers\u00e1til y se puede adaptar a diferentes materiales: Estilo Aramar, Mariv\u00ed Santos, O Rulo, Risco Estudio, Encaixa_T, Mascarada O Cansorri\u00f1o, Ana Trasariz, Alfarer\u00eda La Cacharrera, Lola Logaro, Tendataller Feituras \u2013 Mar\u00eda Canedo, Zeltia ao Aire, Ene de Toba.&nbsp;<\/p>\n\n\n\n<p>Ese mismo jueves 2 de abril, los participantes en la <strong>XXXII Concurso de Nuevos Dise\u00f1adores<\/strong> Se repartir\u00e1n 4.500 euros en premios y participar\u00e1n 34 j\u00f3venes que dan sus primeros pasos en el mundo de la moda. El viernes 3, a las 20:40, tendr\u00e1 lugar el encuentro entre grandes y nuevos dise\u00f1adores, y el domingo 5, a partir de las 16:30, se anunciar\u00e1 el fallo del jurado.&nbsp;<\/p>\n\n\n\n<figure class=\"wp-block-image size-large\"><img loading=\"lazy\" decoding=\"async\" width=\"1024\" height=\"683\" src=\"https:\/\/mostra.es\/wp-content\/uploads\/2026\/04\/Inaguracion-da-XXXV-Mostra-do-Encaixe-de-Camarinas-00002-1024x683.jpg\" alt=\"\" class=\"wp-image-6954\" title=\"\" srcset=\"https:\/\/mostra.es\/wp-content\/uploads\/2026\/04\/Inaguracion-da-XXXV-Mostra-do-Encaixe-de-Camarinas-00002-1024x683.jpg 1024w, https:\/\/mostra.es\/wp-content\/uploads\/2026\/04\/Inaguracion-da-XXXV-Mostra-do-Encaixe-de-Camarinas-00002-300x200.jpg 300w, https:\/\/mostra.es\/wp-content\/uploads\/2026\/04\/Inaguracion-da-XXXV-Mostra-do-Encaixe-de-Camarinas-00002-768x512.jpg 768w, https:\/\/mostra.es\/wp-content\/uploads\/2026\/04\/Inaguracion-da-XXXV-Mostra-do-Encaixe-de-Camarinas-00002-18x12.jpg 18w, https:\/\/mostra.es\/wp-content\/uploads\/2026\/04\/Inaguracion-da-XXXV-Mostra-do-Encaixe-de-Camarinas-00002.jpg 1500w\" sizes=\"(max-width: 1024px) 100vw, 1024px\" \/><\/figure>\n\n\n\n<p>Otra novedad de esta edici\u00f3n ser\u00e1 la muestra de <strong>Costura en directo con el dise\u00f1ador andaluz Jos\u00e9 Perea<\/strong>. Se podr\u00e1 ver el jueves 2 de abril, a partir de las 12:45 horas en el bloque de desfiles de la ma\u00f1ana y el medi\u00e1tico Jos\u00e9 Perea, quien participa por primera vez en la pasarela de Grandes Dise\u00f1adores, mostrar\u00e1 su t\u00e9cnica para confeccionar vestuario en vivo en tiempo r\u00e9cord.<\/p>\n\n\n\n<p>Una vez m\u00e1s, las delegaciones internacionales volver\u00e1n a la Mostra. El jueves 2, a las 18:00 h, tendr\u00e1 lugar el primer desfile de moda.<strong> &#039;Delegaciones internacionales de encajeras&#039;<\/strong>. Se repetir\u00e1n el viernes 3 a las 16:45 y el s\u00e1bado 4 a las 18:00. Participantes: Argentina (C\u00f3rdoba y Buenos Aires), Bulgaria (Sof\u00eda), Eslovaquia (Cracovia), Espa\u00f1a (Arenis del Mar), Italia (Novedrate), Polonia (Bobowa), Portugal (Peniche y Serra d&#039;El Rei).&nbsp;<\/p>\n\n\n\n<p>Uno de los momentos m\u00e1s esperados del Festival son los desfiles de moda. <strong>&#039;Cajita&#039;<\/strong>. Los ni\u00f1os y ni\u00f1as de las Escuelas Municipales crean su propio encaje a lo largo del curso para luego dise\u00f1ar los vestidos y desfilar en la Mostra. Se convierten en modistas, dise\u00f1adores y modelos. Estar\u00e1n presentes el mi\u00e9rcoles 1 a las 18:00 h, el jueves 2 a las 12:45 h, el s\u00e1bado 4 a las 12:30 h y el domingo 5 en la ceremonia de clausura a partir de las 19:00 h.<\/p>\n\n\n\n<p>Lo mismo ocurre en el desfile de <strong>&#039;Encajeras Mayores de Camari\u00f1as&#039;<\/strong> que tendr\u00e1 lugar el domingo 20 a las 19:00 horas durante el acto de clausura del evento y en el que vecinos del municipio muestran al p\u00fablico las creaciones que han realizado a lo largo del a\u00f1o.&nbsp;&nbsp;<\/p>\n\n\n\n<figure class=\"wp-block-image size-large\"><img loading=\"lazy\" decoding=\"async\" width=\"1024\" height=\"683\" src=\"https:\/\/mostra.es\/wp-content\/uploads\/2026\/04\/Inaguracion-da-XXXV-Mostra-do-Encaixe-de-Camarinas-00006-1024x683.jpg\" alt=\"\" class=\"wp-image-6958\" title=\"\" srcset=\"https:\/\/mostra.es\/wp-content\/uploads\/2026\/04\/Inaguracion-da-XXXV-Mostra-do-Encaixe-de-Camarinas-00006-1024x683.jpg 1024w, https:\/\/mostra.es\/wp-content\/uploads\/2026\/04\/Inaguracion-da-XXXV-Mostra-do-Encaixe-de-Camarinas-00006-300x200.jpg 300w, https:\/\/mostra.es\/wp-content\/uploads\/2026\/04\/Inaguracion-da-XXXV-Mostra-do-Encaixe-de-Camarinas-00006-768x512.jpg 768w, https:\/\/mostra.es\/wp-content\/uploads\/2026\/04\/Inaguracion-da-XXXV-Mostra-do-Encaixe-de-Camarinas-00006-18x12.jpg 18w, https:\/\/mostra.es\/wp-content\/uploads\/2026\/04\/Inaguracion-da-XXXV-Mostra-do-Encaixe-de-Camarinas-00006.jpg 1500w\" sizes=\"(max-width: 1024px) 100vw, 1024px\" \/><\/figure>\n\n\n\n<p><strong>Luar na Lubre, Ant\u00eda Mu\u00ed\u00f1o, Sebasti\u00e1n Allones Dans, Marta Doviro, Carmen M\u00e9ndez, Ledicia Sola y otras acciones destacadas en el programa<\/strong><\/p>\n\n\n\n<p>Este a\u00f1o, los asistentes podr\u00e1n disfrutar de la m\u00fasica de Luar na Lubre (mi\u00e9rcoles 1 a las 18:00 h durante el desfile inaugural de la Mostra); el concierto del joven de Camelle, Sebasti\u00e1n Allones Dans, ganador del concurso de talentos &#039;Da r\u00faa \u00e1 l\u00faa&#039; del programa de TVG &#039;Quen anda a\u00ed&#039; (s\u00e1bado 4 a las 12:30 h) o la actuaci\u00f3n de &#039;F\u00edos de Salitre&#039; de Mascarada O Cansorri\u00f1o (domingo 5 a las 19:00 h). <strong>El concierto de clausura del Festival (domingo 5 a las 19:30) estar\u00e1 a cargo de Ant\u00eda Mu\u00ed\u00f1o.&nbsp;<\/strong><\/p>\n\n\n\n<p>Adem\u00e1s, continuando con la tradici\u00f3n de los \u00faltimos a\u00f1os, podr\u00e1n re\u00edrse a carcajadas con <strong>Marta Doviro, Carmen M\u00e9ndez y Ledicia Sola<\/strong> y su mon\u00f3logo &#039;Sin Restricciones&#039;, que tendr\u00e1 lugar el s\u00e1bado 4 de abril a las 20:30 h en la misma pasarela. El jueves 2 de abril a las 20:30 h habr\u00e1 un <strong>representaci\u00f3n teatral<\/strong> de la compa\u00f1\u00eda Aantena, titulada &#039;Hilos de la Memoria&#039;. Tambi\u00e9n el viernes 3 de abril, a las 20:30 h, la compa\u00f1\u00eda, risas aseguradas con <strong>Mon\u00f3logo de la compa\u00f1\u00eda de Camelle &#039;Muerto de risa&#039;\u2018<\/strong>.<\/p>\n\n\n\n<p>Durante cinco d\u00edas, el folclore de los pueblos se escuchar\u00e1 en los pabellones de la Mostra, mezclado con el sonido de los palillos. <strong>grupos Abrindo Rejo, Golpe de Mar, Con toda en banda, Vaiche Boa, Asociaci\u00f3n Mar Devalado de Camelle y Asociaci\u00f3n As Cansorri\u00f1as<\/strong>. Tambi\u00e9n el <strong>IX Encuentro de Coros<\/strong> en el que participar\u00e1n el Coro Polif\u00f3nico San Roque de Vigo, el Coro San Salvador de Pazos de Ponteceso y el Coro Brisas do Mar de Camari\u00f1as (domingo 20 a las 12:15 horas).<\/p>\n\n\n\n<p>El evento se utilizar\u00e1 para <strong>presentaci\u00f3n de libros y publicaciones<\/strong> como &#039;Punto de aranha&#039; de Nerea Pallares (jueves 2, 12.00 horas); &#039;A princesa dourada&#039; de Anxo Mouzo (jueves 2 a las 12:20 horas); &#039;\u00c1ngeles acusadores&#039; de Diego Garrote (viernes 3 a las 12.00 horas); &#039;Ardent\u00eda 1854&#039; de Mar\u00eda D.L\u00f3pez-Men\u00e9ndez S\u00e1nchez (viernes 3 a las 12:20 horas); &#039;1898 \u2013 El padre ausente&#039;, \u00faltima parte de la trilog\u00eda de &#039;El Cementerio de los Ingleses&#039; de Alfonso de Sas (s\u00e1bado 4 a las 11:40 horas); y la presentaci\u00f3n de &#039;A Costa da Morte, naturalmente \u00fanica&#039; de Xan Fern\u00e1ndez Carrera y Antonio Fern\u00e1ndez que estar\u00e1 dirigida por Pepe Formoso (s\u00e1bado 4 a las 12:00 horas).<\/p>\n\n\n\n<p>El acto de clausura de la XXXV Muestra de Encaje de Camari\u00f1as tendr\u00e1 lugar el domingo 5 de abril a las 19.00 horas.<\/p>\n\n\n\n<p><strong>&#039;Gourmet entre encajes&#039;<\/strong><\/p>\n\n\n\n<p>El Ayuntamiento repetir\u00e1 este a\u00f1o en la XXXV Feria de Encaje de Camari\u00f1as de la Diputaci\u00f3n de A Coru\u00f1a el &#039;Gourmet entre encajes&#039;, un espacio dedicado al sector de la alimentaci\u00f3n en el que se podr\u00e1n instalar puestos de venta al p\u00fablico.<\/p>\n\n\n\n<p>Esta nueva zona, que tambi\u00e9n albergar\u00e1 la barra de la Mostra, contar\u00e1 con una decoraci\u00f3n ambiental especial y contar\u00e1 con un espacio con mesas y sillas para que el p\u00fablico asistente a la Mostra pueda degustar los productos que compre all\u00ed mismo.<\/p>\n\n\n\n<p>A lo largo de la exposici\u00f3n tambi\u00e9n habr\u00e1 <strong>catas gastron\u00f3micas de polvo, <\/strong>de Frigor\u00edficos de Camari\u00f1as (viernes 3 de abril a las 19.30 horas) y rodaballo, de Stolt Sea Farm (s\u00e1bado 4 de abril a las 14.00 horas).<\/p>\n\n\n\n<p>Tambi\u00e9n habr\u00e1 <strong>Demostraciones de artesan\u00eda<\/strong> y los padres podr\u00e1n dejar a los m\u00e1s peque\u00f1os en el <strong>Parque infantil<\/strong> con instructores cualificados. Adem\u00e1s, este a\u00f1o podr\u00e1s disfrutar de <strong>\u00c1rea de Pontefrik<\/strong>i, un espacio de juegos con videojuegos, talleres y venta de productos.&nbsp;<\/p>\n\n\n\n<figure class=\"wp-block-embed is-type-video is-provider-youtube wp-block-embed-youtube wp-embed-aspect-16-9 wp-has-aspect-ratio\"><div class=\"wp-block-embed__wrapper\">\n<iframe title=\"Spot XXXV Exposici\u00f3n de Encajes de Camari\u00f1as 2026\" width=\"800\" height=\"450\" src=\"https:\/\/www.youtube.com\/embed\/D7fdQ6-G5Do?feature=oembed\" frameborder=\"0\" allow=\"accelerometer; autoplay; clipboard-write; encrypted-media; gyroscope; picture-in-picture; web-share\" referrerpolicy=\"strict-origin-when-cross-origin\" allowfullscreen><\/iframe>\n<\/div><\/figure>","protected":false},"excerpt":{"rendered":"<p>Hoy tuvo lugar la inauguraci\u00f3n oficial del evento, en la que el alcalde de Camari\u00f1as, el diputado provincial de la comarca, el delegado y el subdelegado del Gobierno, el director de Comercio y Consumo y el director de la Agencia Gallega de Turismo cortaron la cinta.<\/p>\n<p>En su discurso, Sandra Insua se refiri\u00f3 a la fortaleza del encaje y de los palillos en contextos inestables para el sector pesquero, como el actual: &quot;S\u00e9 con certeza que el palillo fue, es y ser\u00e1 un sustento econ\u00f3mico esencial para estas familias&quot;.<\/p>\n<p>Insua anunci\u00f3 que \u201cel Ayuntamiento y las encajeras llevan un a\u00f1o trabajando en una gran colaboraci\u00f3n con una multinacional textil, lo que demuestra que el encaje es absolutamente vanguardista\u201d.<\/p>","protected":false},"author":1,"featured_media":6955,"comment_status":"open","ping_status":"closed","sticky":false,"template":"","format":"standard","meta":{"footnotes":""},"categories":[10],"tags":[220,567],"class_list":["post-6952","post","type-post","status-publish","format-standard","has-post-thumbnail","hentry","category-prensa","tag-inauguracion","tag-xxxv-mostra-do-encaixe"],"_links":{"self":[{"href":"https:\/\/mostra.es\/es\/wp-json\/wp\/v2\/posts\/6952","targetHints":{"allow":["GET"]}}],"collection":[{"href":"https:\/\/mostra.es\/es\/wp-json\/wp\/v2\/posts"}],"about":[{"href":"https:\/\/mostra.es\/es\/wp-json\/wp\/v2\/types\/post"}],"author":[{"embeddable":true,"href":"https:\/\/mostra.es\/es\/wp-json\/wp\/v2\/users\/1"}],"replies":[{"embeddable":true,"href":"https:\/\/mostra.es\/es\/wp-json\/wp\/v2\/comments?post=6952"}],"version-history":[{"count":1,"href":"https:\/\/mostra.es\/es\/wp-json\/wp\/v2\/posts\/6952\/revisions"}],"predecessor-version":[{"id":6960,"href":"https:\/\/mostra.es\/es\/wp-json\/wp\/v2\/posts\/6952\/revisions\/6960"}],"wp:featuredmedia":[{"embeddable":true,"href":"https:\/\/mostra.es\/es\/wp-json\/wp\/v2\/media\/6955"}],"wp:attachment":[{"href":"https:\/\/mostra.es\/es\/wp-json\/wp\/v2\/media?parent=6952"}],"wp:term":[{"taxonomy":"category","embeddable":true,"href":"https:\/\/mostra.es\/es\/wp-json\/wp\/v2\/categories?post=6952"},{"taxonomy":"post_tag","embeddable":true,"href":"https:\/\/mostra.es\/es\/wp-json\/wp\/v2\/tags?post=6952"}],"curies":[{"name":"gracias","href":"https:\/\/api.w.org\/{rel}","templated":true}]}}