{"id":6948,"date":"2026-04-02T08:03:43","date_gmt":"2026-04-02T06:03:43","guid":{"rendered":"https:\/\/mostra.es\/?p=6948"},"modified":"2026-04-02T08:03:44","modified_gmt":"2026-04-02T06:03:44","slug":"el-ayuntamiento-de-camarinas-aprueba-en-una-historica-sesion-plenaria-el-cambio-de-nombre-de-la-avenida-ambrosio-feijoo-a-avenida-das-palilleiras","status":"publish","type":"post","link":"https:\/\/mostra.es\/es\/actualidade\/prensa\/o-concello-de-camarinas-aproba-nun-pleno-historico-cambiar-o-nome-da-avenida-ambrosio-feijoo-por-avenida-das-palilleiras\/","title":{"rendered":"El Ayuntamiento de Camari\u00f1as aprueba en un pleno hist\u00f3rico el cambio de nombre de la Avenida Ambrosio Feijoo a &#039;Avenida das Palilleiras&#039;\u2018\u00a0"},"content":{"rendered":"<p>El Ayuntamiento de Camari\u00f1as hizo historia este mi\u00e9rcoles 1 de abril con la celebraci\u00f3n de una sesi\u00f3n plenaria extraordinaria en el recinto ferial de la Mostra do Encaixe, justo antes de la inauguraci\u00f3n oficial de su trig\u00e9simo quinta edici\u00f3n. El consistorio aprob\u00f3 el cambio de nombre de la actual Avenida Ambrosio Feijoo, que a partir de hoy se llamar\u00e1 oficialmente Avenida das Palilleiras.<\/p>\n\n\n\n<p>El gobierno local impuls\u00f3 este cambio en cumplimiento de la normativa vigente sobre memoria democr\u00e1tica, con el fin de \u201cadaptar la calle municipal a los principios de respeto, convivencia y reconocimiento de los valores democr\u00e1ticos\u201d. Sin embargo, la medida trasciende el mero tr\u00e1mite administrativo para convertirse en \u201cuna expresi\u00f3n de reconocimiento institucional y colectivo a todas las mujeres que, con su trabajo silencioso, constante y magistral, fueron y son el alma de la identidad de Camari\u00f1as\u201d.<\/p>\n\n\n\n<p>En su discurso de clausura de la sesi\u00f3n plenaria, la alcaldesa se dirigi\u00f3 directamente a los fabricantes de palillos de dientes presentes en el pabell\u00f3n V\u00edctor Vigo para resaltar la inmensidad de su legado: \u201cDurante siglos, su trabajo fue silencioso, a menudo invisible y casi siempre realizado a puerta cerrada, a la luz de las velas o junto a la ventana. Pero con esos palillos, con esos punzones y con ese hilo, no solo ayudaron a sus familias a superar los momentos m\u00e1s dif\u00edciles; ayudaron a construir Camari\u00f1as. Pusieron nuestro nombre en el mapa mundial\u201d.<\/p>\n\n\n\n<p>La justificaci\u00f3n oficial del cambio de calle subraya que los artesanos representan mucho m\u00e1s que una tradici\u00f3n; son \u201cmemoria viva, transmisi\u00f3n de conocimientos entre generaciones, orgullo y el s\u00edmbolo m\u00e1s aut\u00e9ntico de una ciudad que ha logrado convertir el encaje en un signo de identidad universal\u201d.<\/p>\n\n\n\n<p>La alcaldesa destac\u00f3 el fuerte simbolismo del cambio de nombre de la calle: \u201cCambiar este nombre es un acto de justicia hist\u00f3rica, dignidad y reivindicaci\u00f3n feminista. A partir de hoy, una de las calles principales de nuestro pueblo llevar\u00e1 tu nombre. Y cuando nuestros ni\u00f1os y ni\u00f1as la recorran, cuando vean esa placa, sabr\u00e1n que la verdadera grandeza e historia de Camari\u00f1as est\u00e1 escrita en t\u00e9rminos femeninos\u201d.<\/p>\n\n\n\n<p>La celebraci\u00f3n de esta sesi\u00f3n plenaria adquiere un significado a\u00fan m\u00e1s profundo al coincidir con la inauguraci\u00f3n de una edici\u00f3n tan grandiosa e hist\u00f3rica como la del trig\u00e9simo quinto aniversario de la Mostra do Encaixe. El Ayuntamiento rinde as\u00ed un justo y necesario homenaje a los verdaderos protagonistas de esta trayectoria colectiva: \u201caquellos que fueron, los que son y los que seguir\u00e1n manteniendo vivo este arte que nos define como pueblo\u201d.<\/p>\n\n\n\n<figure class=\"wp-block-image size-large\"><img fetchpriority=\"high\" decoding=\"async\" width=\"1024\" height=\"683\" src=\"https:\/\/mostra.es\/wp-content\/uploads\/2026\/04\/Pleno-Avenida-das-Palilleiras-00002-1024x683.jpg\" alt=\"\" class=\"wp-image-6950\" title=\"\" srcset=\"https:\/\/mostra.es\/wp-content\/uploads\/2026\/04\/Pleno-Avenida-das-Palilleiras-00002-1024x683.jpg 1024w, https:\/\/mostra.es\/wp-content\/uploads\/2026\/04\/Pleno-Avenida-das-Palilleiras-00002-300x200.jpg 300w, https:\/\/mostra.es\/wp-content\/uploads\/2026\/04\/Pleno-Avenida-das-Palilleiras-00002-768x512.jpg 768w, https:\/\/mostra.es\/wp-content\/uploads\/2026\/04\/Pleno-Avenida-das-Palilleiras-00002-18x12.jpg 18w, https:\/\/mostra.es\/wp-content\/uploads\/2026\/04\/Pleno-Avenida-das-Palilleiras-00002.jpg 1500w\" sizes=\"(max-width: 1024px) 100vw, 1024px\" \/><\/figure>","protected":false},"excerpt":{"rendered":"<p>La decisi\u00f3n fue adoptada hoy en una sesi\u00f3n extraordinaria celebrada en las instalaciones de la XXXV Mostra do Encaixe, rodeada por las palleiras propias de la ciudad.<\/p>\n<p>El alcalde destac\u00f3 que la medida no solo cumple con la Ley de Memoria Democr\u00e1tica, sino que tambi\u00e9n representa &quot;un acto de justicia hist\u00f3rica, dignidad y reivindicaci\u00f3n feminista&quot;.<\/p>\n<p>\u201cCuando nuestras ni\u00f1as y ni\u00f1os pasen por all\u00ed, cuando vean esa placa, sabr\u00e1n que la verdadera grandeza y la historia de Camari\u00f1as est\u00e1n escritas en t\u00e9rminos femeninos\u201d, dijo Sandra Insua.<\/p>","protected":false},"author":1,"featured_media":6949,"comment_status":"open","ping_status":"closed","sticky":false,"template":"","format":"standard","meta":{"footnotes":""},"categories":[10],"tags":[567],"class_list":["post-6948","post","type-post","status-publish","format-standard","has-post-thumbnail","hentry","category-prensa","tag-xxxv-mostra-do-encaixe"],"_links":{"self":[{"href":"https:\/\/mostra.es\/es\/wp-json\/wp\/v2\/posts\/6948","targetHints":{"allow":["GET"]}}],"collection":[{"href":"https:\/\/mostra.es\/es\/wp-json\/wp\/v2\/posts"}],"about":[{"href":"https:\/\/mostra.es\/es\/wp-json\/wp\/v2\/types\/post"}],"author":[{"embeddable":true,"href":"https:\/\/mostra.es\/es\/wp-json\/wp\/v2\/users\/1"}],"replies":[{"embeddable":true,"href":"https:\/\/mostra.es\/es\/wp-json\/wp\/v2\/comments?post=6948"}],"version-history":[{"count":1,"href":"https:\/\/mostra.es\/es\/wp-json\/wp\/v2\/posts\/6948\/revisions"}],"predecessor-version":[{"id":6951,"href":"https:\/\/mostra.es\/es\/wp-json\/wp\/v2\/posts\/6948\/revisions\/6951"}],"wp:featuredmedia":[{"embeddable":true,"href":"https:\/\/mostra.es\/es\/wp-json\/wp\/v2\/media\/6949"}],"wp:attachment":[{"href":"https:\/\/mostra.es\/es\/wp-json\/wp\/v2\/media?parent=6948"}],"wp:term":[{"taxonomy":"category","embeddable":true,"href":"https:\/\/mostra.es\/es\/wp-json\/wp\/v2\/categories?post=6948"},{"taxonomy":"post_tag","embeddable":true,"href":"https:\/\/mostra.es\/es\/wp-json\/wp\/v2\/tags?post=6948"}],"curies":[{"name":"gracias","href":"https:\/\/api.w.org\/{rel}","templated":true}]}}