{"id":6946,"date":"2026-03-30T13:59:35","date_gmt":"2026-03-30T11:59:35","guid":{"rendered":"https:\/\/mostra.es\/?p=6946"},"modified":"2026-03-30T13:59:35","modified_gmt":"2026-03-30T11:59:35","slug":"mas-de-37-voluntarios-garantizaron-el-buen-funcionamiento-del-desfile-de-encajes-xxxv","status":"publish","type":"post","link":"https:\/\/mostra.es\/es\/actualidade\/prensa\/mais-de-37-voluntarias-e-voluntarios-aseguraran-o-bo-funcionamento-da-xxxv-mostra-do-encaixe\/","title":{"rendered":"M\u00e1s de 37 voluntarios garantizar\u00e1n el buen desarrollo de la XXXV Feria del Encaje.\u00a0"},"content":{"rendered":"<p>La XXXV Exposici\u00f3n de Encaje de Camari\u00f1as de la Diputaci\u00f3n Provincial de A Coru\u00f1a contar\u00e1 un a\u00f1o m\u00e1s con un equipo fenomenal de voluntarios formado por m\u00e1s de 37 personas que, como cada a\u00f1o, garantizar\u00e1n el buen desarrollo del evento durante los cinco d\u00edas.\u00a0\u00a0<\/p>\n\n\n\n<p>Por un lado, ser\u00e1n los encargados de coordinar que toda la programaci\u00f3n se desarrolle seg\u00fan lo previsto, tanto en el control de acceso o en el mostrador de informaci\u00f3n como en el acceso al sal\u00f3n de actos, ayudando tambi\u00e9n a los visitantes ante cualquier duda que puedan tener.&nbsp;<\/p>\n\n\n\n<p>Por otra parte, como es habitual, el grupo de Protecci\u00f3n Civil de Camari\u00f1as desplegar\u00e1 un dispositivo de seguridad y tr\u00e1fico, imprescindible para el desarrollo de la Mostra y tambi\u00e9n para resolver cualquier imprevisto.<\/p>\n\n\n\n<figure class=\"wp-block-embed is-type-video is-provider-youtube wp-block-embed-youtube wp-embed-aspect-16-9 wp-has-aspect-ratio\"><div class=\"wp-block-embed__wrapper\">\n<iframe title=\"Spot XXXV Exposici\u00f3n de Encajes de Camari\u00f1as 2026\" width=\"800\" height=\"450\" src=\"https:\/\/www.youtube.com\/embed\/D7fdQ6-G5Do?feature=oembed\" frameborder=\"0\" allow=\"accelerometer; autoplay; clipboard-write; encrypted-media; gyroscope; picture-in-picture; web-share\" referrerpolicy=\"strict-origin-when-cross-origin\" allowfullscreen><\/iframe>\n<\/div><\/figure>","protected":false},"excerpt":{"rendered":"<p>Ellos ser\u00e1n los encargados de coordinar que toda la programaci\u00f3n se desarrolle seg\u00fan lo previsto y el equipo de Protecci\u00f3n Civil velar\u00e1 por la seguridad del evento.<\/p>","protected":false},"author":1,"featured_media":6793,"comment_status":"open","ping_status":"closed","sticky":false,"template":"","format":"standard","meta":{"footnotes":""},"categories":[10],"tags":[],"class_list":["post-6946","post","type-post","status-publish","format-standard","has-post-thumbnail","hentry","category-prensa"],"_links":{"self":[{"href":"https:\/\/mostra.es\/es\/wp-json\/wp\/v2\/posts\/6946","targetHints":{"allow":["GET"]}}],"collection":[{"href":"https:\/\/mostra.es\/es\/wp-json\/wp\/v2\/posts"}],"about":[{"href":"https:\/\/mostra.es\/es\/wp-json\/wp\/v2\/types\/post"}],"author":[{"embeddable":true,"href":"https:\/\/mostra.es\/es\/wp-json\/wp\/v2\/users\/1"}],"replies":[{"embeddable":true,"href":"https:\/\/mostra.es\/es\/wp-json\/wp\/v2\/comments?post=6946"}],"version-history":[{"count":1,"href":"https:\/\/mostra.es\/es\/wp-json\/wp\/v2\/posts\/6946\/revisions"}],"predecessor-version":[{"id":6947,"href":"https:\/\/mostra.es\/es\/wp-json\/wp\/v2\/posts\/6946\/revisions\/6947"}],"wp:featuredmedia":[{"embeddable":true,"href":"https:\/\/mostra.es\/es\/wp-json\/wp\/v2\/media\/6793"}],"wp:attachment":[{"href":"https:\/\/mostra.es\/es\/wp-json\/wp\/v2\/media?parent=6946"}],"wp:term":[{"taxonomy":"category","embeddable":true,"href":"https:\/\/mostra.es\/es\/wp-json\/wp\/v2\/categories?post=6946"},{"taxonomy":"post_tag","embeddable":true,"href":"https:\/\/mostra.es\/es\/wp-json\/wp\/v2\/tags?post=6946"}],"curies":[{"name":"gracias","href":"https:\/\/api.w.org\/{rel}","templated":true}]}}