{"id":6940,"date":"2026-03-28T12:46:55","date_gmt":"2026-03-28T11:46:55","guid":{"rendered":"https:\/\/mostra.es\/?p=6940"},"modified":"2026-03-28T12:46:56","modified_gmt":"2026-03-28T11:46:56","slug":"jose-matteos-despliega-su-creatividad-en-el-desfile-de-encaje-xxxv-con-matteos-bridal-y-ose-couture","status":"publish","type":"post","link":"https:\/\/mostra.es\/es\/actualidade\/prensa\/jose-matteos-desdobra-a-sua-creatividade-na-xxxv-mostra-do-encaixe-con-matteos-bridal-e-ose-couture\/","title":{"rendered":"Jos\u00e9 Matteos despliega su creatividad en la XXXV Exposici\u00f3n de Encaje con MATTE\u00d4S Bridal y \u00d4SE Couture."},"content":{"rendered":"<p>La pasarela de los Grandes Dise\u00f1adores de la XXXV Feria del Encaje de Camari\u00f1as de la Diputaci\u00f3n Provincial de A Coru\u00f1a acoger\u00e1 una de las propuestas creativas m\u00e1s ambiciosas de esta edici\u00f3n. El dise\u00f1ador Jos\u00e9 Matteos volver\u00e1 a ser protagonista presentando las nuevas colecciones de sus dos marcas: MATTE\u00d4S Bridal, para novias, y la marca de moda conceptual \u00d4SE Couture.<\/p>\n\n\n\n<p>Para el creador, participar en este trig\u00e9simo quinto aniversario tiene un significado muy especial y profundamente simb\u00f3lico. \u201cEsta podr\u00eda ser mi \u00faltima colaboraci\u00f3n con la Mostra por un tiempo\u201d, confiesa Matteos. Por ello, decidi\u00f3 presentar ambas colecciones al p\u00fablico camari\u00f1\u00e1n por primera vez como reconocimiento a un espacio que ha sido clave en su trayectoria desde su primera participaci\u00f3n en 2005, cuando fue premiado como dise\u00f1ador emergente.<\/p>\n\n\n\n<h2 class=\"wp-block-heading\"><strong>\u201cCamari\u00f1as Tierra Querida\u201d: la apuesta comercial por las palilleras<\/strong><\/h2>\n\n\n\n<p>Bajo su marca nupcial, MATTE\u00d4S Bridal, el dise\u00f1ador desfilar\u00e1 con la colecci\u00f3n \u201cCamari\u00f1as Tierra Querida\u201d. Estas propuestas, que incorporan encaje de Camari\u00f1as, se presentan estos mismos d\u00edas (del 28 al 30 de marzo) en un congreso internacional de tiendas y showrooms en Par\u00eds, desde donde viajar\u00e1n directamente a Galicia para Semana Santa.<\/p>\n\n\n\n<p>Esta l\u00ednea est\u00e1 dirigida a novias que buscan piezas especiales y valoran la artesan\u00eda. Para Matteos, el objetivo va m\u00e1s all\u00e1 de lo puramente est\u00e9tico: \u201cCreo que es fundamental que la Mostra no se limite a mostrar el encaje, sino que todo el trabajo tenga un efecto tangible. Que estos vestidos se vendan y, a su vez, generen nuevos pedidos de encaje para las encajeras, reforzando su labor artesanal y asegurando la continuidad de su oficio\u201d, afirma.<\/p>\n\n\n\n<h2 class=\"wp-block-heading\"><strong>\u201c&quot;Galicia Eterna&quot;: el contrapunto conceptual de \u00d4SE Couture<\/strong><\/h2>\n\n\n\n<p>Como contrapunto a la delicadeza nupcial, la firma \u00d4SE Couture presentar\u00e1 \u201cGalicia Eterna\u201d, una colecci\u00f3n que se lanzar\u00e1 comercialmente en septiembre, pero que el p\u00fablico de la Mostra podr\u00e1 disfrutar de primera mano.<\/p>\n\n\n\n<p>\u201cEs una propuesta muy potente que conecta con mis ra\u00edces y la esencia m\u00e1s profunda de mi identidad creativa\u201d, explica el dise\u00f1ador. Esta l\u00ednea funciona como un contrapunto perfecto, mostrando la dualidad que siempre ha marcado su visi\u00f3n. La puesta en escena ser\u00e1 fundamental, con m\u00fasica creada exclusivamente para el desfile en Camari\u00f1as que no solo acompa\u00f1ar\u00e1, sino que \u201cconstruir\u00e1 el mensaje\u201d.<\/p>\n\n\n\n<p>Para lograr integrar el antiguo y delicado encaje de Camari\u00f1as en dos mundos tan diferentes (la tradici\u00f3n nupcial y el arte conceptual vanguardista), Matteos asegura que el &quot;cambio de chip&quot; es sencillo gracias a su forma de trabajar.<\/p>\n\n\n\n<p>Autodefini\u00e9ndose como un \u201cartesano de la aguja y el dise\u00f1o\u201d, Matteos confecciona personalmente los prototipos, aplicando una metodolog\u00eda desarrollada a lo largo de los a\u00f1os para asegurar la integraci\u00f3n del encaje respetando su delicadeza. \u201cEn \u00d4SE Couture, la creatividad me permite experimentar, pero el verdadero reto es encontrar el equilibrio entre el dise\u00f1o, la creaci\u00f3n de una prenda para la pasarela, la alta costura y el marketing, integrando de forma natural el encaje de Camari\u00f1as\u201d, concluye.<\/p>","protected":false},"excerpt":{"rendered":"<p>La colecci\u00f3n nupcial llegar\u00e1 a Camari\u00f1as directamente desde su presentaci\u00f3n en Par\u00eds, mientras que la l\u00ednea conceptual aportar\u00e1 el contrapunto explorando su dualidad con una banda sonora exclusiva.<\/p>","protected":false},"author":1,"featured_media":4505,"comment_status":"open","ping_status":"closed","sticky":false,"template":"","format":"standard","meta":{"footnotes":""},"categories":[10],"tags":[372,237,567],"class_list":["post-6940","post","type-post","status-publish","format-standard","has-post-thumbnail","hentry","category-prensa","tag-jose-matteos","tag-pasarela-da-mostra","tag-xxxv-mostra-do-encaixe"],"_links":{"self":[{"href":"https:\/\/mostra.es\/es\/wp-json\/wp\/v2\/posts\/6940","targetHints":{"allow":["GET"]}}],"collection":[{"href":"https:\/\/mostra.es\/es\/wp-json\/wp\/v2\/posts"}],"about":[{"href":"https:\/\/mostra.es\/es\/wp-json\/wp\/v2\/types\/post"}],"author":[{"embeddable":true,"href":"https:\/\/mostra.es\/es\/wp-json\/wp\/v2\/users\/1"}],"replies":[{"embeddable":true,"href":"https:\/\/mostra.es\/es\/wp-json\/wp\/v2\/comments?post=6940"}],"version-history":[{"count":1,"href":"https:\/\/mostra.es\/es\/wp-json\/wp\/v2\/posts\/6940\/revisions"}],"predecessor-version":[{"id":6941,"href":"https:\/\/mostra.es\/es\/wp-json\/wp\/v2\/posts\/6940\/revisions\/6941"}],"wp:featuredmedia":[{"embeddable":true,"href":"https:\/\/mostra.es\/es\/wp-json\/wp\/v2\/media\/4505"}],"wp:attachment":[{"href":"https:\/\/mostra.es\/es\/wp-json\/wp\/v2\/media?parent=6940"}],"wp:term":[{"taxonomy":"category","embeddable":true,"href":"https:\/\/mostra.es\/es\/wp-json\/wp\/v2\/categories?post=6940"},{"taxonomy":"post_tag","embeddable":true,"href":"https:\/\/mostra.es\/es\/wp-json\/wp\/v2\/tags?post=6940"}],"curies":[{"name":"gracias","href":"https:\/\/api.w.org\/{rel}","templated":true}]}}