{"id":6932,"date":"2026-03-28T08:00:00","date_gmt":"2026-03-28T07:00:00","guid":{"rendered":"https:\/\/mostra.es\/?p=6932"},"modified":"2026-03-26T17:51:42","modified_gmt":"2026-03-26T16:51:42","slug":"una-de-las-referencias-de-la-moda-de-bano-en-espana-estara-presente-un-ano-mas-en-el-desfile-de-encajes-de-dolores-cortes","status":"publish","type":"post","link":"https:\/\/mostra.es\/es\/actualidade\/prensa\/unha-das-referencias-da-moda-de-bano-en-espana-estara-un-ano-mais-na-mostra-do-encaixe-de-camarinas-dolores-cortes\/","title":{"rendered":"Una de las referencias de la moda de ba\u00f1o en Espa\u00f1a estar\u00e1 presente un a\u00f1o m\u00e1s en la Feria del Encaje de Camari\u00f1as: Dolores Cort\u00e9s."},"content":{"rendered":"<p>Una de las referencias en moda de ba\u00f1o en Espa\u00f1a, y con proyecci\u00f3n internacional, estar\u00e1 presente un a\u00f1o m\u00e1s en la Feria del Encaje de Camari\u00f1as: la valenciana Dolores Cort\u00e9s es una de las \u00faltimas confirmaciones del desfile de Grandes Dise\u00f1adores de la XXXV Feria del Encaje de Camari\u00f1as de la Diputaci\u00f3n Provincial de A Coru\u00f1a.\u00a0<\/p>\n\n\n\n<p>Dolores Cort\u00e9s, perteneciente a la segunda generaci\u00f3n de una familia de artesanos, inici\u00f3 su andadura en la empresa con un esp\u00edritu creativo e inconformista que perdura hasta hoy. Fue pionera en Espa\u00f1a en la introducci\u00f3n del patronaje computerizado y el corte autom\u00e1tico para la confecci\u00f3n de trajes de ba\u00f1o.<\/p>\n\n\n\n<p>Se abri\u00f3 a nuevos mercados y desde principios de los 80, la empresa comenz\u00f3 a exportar a varios pa\u00edses. Moderna y competitiva, <em>Trajes de ba\u00f1o de Dolores Cort\u00e9s<\/em> aborda el tercer desaf\u00edo principal: lograr que el concepto <strong>MODA <\/strong>asociadas con productos de ba\u00f1o y desfiles en las pasarelas principales.&nbsp;<\/p>\n\n\n\n<figure class=\"wp-block-embed is-type-video is-provider-youtube wp-block-embed-youtube wp-embed-aspect-16-9 wp-has-aspect-ratio\"><div class=\"wp-block-embed__wrapper\">\n<iframe title=\"XXIX Exposici\u00f3n de Encajes- Dolores Cort\u00e9s\" width=\"800\" height=\"450\" src=\"https:\/\/www.youtube.com\/embed\/e21zqRG4WqI?feature=oembed\" frameborder=\"0\" allow=\"accelerometer; autoplay; clipboard-write; encrypted-media; gyroscope; picture-in-picture; web-share\" referrerpolicy=\"strict-origin-when-cross-origin\" allowfullscreen><\/iframe>\n<\/div><\/figure>\n\n\n\n<p>Dolores Cort\u00e9s inici\u00f3 su carrera en el mundo de las pasarelas en 1999 en la Pasarela del Carmen de Valencia. Posteriormente, debut\u00f3 en la Pasarela Gaud\u00ed de Barcelona con su colecci\u00f3n de trajes de ba\u00f1o para el verano de 2002.<\/p>\n\n\n\n<p>En 2007 comenz\u00f3 su participaci\u00f3n en la pasarela Cibeles en Madrid y desde 2008 tambi\u00e9n ha participado en la pasarela Gran Canaria Moda C\u00e1lida. En 2010 fue invitada a participar en la pasarela m\u00e1s importante de Am\u00e9rica Moda Ba\u00f1o, la <em>Trajes de ba\u00f1o para la Semana de la Moda de Mercedes-Benz<\/em> junto a la <em>Desfile de modas <\/em>De este modo, se inici\u00f3 la apertura al mercado estadounidense.<\/p>\n\n\n\n<p>Ese mismo a\u00f1o, la firma Dolores Cort\u00e9s fue seleccionada para confeccionar los trajes de ba\u00f1o del equipo nacional de nataci\u00f3n sincronizada para el Campeonato Mundial en Shangh\u00e1i.<\/p>\n\n\n\n<p>Dolores Font Cort\u00e9s es actualmente presidenta de la Asociaci\u00f3n de Dise\u00f1adores de Moda de la Comunidad Valenciana (DIMOVA). En 2012 colabor\u00f3 con el equipo nacional de nataci\u00f3n sincronizada para los Juegos Ol\u00edmpicos de Londres, dise\u00f1ando y fabricando \u00edntegramente algunos de los ba\u00f1adores. Este equipo gan\u00f3 dos medallas, una de plata y otra de bronce, siendo especialmente aclamada la maqueta de plata, dise\u00f1ada y fabricada \u00edntegramente por la dise\u00f1adora valenciana.&nbsp;<\/p>","protected":false},"excerpt":{"rendered":"<p>La dise\u00f1adora valenciana comenz\u00f3 su carrera en el mundo de las pasarelas en 1999, debutando en su ciudad natal.\u00a0<\/p>","protected":false},"author":1,"featured_media":6933,"comment_status":"open","ping_status":"closed","sticky":false,"template":"","format":"standard","meta":{"footnotes":""},"categories":[10],"tags":[172,237,567],"class_list":["post-6932","post","type-post","status-publish","format-standard","has-post-thumbnail","hentry","category-prensa","tag-dolores-cortes","tag-pasarela-da-mostra","tag-xxxv-mostra-do-encaixe"],"_links":{"self":[{"href":"https:\/\/mostra.es\/es\/wp-json\/wp\/v2\/posts\/6932","targetHints":{"allow":["GET"]}}],"collection":[{"href":"https:\/\/mostra.es\/es\/wp-json\/wp\/v2\/posts"}],"about":[{"href":"https:\/\/mostra.es\/es\/wp-json\/wp\/v2\/types\/post"}],"author":[{"embeddable":true,"href":"https:\/\/mostra.es\/es\/wp-json\/wp\/v2\/users\/1"}],"replies":[{"embeddable":true,"href":"https:\/\/mostra.es\/es\/wp-json\/wp\/v2\/comments?post=6932"}],"version-history":[{"count":1,"href":"https:\/\/mostra.es\/es\/wp-json\/wp\/v2\/posts\/6932\/revisions"}],"predecessor-version":[{"id":6934,"href":"https:\/\/mostra.es\/es\/wp-json\/wp\/v2\/posts\/6932\/revisions\/6934"}],"wp:featuredmedia":[{"embeddable":true,"href":"https:\/\/mostra.es\/es\/wp-json\/wp\/v2\/media\/6933"}],"wp:attachment":[{"href":"https:\/\/mostra.es\/es\/wp-json\/wp\/v2\/media?parent=6932"}],"wp:term":[{"taxonomy":"category","embeddable":true,"href":"https:\/\/mostra.es\/es\/wp-json\/wp\/v2\/categories?post=6932"},{"taxonomy":"post_tag","embeddable":true,"href":"https:\/\/mostra.es\/es\/wp-json\/wp\/v2\/tags?post=6932"}],"curies":[{"name":"gracias","href":"https:\/\/api.w.org\/{rel}","templated":true}]}}