{"id":6929,"date":"2026-03-27T08:00:00","date_gmt":"2026-03-27T07:00:00","guid":{"rendered":"https:\/\/mostra.es\/?p=6929"},"modified":"2026-03-26T17:44:56","modified_gmt":"2026-03-26T16:44:56","slug":"gubem-event-volvera-a-estar-a-cargo-de-la-pasarela-del-desfile-de-encaje-del-xxxv-dressing-room","status":"publish","type":"post","link":"https:\/\/mostra.es\/es\/actualidade\/prensa\/gubem-event-volvera-encargarse-da-pasarela-da-xxxv-mostra-do-encaixe-de-camarinas\/","title":{"rendered":"Gubem Event volver\u00e1 a estar a cargo del desfile de la XXXV Feria del Encaje de Camarinas."},"content":{"rendered":"<p>La pasarela de la XXXV Exposici\u00f3n de Encaje de Camari\u00f1as de la Diputaci\u00f3n Provincial de A Coru\u00f1a destaca como referente nacional en cuanto a organizaci\u00f3n y propuesta visual, presentando espect\u00e1culos estructurados, din\u00e1micos y entretenidos para el p\u00fablico, tanto para los m\u00e1s expertos como para aquellos que se acercan al mundo de la moda por primera vez.&nbsp;&nbsp;<\/p>\n\n\n\n<p>La empresa gallega Gubem Event ser\u00e1, un a\u00f1o m\u00e1s, la responsable de la organizaci\u00f3n y coordinaci\u00f3n del desfile Camari\u00f1as Lace Show, consolidando as\u00ed su papel en uno de los eventos m\u00e1s relevantes del calendario de la moda en Galicia.<\/p>\n\n\n\n<p>Al frente de la empresa se encuentra el modelo internacional Dami\u00e1n \u00c1lvarez, quien lidera un proyecto que combina experiencia en el sector de la moda y capacidad organizativa, aportando una visi\u00f3n profesional y actual a la puesta en escena de los desfiles.<\/p>\n\n\n\n<p>Desde la llegada de Gubem Event para coordinar el desfile, la Mostra ha experimentado un notable aumento en la asistencia de p\u00fablico, lo que refleja un formato m\u00e1s din\u00e1mico y atractivo, adaptado a las nuevas tendencias del sector.<\/p>\n\n\n\n<p>\u201cNos comprometemos a una cuidadosa selecci\u00f3n de modelos, incorporando perfiles diversos y muy interesantes, as\u00ed como a cambios constantes en la coreograf\u00eda y la estructura de los desfiles. El objetivo es ofrecer una pasarela din\u00e1mica, variada y sorprendente, donde cada desfile se convierta en un verdadero espect\u00e1culo\u201d, explica Dami\u00e1n.<\/p>\n\n\n\n<p>Para esta nueva edici\u00f3n, Gubem Event anuncia que habr\u00e1 novedades que reforzar\u00e1n la experiencia del p\u00fablico y seguir\u00e1n posicionando a la Feria de Encaje de Camari\u00f1as como un referente que combina tradici\u00f3n y moda contempor\u00e1nea.<\/p>\n\n\n\n<figure class=\"wp-block-embed is-type-video is-provider-youtube wp-block-embed-youtube wp-embed-aspect-16-9 wp-has-aspect-ratio\"><div class=\"wp-block-embed__wrapper\">\n<iframe title=\"Entrevista al modelo internacional Dami\u00e1n \u00c1lvarez\" width=\"800\" height=\"450\" src=\"https:\/\/www.youtube.com\/embed\/ba1tWJXgf3M?feature=oembed\" frameborder=\"0\" allow=\"accelerometer; autoplay; clipboard-write; encrypted-media; gyroscope; picture-in-picture; web-share\" referrerpolicy=\"strict-origin-when-cross-origin\" allowfullscreen><\/iframe>\n<\/div><\/figure>","protected":false},"excerpt":{"rendered":"<p>La empresa gallega, encabezada por Dami\u00e1n \u00c1lvarez, de Vitoria-Gasteiz, ser\u00e1 la encargada de coordinar el desfile por quinto a\u00f1o consecutivo.<\/p>\n<p>\u201cNos comprometemos a una cuidadosa selecci\u00f3n de modelos, as\u00ed como a cambios constantes en la coreograf\u00eda y la estructura de los espect\u00e1culos\u201d, explica Dami\u00e1n.<\/p>","protected":false},"author":1,"featured_media":6930,"comment_status":"open","ping_status":"closed","sticky":false,"template":"","format":"standard","meta":{"footnotes":""},"categories":[10],"tags":[16,237,567],"class_list":["post-6929","post","type-post","status-publish","format-standard","has-post-thumbnail","hentry","category-prensa","tag-damian-alvarez","tag-pasarela-da-mostra","tag-xxxv-mostra-do-encaixe"],"_links":{"self":[{"href":"https:\/\/mostra.es\/es\/wp-json\/wp\/v2\/posts\/6929","targetHints":{"allow":["GET"]}}],"collection":[{"href":"https:\/\/mostra.es\/es\/wp-json\/wp\/v2\/posts"}],"about":[{"href":"https:\/\/mostra.es\/es\/wp-json\/wp\/v2\/types\/post"}],"author":[{"embeddable":true,"href":"https:\/\/mostra.es\/es\/wp-json\/wp\/v2\/users\/1"}],"replies":[{"embeddable":true,"href":"https:\/\/mostra.es\/es\/wp-json\/wp\/v2\/comments?post=6929"}],"version-history":[{"count":1,"href":"https:\/\/mostra.es\/es\/wp-json\/wp\/v2\/posts\/6929\/revisions"}],"predecessor-version":[{"id":6931,"href":"https:\/\/mostra.es\/es\/wp-json\/wp\/v2\/posts\/6929\/revisions\/6931"}],"wp:featuredmedia":[{"embeddable":true,"href":"https:\/\/mostra.es\/es\/wp-json\/wp\/v2\/media\/6930"}],"wp:attachment":[{"href":"https:\/\/mostra.es\/es\/wp-json\/wp\/v2\/media?parent=6929"}],"wp:term":[{"taxonomy":"category","embeddable":true,"href":"https:\/\/mostra.es\/es\/wp-json\/wp\/v2\/categories?post=6929"},{"taxonomy":"post_tag","embeddable":true,"href":"https:\/\/mostra.es\/es\/wp-json\/wp\/v2\/tags?post=6929"}],"curies":[{"name":"gracias","href":"https:\/\/api.w.org\/{rel}","templated":true}]}}