{"id":6913,"date":"2026-03-26T13:54:58","date_gmt":"2026-03-26T12:54:58","guid":{"rendered":"https:\/\/mostra.es\/?p=6913"},"modified":"2026-03-26T13:56:03","modified_gmt":"2026-03-26T12:56:03","slug":"las-grandes-firmas-devotalomba-y-claudia-mata-continuan-su-idilio-con-la-muestra-de-encaje-para-vestidor","status":"publish","type":"post","link":"https:\/\/mostra.es\/es\/actualidade\/prensa\/as-grandes-firmas-devotalomba-e-claudina-mata-continuan-o-seu-idilio-coa-mostra-do-encaixe-de-camarinas\/","title":{"rendered":"Las grandes firmas DEVOTA&amp;LOMBA y Claudina Mata contin\u00faan su idilio con la Exposici\u00f3n de Encajes de Camari\u00f1as.\u00a0"},"content":{"rendered":"<p>DEVOTA&amp;LOMBA y Claudina Mata, dos de las grandes marcas que asisten habitualmente al Camari\u00f1as Lace Show, contin\u00faan su idilio con el evento y llevar\u00e1n sus dise\u00f1os a la pasarela de la Diputaci\u00f3n Provincial de A Coru\u00f1a.&nbsp;<\/p>\n\n\n\n<p>Como explica Modesto Lomba, de DEVOTA&amp;LOMBA, \u201cpara nosotros, que partimos de nuestra esencia minimalista y nuestra artesan\u00eda, integrar la delicadeza del encaje es un reto para alcanzar la excelencia, y tambi\u00e9n intentaremos mostrar creatividad\u201d. En la colecci\u00f3n de esta trig\u00e9simo quinta edici\u00f3n, \u201cintegraremos el encaje en sombreros donde uniremos tradici\u00f3n y vanguardia\u201d.\u201d<\/p>\n\n\n\n<p>Por su parte, Claudina Mata afirma que formar parte de la XXXV Feria del Encaje de Camari\u00f1as \u201ces un verdadero honor y tambi\u00e9n una gran responsabilidad. Es un evento con mucha historia que valora una artesan\u00eda \u00fanica y poder crecer como dise\u00f1adora dentro de este entorno es algo muy especial. Este a\u00f1o presento una colecci\u00f3n en la que sigo explorando la feminidad desde una perspectiva actual, combinando siluetas cuidadas con detalles artesanales muy destacados\u201d.\u201d<\/p>\n\n\n\n<figure class=\"wp-block-embed is-type-video is-provider-youtube wp-block-embed-youtube wp-embed-aspect-16-9 wp-has-aspect-ratio\"><div class=\"wp-block-embed__wrapper\">\n<iframe title=\"21- Claudina Mata nos habla de la Muestra de Encaje de Camari\u00f1as\" width=\"800\" height=\"450\" src=\"https:\/\/www.youtube.com\/embed\/VMCgX0vEYHo?feature=oembed\" frameborder=\"0\" allow=\"accelerometer; autoplay; clipboard-write; encrypted-media; gyroscope; picture-in-picture; web-share\" referrerpolicy=\"strict-origin-when-cross-origin\" allowfullscreen><\/iframe>\n<\/div><\/figure>\n\n\n\n<p>La dise\u00f1adora, originaria de Granada, afirma que \u201cel encaje no es solo un complemento, sino el hilo conductor de toda la colecci\u00f3n, y quise jugar con los contrastes entre delicadeza y estructura, intentando lograr un equilibrio entre tradici\u00f3n y tendencia\u201d.\u201d<\/p>\n\n\n\n<p>\u201cGranada posee una luz, una sensibilidad y una fuerza est\u00e9tica muy marcadas, y esto siempre est\u00e1 presente en mi forma de dise\u00f1ar. Me gusta transmitir esa esencia a trav\u00e9s de los colores, las formas y la actitud de las prendas. Al combinarla con el encaje de Camari\u00f1as, busco crear un di\u00e1logo entre dos culturas: la calidez y la expresividad de Andaluc\u00eda con la delicadeza y la precisi\u00f3n de la tradici\u00f3n gallega. Creo que esta mezcla enriquece enormemente el resultado\u201d, destaca Mata, quien tiene un mensaje para el p\u00fablico: \u201cNo se pueden perder mi desfile, porque ser\u00e1 una colecci\u00f3n muy cuidada, elaborada con respeto y tradici\u00f3n, pero con una perspectiva muy actual. Es una oportunidad para ver c\u00f3mo un oficio tan especial puede seguir creciendo, evolucionando y emocionando\u201d.\u201d<\/p>\n\n\n\n<figure class=\"wp-block-gallery has-nested-images columns-default is-cropped wp-block-gallery-1 is-layout-flex wp-block-gallery-is-layout-flex\">\n<figure class=\"wp-block-image size-large\"><img fetchpriority=\"high\" decoding=\"async\" width=\"1024\" height=\"771\" data-id=\"6917\" src=\"https:\/\/mostra.es\/wp-content\/uploads\/2026\/03\/MODESTO-LOMBA-1024x771.jpg\" alt=\"\" class=\"wp-image-6917\" title=\"\" srcset=\"https:\/\/mostra.es\/wp-content\/uploads\/2026\/03\/MODESTO-LOMBA-1024x771.jpg 1024w, https:\/\/mostra.es\/wp-content\/uploads\/2026\/03\/MODESTO-LOMBA-300x226.jpg 300w, https:\/\/mostra.es\/wp-content\/uploads\/2026\/03\/MODESTO-LOMBA-768x579.jpg 768w, https:\/\/mostra.es\/wp-content\/uploads\/2026\/03\/MODESTO-LOMBA-16x12.jpg 16w, https:\/\/mostra.es\/wp-content\/uploads\/2026\/03\/MODESTO-LOMBA.jpg 1500w\" sizes=\"(max-width: 1024px) 100vw, 1024px\" \/><\/figure>\n\n\n\n<figure class=\"wp-block-image size-large\"><img decoding=\"async\" width=\"1024\" height=\"683\" data-id=\"6916\" src=\"https:\/\/mostra.es\/wp-content\/uploads\/2026\/03\/MODESTO-LOMBA-2-1024x683.jpg\" alt=\"\" class=\"wp-image-6916\" title=\"\" srcset=\"https:\/\/mostra.es\/wp-content\/uploads\/2026\/03\/MODESTO-LOMBA-2-1024x683.jpg 1024w, https:\/\/mostra.es\/wp-content\/uploads\/2026\/03\/MODESTO-LOMBA-2-300x200.jpg 300w, https:\/\/mostra.es\/wp-content\/uploads\/2026\/03\/MODESTO-LOMBA-2-768x512.jpg 768w, https:\/\/mostra.es\/wp-content\/uploads\/2026\/03\/MODESTO-LOMBA-2-18x12.jpg 18w, https:\/\/mostra.es\/wp-content\/uploads\/2026\/03\/MODESTO-LOMBA-2.jpg 1500w\" sizes=\"(max-width: 1024px) 100vw, 1024px\" \/><\/figure>\n\n\n\n<figure class=\"wp-block-image size-large\"><img decoding=\"async\" width=\"1024\" height=\"683\" data-id=\"6915\" src=\"https:\/\/mostra.es\/wp-content\/uploads\/2026\/03\/CLAUDINA-MATA-1024x683.jpg\" alt=\"\" class=\"wp-image-6915\" title=\"\" srcset=\"https:\/\/mostra.es\/wp-content\/uploads\/2026\/03\/CLAUDINA-MATA-1024x683.jpg 1024w, https:\/\/mostra.es\/wp-content\/uploads\/2026\/03\/CLAUDINA-MATA-300x200.jpg 300w, https:\/\/mostra.es\/wp-content\/uploads\/2026\/03\/CLAUDINA-MATA-768x512.jpg 768w, https:\/\/mostra.es\/wp-content\/uploads\/2026\/03\/CLAUDINA-MATA-18x12.jpg 18w, https:\/\/mostra.es\/wp-content\/uploads\/2026\/03\/CLAUDINA-MATA.jpg 1500w\" sizes=\"(max-width: 1024px) 100vw, 1024px\" \/><\/figure>\n\n\n\n<figure class=\"wp-block-image size-large\"><img loading=\"lazy\" decoding=\"async\" width=\"1024\" height=\"683\" data-id=\"6914\" src=\"https:\/\/mostra.es\/wp-content\/uploads\/2026\/03\/CLAUDINA-MATA-2-1024x683.jpg\" alt=\"\" class=\"wp-image-6914\" title=\"\" srcset=\"https:\/\/mostra.es\/wp-content\/uploads\/2026\/03\/CLAUDINA-MATA-2-1024x683.jpg 1024w, https:\/\/mostra.es\/wp-content\/uploads\/2026\/03\/CLAUDINA-MATA-2-300x200.jpg 300w, https:\/\/mostra.es\/wp-content\/uploads\/2026\/03\/CLAUDINA-MATA-2-768x512.jpg 768w, https:\/\/mostra.es\/wp-content\/uploads\/2026\/03\/CLAUDINA-MATA-2-18x12.jpg 18w, https:\/\/mostra.es\/wp-content\/uploads\/2026\/03\/CLAUDINA-MATA-2.jpg 1500w\" sizes=\"(max-width: 1024px) 100vw, 1024px\" \/><\/figure>\n<\/figure>","protected":false},"excerpt":{"rendered":"<p>Modesto Lomba afirma que el objetivo de integrar la esencia del encaje de Camari\u00f1as en sus piezas \u201ces alcanzar la excelencia\u201d.\u201d\u00a0<\/p>\n<p>La dise\u00f1adora afincada en Granada no pod\u00eda faltar a la Mostra y presentar\u00e1 una nueva colecci\u00f3n de vestidos de novia &quot;en la que explorar\u00e9 la feminidad desde un punto de vista actual&quot;, se\u00f1ala.<\/p>","protected":false},"author":1,"featured_media":6916,"comment_status":"open","ping_status":"closed","sticky":false,"template":"","format":"standard","meta":{"footnotes":""},"categories":[10],"tags":[],"class_list":["post-6913","post","type-post","status-publish","format-standard","has-post-thumbnail","hentry","category-prensa"],"_links":{"self":[{"href":"https:\/\/mostra.es\/es\/wp-json\/wp\/v2\/posts\/6913","targetHints":{"allow":["GET"]}}],"collection":[{"href":"https:\/\/mostra.es\/es\/wp-json\/wp\/v2\/posts"}],"about":[{"href":"https:\/\/mostra.es\/es\/wp-json\/wp\/v2\/types\/post"}],"author":[{"embeddable":true,"href":"https:\/\/mostra.es\/es\/wp-json\/wp\/v2\/users\/1"}],"replies":[{"embeddable":true,"href":"https:\/\/mostra.es\/es\/wp-json\/wp\/v2\/comments?post=6913"}],"version-history":[{"count":2,"href":"https:\/\/mostra.es\/es\/wp-json\/wp\/v2\/posts\/6913\/revisions"}],"predecessor-version":[{"id":6919,"href":"https:\/\/mostra.es\/es\/wp-json\/wp\/v2\/posts\/6913\/revisions\/6919"}],"wp:featuredmedia":[{"embeddable":true,"href":"https:\/\/mostra.es\/es\/wp-json\/wp\/v2\/media\/6916"}],"wp:attachment":[{"href":"https:\/\/mostra.es\/es\/wp-json\/wp\/v2\/media?parent=6913"}],"wp:term":[{"taxonomy":"category","embeddable":true,"href":"https:\/\/mostra.es\/es\/wp-json\/wp\/v2\/categories?post=6913"},{"taxonomy":"post_tag","embeddable":true,"href":"https:\/\/mostra.es\/es\/wp-json\/wp\/v2\/tags?post=6913"}],"curies":[{"name":"gracias","href":"https:\/\/api.w.org\/{rel}","templated":true}]}}