{"id":6909,"date":"2026-03-25T17:19:28","date_gmt":"2026-03-25T16:19:28","guid":{"rendered":"https:\/\/mostra.es\/?p=6909"},"modified":"2026-03-25T17:22:09","modified_gmt":"2026-03-25T16:22:09","slug":"comercio-local-artesania-internacional-xxxv-muestra-encaje","status":"publish","type":"post","link":"https:\/\/mostra.es\/es\/actualidade\/prensa\/comercio-local-artesania-internacionais-xxxv-mostra-encaixe\/","title":{"rendered":"Comercio local, artesan\u00eda, stands internacionales y exposiciones de artesan\u00eda en la XXXV Feria del Encaje de Camari\u00f1as."},"content":{"rendered":"<p>La trig\u00e9simo quinta edici\u00f3n de la Exposici\u00f3n de Encaje de Camari\u00f1as de la Diputaci\u00f3n Provincial de A Coru\u00f1a ser\u00e1 todo un \u00e9xito, \u00a1y los visitantes podr\u00e1n adquirir art\u00edculos para el hogar, accesorios de moda, souvenirs y mucho m\u00e1s en los distintos stands de Encaje de Camari\u00f1as!&nbsp;<\/p>\n\n\n\n<p>La Mostra es un escaparate incomparable para los artesanos locales, que muestran sus habilidades durante los cinco d\u00edas que dura el evento y ofrecen al p\u00fablico productos de alta calidad. Este a\u00f1o participan 12 stands de diferentes artesanos de Camari\u00f1as: El Rinc\u00f3n de los Sue\u00f1os, Asoc. Prof. De Palilleiras Rendas, Asoc. Puntillas de Camari\u00f1as, Encaixa-T, Encajes Gelina, Encajes Maruja, Resinheira, Galencaixe, Nadia en Vela, Ondas do Mar, A Tenda de Mar\u00eda Rosa y Cornechi\u00f1o de Lita.<\/p>\n\n\n\n<p>Adem\u00e1s, tambi\u00e9n podr\u00e1s disfrutar de los productos de artesanos de fuera: Ana Trasariz, Arte en Palla, Artesan\u00eda N\u00eda, \u201cAs Nemanqui\u00f1as\u201d, Asociaci\u00f3n Palilleiras \u201cA Nosa Se\u00f1ora da Barca\u201d, Encaixes Arjomil, Encaixes Bel\u00e9n, Encaixes Lucita, Fils i Agulles Carme Espriu, Mulleres Rurais Moraime, Oler\u00eda de Bu\u00f1o, Project Market 13 y Tejas Pintadas.&nbsp;<\/p>\n\n\n\n<p>Tambi\u00e9n habr\u00e1 un espacio social e institucional con la Asociaci\u00f3n contra el C\u00e1ncer \u2013 Junta Local de Camari\u00f1as, la Asociaci\u00f3n Virxe do Carme de Camari\u00f1as, el Ayuntamiento de Camari\u00f1as, la Diputaci\u00f3n Provincial de A Coru\u00f1a, Ponte Friki y tambi\u00e9n tendremos un Punto Violeta.<\/p>\n\n\n\n<p>En el contexto internacional, se concertar\u00e1 una cita con trabajadores de la paja de nivel internacional procedentes de C\u00f3rdoba y Buenos Aires, en Argentina; de Sof\u00eda, Bulgaria; de Krakovany, Eslovaquia; de Novedrate, Italia; de Bobowa, Polonia; de Serra d&#039;el Rei y Peniche, Portugal y tambi\u00e9n de Arenis de Arenys del Mar, en Espa\u00f1a.<br>Las demostraciones de artesan\u00eda en vivo ser\u00e1n realizadas por los alfareros de Bu\u00f1o, <em>Miyuki <\/em>y Tejas Pintadas con exhibiciones de ensamblaje de bisuter\u00eda de piedra natural.<\/p>","protected":false},"excerpt":{"rendered":"<p>Habr\u00e1 un total de 12 stands de diferentes artesanos de Camari\u00f1as: El Rinc\u00f3n de los Sue\u00f1os, Asoc. Prof. De Palilleiras Rendas, Asoc. Puntillas de Camari\u00f1as, Encaixa-T, Encajes Gelina, Encajes Maruja, Resinheira, Galencaixe, Nadia en Vela, Ondas do Mar, A Tenda de Mar\u00eda Rosa y Cornechi\u00f1o de Lita.\u00a0<\/p>\n<p>En el pabell\u00f3n V\u00edctor Vigo se dar\u00e1n cita personas de Argentina, Bulgaria, Eslovaquia, Italia, Polonia y Portugal.\u00a0<\/p>\n<p>Las demostraciones artesanales estar\u00e1n a cargo de alfareros de Bu\u00f1o, Miyuki y Tejas Pintadas, quienes exhibir\u00e1n la elaboraci\u00f3n de bisuter\u00eda con piedras naturales.<\/p>","protected":false},"author":1,"featured_media":6912,"comment_status":"open","ping_status":"closed","sticky":false,"template":"","format":"standard","meta":{"footnotes":""},"categories":[10],"tags":[],"class_list":["post-6909","post","type-post","status-publish","format-standard","has-post-thumbnail","hentry","category-prensa"],"_links":{"self":[{"href":"https:\/\/mostra.es\/es\/wp-json\/wp\/v2\/posts\/6909","targetHints":{"allow":["GET"]}}],"collection":[{"href":"https:\/\/mostra.es\/es\/wp-json\/wp\/v2\/posts"}],"about":[{"href":"https:\/\/mostra.es\/es\/wp-json\/wp\/v2\/types\/post"}],"author":[{"embeddable":true,"href":"https:\/\/mostra.es\/es\/wp-json\/wp\/v2\/users\/1"}],"replies":[{"embeddable":true,"href":"https:\/\/mostra.es\/es\/wp-json\/wp\/v2\/comments?post=6909"}],"version-history":[{"count":1,"href":"https:\/\/mostra.es\/es\/wp-json\/wp\/v2\/posts\/6909\/revisions"}],"predecessor-version":[{"id":6911,"href":"https:\/\/mostra.es\/es\/wp-json\/wp\/v2\/posts\/6909\/revisions\/6911"}],"wp:featuredmedia":[{"embeddable":true,"href":"https:\/\/mostra.es\/es\/wp-json\/wp\/v2\/media\/6912"}],"wp:attachment":[{"href":"https:\/\/mostra.es\/es\/wp-json\/wp\/v2\/media?parent=6909"}],"wp:term":[{"taxonomy":"category","embeddable":true,"href":"https:\/\/mostra.es\/es\/wp-json\/wp\/v2\/categories?post=6909"},{"taxonomy":"post_tag","embeddable":true,"href":"https:\/\/mostra.es\/es\/wp-json\/wp\/v2\/tags?post=6909"}],"curies":[{"name":"gracias","href":"https:\/\/api.w.org\/{rel}","templated":true}]}}