{"id":6905,"date":"2026-03-24T19:22:26","date_gmt":"2026-03-24T18:22:26","guid":{"rendered":"https:\/\/mostra.es\/?p=6905"},"modified":"2026-03-24T19:22:27","modified_gmt":"2026-03-24T18:22:27","slug":"la-estetica-urbana-de-innamoretto-y-la-moda-atlantica-de-elpulpo-se-unen-en-la-pasarela-de-los-grandes-disenadores-de-la-35a-edicion-del-desfile-de-encaje","status":"publish","type":"post","link":"https:\/\/mostra.es\/es\/actualidade\/prensa\/a-estetica-urbana-de-innamoretto-e-a-moda-atlantica-de-elpulpo-unense-na-pasarela-de-grandes-desenadores-da-35a-mostra-do-encaixe\/","title":{"rendered":"La est\u00e9tica urbana de Innamoretto y la moda atl\u00e1ntica de elPulpo se unen en la pasarela de Grandes Dise\u00f1adores de la 35\u00aa Mostra do Encaixe."},"content":{"rendered":"<p>El desfile de los Grandes Dise\u00f1adores de la XXXV edici\u00f3n de la Feria del Encaje de Camari\u00f1as de la Diputaci\u00f3n Provincial de A Coru\u00f1a presentar\u00e1 dos propuestas que, desde enfoques muy diferentes, demuestran la inmensa versatilidad del encaje en la moda actual. El evento contar\u00e1 con el esperado regreso de la marca gallega elPulpo y el gran debut de la firma asturiana Innamoretto.<\/p>\n\n\n\n<p>Despu\u00e9s de sorprender en 2024 al demostrar que el encaje tiene un gran vac\u00edo en la moda actual, <strong>el pulpo<\/strong> Regresa a Camari\u00f1as para celebrar su 35 aniversario como homenaje a sus ra\u00edces y a Galicia. Para la marca, formar parte de este evento es un honor y un privilegio poder incluir un arte tan tradicional y especial, intr\u00ednsecamente ligado a su visi\u00f3n de la moda.<\/p>\n\n\n\n<p>Este a\u00f1o, el equipo de dise\u00f1o de elPulpo ha desarrollado cuatro propuestas especiales. La gran novedad es que, tras presentar \u00fanicamente prendas masculinas en su participaci\u00f3n anterior, en esta ocasi\u00f3n han diversificado y ampliado sus dise\u00f1os pensando en el p\u00fablico femenino a trav\u00e9s de su l\u00ednea elPulpo Teen.<\/p>\n\n\n\n<p>En su l\u00ednea masculina, la marca reinventa las prendas m\u00e1s informales reinterpretando su ic\u00f3nico logo y a\u00f1adiendo detalles de encaje a las prendas superiores, jugando con elementos rom\u00e1nticos y sofisticados poco comunes en la moda masculina. En la l\u00ednea femenina, ha optado por personalizar la l\u00ednea Teen con una est\u00e9tica bohemia y casual, reflejando el estilo t\u00edpico de cualquier pueblo costero gallego en verano.<\/p>\n\n\n\n<p>Canle explica que la colecci\u00f3n c\u00e1psula, llamada \u201cEncaixe de Amor\u201d, \u201cser\u00e1 la mezcla perfecta entre tradici\u00f3n y modernidad, con un claro predominio de azules y verdes (colores de la naturaleza gallega) en tejidos ligeros y c\u00f3modos\u201d. \u201cAdem\u00e1s, esta colaboraci\u00f3n refuerza nuestra filosof\u00eda de moda lenta y sostenibilidad, apostando por pr\u00e1cticas respetuosas y reconociendo que la t\u00e9cnica de las palilleiras es un arte vivo\u201d, a\u00f1ade.<\/p>\n\n\n\n<p><strong>Innamoretto: el contraste entre la moda urbana y la artesan\u00eda.<\/strong><\/p>\n\n\n\n<p>En la pasarela tambi\u00e9n desfilar\u00e1 Innamoretto, una marca que debuta oficialmente en este gran evento y que est\u00e1 liderada por dos j\u00f3venes asturianos apasionados por la moda y el cuero. Su filosof\u00eda se basa en la creaci\u00f3n de prendas \u00fanicas y hechas a mano (muchas a medida), combinando el cuero con otros tejidos e inspir\u00e1ndose en la m\u00fasica, el deporte y diferentes \u00e9pocas.<\/p>\n\n\n\n<p>La firma destaca por fusionar el estilo urbano con la sastrer\u00eda cl\u00e1sica. Seg\u00fan los dise\u00f1adores, Ignacio Mu\u00f1oz y Claudia Gonz\u00e1lez, combinar el encaje tradicional de Camari\u00f1as con una est\u00e9tica tan contempor\u00e1nea les resulta muy divertido, ya que les permite jugar con los contrastes, unir la moda actual con la artesan\u00eda y transmitir estas t\u00e9cnicas a las nuevas generaciones.<\/p>\n\n\n\n<p>Aunque ya conoc\u00edan la Mostra como espectadores, presentar su propia colecci\u00f3n representa su verdadero punto de partida como dise\u00f1adores. Fieles a su estilo, prefieren mantener la sorpresa sobre las prendas que desfilar\u00e1n por la pasarela, pero aseguran que buscar\u00e1n romper con lo establecido para que el p\u00fablico se lleve la sensaci\u00f3n de ver algo muy original, diferente a a\u00f1os anteriores, y con ganas de descubrir sus futuros proyectos.<\/p>\n\n\n\n<figure class=\"wp-block-image size-full\"><img fetchpriority=\"high\" decoding=\"async\" width=\"1600\" height=\"1067\" src=\"https:\/\/mostra.es\/wp-content\/uploads\/2026\/03\/Innamoretto.jpg\" alt=\"\" class=\"wp-image-6906\" title=\"\" srcset=\"https:\/\/mostra.es\/wp-content\/uploads\/2026\/03\/Innamoretto.jpg 1600w, https:\/\/mostra.es\/wp-content\/uploads\/2026\/03\/Innamoretto-300x200.jpg 300w, https:\/\/mostra.es\/wp-content\/uploads\/2026\/03\/Innamoretto-1024x683.jpg 1024w, https:\/\/mostra.es\/wp-content\/uploads\/2026\/03\/Innamoretto-768x512.jpg 768w, https:\/\/mostra.es\/wp-content\/uploads\/2026\/03\/Innamoretto-1536x1024.jpg 1536w, https:\/\/mostra.es\/wp-content\/uploads\/2026\/03\/Innamoretto-18x12.jpg 18w\" sizes=\"(max-width: 1600px) 100vw, 1600px\" \/><\/figure>","protected":false},"excerpt":{"rendered":"<p>La firma gallega elPulpo regresa tras su \u00e9xito en 2024 y ampl\u00eda sus dise\u00f1os con propuestas femeninas para su l\u00ednea &#039;Teen&#039; con su colecci\u00f3n c\u00e1psula &quot;Encaixe de Amor&quot;.<\/p>\n<p>El d\u00fao asturiano Innamoretto debuta en el evento fusionando la moda urbana, la sastrer\u00eda cl\u00e1sica y el cuero con la tradici\u00f3n de las palillairas.<\/p>","protected":false},"author":1,"featured_media":6907,"comment_status":"open","ping_status":"closed","sticky":false,"template":"","format":"standard","meta":{"footnotes":""},"categories":[10],"tags":[],"class_list":["post-6905","post","type-post","status-publish","format-standard","has-post-thumbnail","hentry","category-prensa"],"_links":{"self":[{"href":"https:\/\/mostra.es\/es\/wp-json\/wp\/v2\/posts\/6905","targetHints":{"allow":["GET"]}}],"collection":[{"href":"https:\/\/mostra.es\/es\/wp-json\/wp\/v2\/posts"}],"about":[{"href":"https:\/\/mostra.es\/es\/wp-json\/wp\/v2\/types\/post"}],"author":[{"embeddable":true,"href":"https:\/\/mostra.es\/es\/wp-json\/wp\/v2\/users\/1"}],"replies":[{"embeddable":true,"href":"https:\/\/mostra.es\/es\/wp-json\/wp\/v2\/comments?post=6905"}],"version-history":[{"count":1,"href":"https:\/\/mostra.es\/es\/wp-json\/wp\/v2\/posts\/6905\/revisions"}],"predecessor-version":[{"id":6908,"href":"https:\/\/mostra.es\/es\/wp-json\/wp\/v2\/posts\/6905\/revisions\/6908"}],"wp:featuredmedia":[{"embeddable":true,"href":"https:\/\/mostra.es\/es\/wp-json\/wp\/v2\/media\/6907"}],"wp:attachment":[{"href":"https:\/\/mostra.es\/es\/wp-json\/wp\/v2\/media?parent=6905"}],"wp:term":[{"taxonomy":"category","embeddable":true,"href":"https:\/\/mostra.es\/es\/wp-json\/wp\/v2\/categories?post=6905"},{"taxonomy":"post_tag","embeddable":true,"href":"https:\/\/mostra.es\/es\/wp-json\/wp\/v2\/tags?post=6905"}],"curies":[{"name":"gracias","href":"https:\/\/api.w.org\/{rel}","templated":true}]}}