{"id":6860,"date":"2026-03-23T20:55:00","date_gmt":"2026-03-23T19:55:00","guid":{"rendered":"https:\/\/mostra.es\/?p=6860"},"modified":"2026-03-23T20:55:31","modified_gmt":"2026-03-23T19:55:31","slug":"los-complementos-y-la-inspiracion-marina-toman-la-pasarela-de-artencaixe-con-ana-trasariz-y-aramar-style","status":"publish","type":"post","link":"https:\/\/mostra.es\/es\/actualidade\/prensa\/os-complementos-e-a-inspiracion-marina-toman-a-pasarela-do-artencaixe-con-ana-trasariz-e-estilo-aramar\/","title":{"rendered":"Los accesorios y la inspiraci\u00f3n marina llegan a la pasarela de ArtEncaixe con Ana Trasariz y Estilo Aramar."},"content":{"rendered":"<p>La pasarela ArtEncaixe de la XXXV Exposici\u00f3n de Encaje de Camari\u00f1as de la Diputaci\u00f3n Provincial de A Coru\u00f1a sigue desvelando las propuestas que llenar\u00e1n de creatividad y vanguardia el pabell\u00f3n V\u00edctor Vigo esta Semana Santa. En esta ocasi\u00f3n, se confirma la participaci\u00f3n de dos firmas que apuestan por los accesorios como piezas centrales: la artesana Ana Trasariz y la marca Estilo Aramar, dirigida por Viviana Araujo.<\/p>\n\n\n\n<p>Para la vimiancesa <strong>Ana Trasariz<\/strong>, Para ella, participar por primera vez en los desfiles de la Mostra supone una gran responsabilidad como artesana, pero tambi\u00e9n un enorme honor. \u201cEstoy muy emocionada porque es una tradici\u00f3n muy arraigada en la zona y valorada en todo el mundo. Tanto es as\u00ed que grandes marcas han querido incorporarla a sus colecciones, as\u00ed que es un honor poder incluirla en mis dise\u00f1os\u201d, afirma.<\/p>\n\n\n\n<p>La dise\u00f1adora, que volver\u00e1 a tener su propio stand, ha preparado una estrategia doble para su presencia en Camari\u00f1as. Por un lado, presentar\u00e1 una colecci\u00f3n exclusiva para la feria ArtEncaixe compuesta por bolsos de hombro, bandoleras y bolsos de mano con un dise\u00f1o m\u00e1s llamativo y orientado a la pasarela. Por otro lado, ofrecer\u00e1 en su stand una l\u00ednea mucho m\u00e1s funcional, pensada para el d\u00eda a d\u00eda, con bolsos tote y accesorios para m\u00f3viles o llaves.<\/p>\n\n\n\n<p>El gran reto t\u00e9cnico de Trasariz consisti\u00f3 en integrar el encaje sin que el bolso perdiera funcionalidad, prestando la m\u00e1xima atenci\u00f3n a la colocaci\u00f3n de los apliques para que el hilo &quot;no estuviera expuesto a una fricci\u00f3n continua ni se colocara directamente sobre una cremallera&quot;.<\/p>\n\n\n\n<p>Su mensaje principal en la pasarela ser\u00e1 de protesta: \u201cQuisiera romper un poco con la idea de que el encaje es algo anticuado o que solo se ve en el mantel de la abuela. La Mostra lleva a\u00f1os demostrando que hay mucho talento y creatividad, y el encaje es mucho m\u00e1s que eso. Espero que esta colecci\u00f3n sirva de inspiraci\u00f3n para otras personas que se inician en el mundo de la moda\u201d, concluye.<\/p>\n\n\n\n<h2 class=\"wp-block-heading\">La riqueza del mar y la est\u00e9tica integral de Estilo Aramar<\/h2>\n\n\n\n<p>Por otro lado, el dise\u00f1ador <strong>Viviana Araujo<\/strong> Aramar regresa un a\u00f1o m\u00e1s a la pasarela de ArtEncaixe con su inconfundible estilo, apostando por una visi\u00f3n integral de la moda. Este a\u00f1o no solo presentar\u00e1 sus habituales y espectaculares accesorios, sino que tambi\u00e9n los complementar\u00e1 con sus propios conjuntos completos.<\/p>\n\n\n\n<p>Su colecci\u00f3n ser\u00e1 un derroche de elegancia y variedad, con propuestas como blusas y pantalones combinados con pamelas, vestidos con tocados, blusas con sombreros y elegantes chales. Adem\u00e1s, Estilo Aramar tambi\u00e9n presentar\u00e1 propuestas para hombre, con conjuntos de chaqueta, cintur\u00f3n y pantal\u00f3n.<\/p>\n\n\n\n<p>El proceso creativo de Viviana Araujo destaca por su complejidad t\u00e9cnica, ya que cada pieza se elabora utilizando distintas disciplinas que, al final, se suman e integran los encajes de Camari\u00f1as. \u201cUtilizamos t\u00e9cnicas como tintes, trabajo con plumas y diversas t\u00e9cnicas\u201d, explica la dise\u00f1adora.<\/p>\n\n\n\n<p>Todo este meticuloso trabajo artesanal y de dise\u00f1o tiene un hilo conductor muy claro este a\u00f1o, vinculado al territorio: &quot;la intenci\u00f3n es incorporar el encaje a la riqueza del mar de Camari\u00f1as&quot;, convirtiendo la pasarela en un homenaje visual al entorno de la Costa da Morte.<\/p>\n\n\n\n<figure class=\"wp-block-embed is-type-video is-provider-youtube wp-block-embed-youtube wp-embed-aspect-16-9 wp-has-aspect-ratio\"><div class=\"wp-block-embed__wrapper\">\n<iframe title=\"Spot XXXV Exposici\u00f3n de Encajes de Camari\u00f1as 2026\" width=\"800\" height=\"450\" src=\"https:\/\/www.youtube.com\/embed\/D7fdQ6-G5Do?feature=oembed\" frameborder=\"0\" allow=\"accelerometer; autoplay; clipboard-write; encrypted-media; gyroscope; picture-in-picture; web-share\" referrerpolicy=\"strict-origin-when-cross-origin\" allowfullscreen><\/iframe>\n<\/div><\/figure>","protected":false},"excerpt":{"rendered":"<p>A pasarela do ArtEncaixe da XXXV Mostra do Encaixe de Camari\u00f1as Deputaci\u00f3n da Coru\u00f1a contin\u00faa desvelando as propostas que encher\u00e1n de creatividade e vangarda o pavill\u00f3n V\u00edctor Vigo esta Semana Santa. Nesta ocasi\u00f3n, conf\u00edrmase a participaci\u00f3n de d\u00faas firmas que apostan polos complementos como pezas centrais: a artes\u00e1 Ana Trasariz e a marca Estilo Aramar, [&hellip;]<\/p>\n","protected":false},"author":1,"featured_media":6861,"comment_status":"open","ping_status":"closed","sticky":false,"template":"","format":"standard","meta":{"footnotes":""},"categories":[10],"tags":[],"class_list":["post-6860","post","type-post","status-publish","format-standard","has-post-thumbnail","hentry","category-prensa"],"_links":{"self":[{"href":"https:\/\/mostra.es\/es\/wp-json\/wp\/v2\/posts\/6860","targetHints":{"allow":["GET"]}}],"collection":[{"href":"https:\/\/mostra.es\/es\/wp-json\/wp\/v2\/posts"}],"about":[{"href":"https:\/\/mostra.es\/es\/wp-json\/wp\/v2\/types\/post"}],"author":[{"embeddable":true,"href":"https:\/\/mostra.es\/es\/wp-json\/wp\/v2\/users\/1"}],"replies":[{"embeddable":true,"href":"https:\/\/mostra.es\/es\/wp-json\/wp\/v2\/comments?post=6860"}],"version-history":[{"count":2,"href":"https:\/\/mostra.es\/es\/wp-json\/wp\/v2\/posts\/6860\/revisions"}],"predecessor-version":[{"id":6863,"href":"https:\/\/mostra.es\/es\/wp-json\/wp\/v2\/posts\/6860\/revisions\/6863"}],"wp:featuredmedia":[{"embeddable":true,"href":"https:\/\/mostra.es\/es\/wp-json\/wp\/v2\/media\/6861"}],"wp:attachment":[{"href":"https:\/\/mostra.es\/es\/wp-json\/wp\/v2\/media?parent=6860"}],"wp:term":[{"taxonomy":"category","embeddable":true,"href":"https:\/\/mostra.es\/es\/wp-json\/wp\/v2\/categories?post=6860"},{"taxonomy":"post_tag","embeddable":true,"href":"https:\/\/mostra.es\/es\/wp-json\/wp\/v2\/tags?post=6860"}],"curies":[{"name":"gracias","href":"https:\/\/api.w.org\/{rel}","templated":true}]}}