{"id":6857,"date":"2026-03-22T07:59:00","date_gmt":"2026-03-22T06:59:00","guid":{"rendered":"https:\/\/mostra.es\/?p=6857"},"modified":"2026-03-20T14:01:13","modified_gmt":"2026-03-20T13:01:13","slug":"el-teatro-y-los-monologos-se-presentan-como-alternativas-culturales-en-el-espectaculo-xxxv-de-encaje-de-camerino","status":"publish","type":"post","link":"https:\/\/mostra.es\/es\/actualidade\/prensa\/teatro-e-monologos-posicionanse-como-alternativas-culturais-na-xxxv-mostra-do-encaixe-de-camarinas\/","title":{"rendered":"El teatro y los mon\u00f3logos se presentan como alternativas culturales en el XXXV Festival del Encaje de Camari\u00f1as."},"content":{"rendered":"<ul class=\"wp-block-list\">\n<li><strong>Dentro del extenso programa del evento, destacan en el \u00e1mbito de las artes esc\u00e9nicas las actuaciones de la compa\u00f1\u00eda Aantena, la compa\u00f1\u00eda de Camelle y Marta Doviro, Carmen M\u00e9ndez y Ledicia Sola.<\/strong><\/li>\n<\/ul>\n\n\n\n<p>El teatro y los mon\u00f3logos se presentan como alternativas culturales en la XXXV Mostra do Encaixe de Camari\u00f1as de la Diputaci\u00f3n Provincial de A Coru\u00f1a. Dentro del extenso programa de este evento, destacan en el \u00e1mbito de las artes esc\u00e9nicas las actuaciones de la compa\u00f1\u00eda Aantena, la compa\u00f1\u00eda de Camelle y Marta Doviro, Carmen M\u00e9ndez y Ledicia Sola.&nbsp;<\/p>\n\n\n\n<p>Durante la noche de <strong>Jueves 2 de abril a las 20:30 horas.<\/strong>, En el mismo paseo de la Deputaci\u00f3n de A Coru\u00f1a, la compa\u00f1\u00eda Aantena ofrecer\u00e1 una representaci\u00f3n teatral titulada \u2018Hilos de la Memoria\u2019. La entrada es gratuita.&nbsp;<\/p>\n\n\n\n<p>Por lo tanto, el <strong>Viernes 3 de abril a las 20:30 horas.<\/strong>, La pasarela tambi\u00e9n estar\u00e1 llena de risas con &#039;Mortos de Risa&#039;, de la compa\u00f1\u00eda Camelle, un mon\u00f3logo cuya entrada es totalmente gratuita.&nbsp;<\/p>\n\n\n\n<p>Marta Doviro, Carmen M\u00e9ndez y Ledicia Sola ofrecer\u00e1n un mon\u00f3logo titulado &#039;Sin restricciones&#039; el s\u00e1bado 4 de abril a las 20:30 horas. Tambi\u00e9n en la pasarela de la Deputaci\u00f3n de A Coru\u00f1a, para el cual las entradas deben adquirirse con antelaci\u00f3n en la taquilla.&nbsp;<\/p>\n\n\n\n<p>Este espect\u00e1culo re\u00fane en el escenario a tres mujeres intr\u00e9pidas dispuestas a compartir sus historias, pensamientos, an\u00e9cdotas y experiencias. El cine servir\u00e1 de hilo conductor para que estas tres valientes mujeres hablen de temas tan dispares y absurdos como el amor, las drogas, el ap\u00f3stol Santiago, la Costa da Morte o los productos qu\u00edmicos.<\/p>","protected":false},"excerpt":{"rendered":"<p>O teatro e os mon\u00f3logos pres\u00e9ntanse como alternativas culturais na XXXV Mostra do Encaixe de Camari\u00f1as Deputaci\u00f3n da Coru\u00f1a. Dentro da ampla programaci\u00f3n deste evento, destacan no eido das artes esc\u00e9nicas as actuaci\u00f3ns da compa\u00f1\u00eda Aantena, a compa\u00f1\u00eda de Camelle e Marta Doviro, Carmen M\u00e9ndez e Ledicia Sola.&nbsp; Durante o ser\u00e1n do xoves, 2 de [&hellip;]<\/p>\n","protected":false},"author":1,"featured_media":6858,"comment_status":"open","ping_status":"closed","sticky":false,"template":"","format":"standard","meta":{"footnotes":""},"categories":[10],"tags":[],"class_list":["post-6857","post","type-post","status-publish","format-standard","has-post-thumbnail","hentry","category-prensa"],"_links":{"self":[{"href":"https:\/\/mostra.es\/es\/wp-json\/wp\/v2\/posts\/6857","targetHints":{"allow":["GET"]}}],"collection":[{"href":"https:\/\/mostra.es\/es\/wp-json\/wp\/v2\/posts"}],"about":[{"href":"https:\/\/mostra.es\/es\/wp-json\/wp\/v2\/types\/post"}],"author":[{"embeddable":true,"href":"https:\/\/mostra.es\/es\/wp-json\/wp\/v2\/users\/1"}],"replies":[{"embeddable":true,"href":"https:\/\/mostra.es\/es\/wp-json\/wp\/v2\/comments?post=6857"}],"version-history":[{"count":1,"href":"https:\/\/mostra.es\/es\/wp-json\/wp\/v2\/posts\/6857\/revisions"}],"predecessor-version":[{"id":6859,"href":"https:\/\/mostra.es\/es\/wp-json\/wp\/v2\/posts\/6857\/revisions\/6859"}],"wp:featuredmedia":[{"embeddable":true,"href":"https:\/\/mostra.es\/es\/wp-json\/wp\/v2\/media\/6858"}],"wp:attachment":[{"href":"https:\/\/mostra.es\/es\/wp-json\/wp\/v2\/media?parent=6857"}],"wp:term":[{"taxonomy":"category","embeddable":true,"href":"https:\/\/mostra.es\/es\/wp-json\/wp\/v2\/categories?post=6857"},{"taxonomy":"post_tag","embeddable":true,"href":"https:\/\/mostra.es\/es\/wp-json\/wp\/v2\/tags?post=6857"}],"curies":[{"name":"gracias","href":"https:\/\/api.w.org\/{rel}","templated":true}]}}