{"id":6853,"date":"2026-03-21T08:00:00","date_gmt":"2026-03-21T07:00:00","guid":{"rendered":"https:\/\/mostra.es\/?p=6853"},"modified":"2026-03-20T13:58:20","modified_gmt":"2026-03-20T12:58:20","slug":"mucha-musica-en-el-espectaculo-xxxv-del-encaje-de-los-camerinos-con-luz-de-luna-en-el-lubre-antia-muino-sebastian-allones-dans-y-las-guerreras-del-k-pop-folklore-y-corales","status":"publish","type":"post","link":"https:\/\/mostra.es\/es\/actualidade\/prensa\/moita-musica-na-xxxv-mostra-do-encaixe-de-camarinas-con-luar-na-lubre-antia-muino-sebastian-allones-dans-e-las-guerreras-del-k-pop-folclore-e-corais\/","title":{"rendered":"Mucha m\u00fasica en el XXXV Festival del Encaje de Camari\u00f1as con Luar na Lubre, Ant\u00eda Mu\u00ed\u00f1o, Sebastian Allones Dans y Las Guerreras del K-Pop, folklore y coros"},"content":{"rendered":"<p>La m\u00fasica no pod\u00eda faltar en la programaci\u00f3n de la trig\u00e9simo cuarta edici\u00f3n de la Muestra de Encaje de Camari\u00f1as de la Diputaci\u00f3n Provincial de A Coru\u00f1a, en la que <em>Luar na Lubre, Ant\u00eda Mu\u00ed\u00f1o, Sebastian Allones Dans <\/em>y <em>Los guerreros del K-Pop, <\/em>adem\u00e1s de las actuaciones de grupos folcl\u00f3ricos de <em>Apertura Rejo, As Cansorri\u00f1as, Con toda en band, Golpe de mar, Mar devalado <\/em>y<em>Buena suerte.\u00a0<\/em><\/p>\n\n\n\n<p>Para la inauguraci\u00f3n, <strong>entre los desfiles del &#039;PequEncaixe&#039; y &#039;Grandes Firmas&#039; de<\/strong> <strong>Mi\u00e9rcoles, 1 de abril<\/strong>, La actuaci\u00f3n tendr\u00e1 lugar <strong><em>Luna en el Lubre, <\/em><\/strong>Una de las bandas m\u00e1s m\u00edticas de la escena tradicional gallega, que se inspira en las corrientes de la m\u00fasica folk europea y, en particular, en la \u00f3rbita de la llamada m\u00fasica &quot;atl\u00e1ntica o celta&quot;.\u201c<\/p>\n\n\n\n<p><strong>El s\u00e1bado 4 de abril a las 12:30 p.m., despu\u00e9s de los desfiles &#039;ArtEncaixe A&#039;, &#039;Grandes Firmas A&#039; y &#039;PequEncaixe&#039;, <\/strong>La pasarela de la Diputaci\u00f3n de A Coru\u00f1a acoger\u00e1 la actuaci\u00f3n de Sebasti\u00e1n Allones Dans, de Camelle, que con s\u00f3lo 12 a\u00f1os gan\u00f3 el concurso de talentos &#039;Da r\u00faa \u00e1 l\u00faa&#039;, del programa &#039;Quen anda a\u00ed&#039; de Televisi\u00f3n de Galicia.<\/p>\n\n\n\n<figure class=\"wp-block-embed is-type-video is-provider-youtube wp-block-embed-youtube wp-embed-aspect-16-9 wp-has-aspect-ratio\"><div class=\"wp-block-embed__wrapper\">\n<iframe title=\"\ud83c\udfa4 SEBAS ALLONES: el GANADOR de Da R\u00faa \u00e1 L\u00faa con tan solo 11 a\u00f1os\" width=\"800\" height=\"450\" src=\"https:\/\/www.youtube.com\/embed\/kjYKyHnBIR8?feature=oembed\" frameborder=\"0\" allow=\"accelerometer; autoplay; clipboard-write; encrypted-media; gyroscope; picture-in-picture; web-share\" referrerpolicy=\"strict-origin-when-cross-origin\" allowfullscreen><\/iframe>\n<\/div><\/figure>\n\n\n\n<p><strong>El domingo 5 de abril a las 12:15 p.m.<\/strong>, ronda del IX Encuentro Coral Mostra do Encaixe con el coro polif\u00f3nico San Roque de Vigo, el Coro San Salvador de Pazos y el Coro Municipal Brisas do Mar de Camari\u00f1as.<\/p>\n\n\n\n<p><strong>El domingo 5 de abril a la 1:00 p.m., <\/strong>el espect\u00e1culo musical y de danza de <strong><em>Los guerreros del K-Pop <\/em><\/strong>y ya por la tarde, <strong>despu\u00e9s de las 19:30.<\/strong> para clausurar la trig\u00e9simo quinta edici\u00f3n de la Exposici\u00f3n de Encajes de Camari\u00f1as, <strong>Ant\u00eda Mu\u00edno<\/strong>, una de las revelaciones de la canci\u00f3n gallega con un registro que se mueve entre <em>jazz-pop, <\/em>Canci\u00f3n alternativa de autor y amor por la m\u00fasica tradicional gallega.&nbsp;<\/p>\n\n\n\n<p>Este eclecticismo la convierte en una artista dif\u00edcil de clasificar, que busca escapar de las etiquetas y <em>clich\u00e9s<\/em> y que se mueve sin complejos entre todas estas aguas para transmitir una voz vers\u00e1til y multifac\u00e9tica, a la vez profundamente personal y singular.<\/p>\n\n\n\n<figure class=\"wp-block-embed is-type-rich is-provider-spotify wp-block-embed-spotify wp-embed-aspect-21-9 wp-has-aspect-ratio\"><div class=\"wp-block-embed__wrapper\">\n<iframe title=\"Embeber de Spotify: Anfibio Por Veces\" style=\"border-radius: 12px\" width=\"100%\" height=\"352\" frameborder=\"0\" allowfullscreen allow=\"autoplay; clipboard-write; encrypted-media; fullscreen; picture-in-picture\" loading=\"lazy\" src=\"https:\/\/open.spotify.com\/embed\/album\/66W6vjIToX8YxcoGVjghH1?si=thT9003ORs26I3_bqxXsfQ&amp;utm_source=oembed\"><\/iframe>\n<\/div><\/figure>\n\n\n\n<p>\u2018Anfibia por veces\u2019 (2026) es el t\u00edtulo de su segundo trabajo, un \u00e1lbum ecl\u00e9ctico y sorprendente en el que la artista explora nuevos sonidos, realzando el estilo \u00edntimo y ac\u00fastico que la caracteriza. Este disco es fruto de una colaboraci\u00f3n con el destacado productor gallego Hevi, en la que la artista reflexiona sobre grandes temas universales como la identidad, el amor, la b\u00fasqueda de uno mismo o el sentimiento de pertenencia.&nbsp;<\/p>\n\n\n\n<p>Ant\u00eda tambi\u00e9n reivindic\u00f3 el papel de la mujer como creadora e instrumentista, incluyendo colaboraciones con figuras destacadas de la escena gallega como <em>Lilaina, Brassic Rapa<\/em> y <em>Margarita Marino.&nbsp;<\/em><\/p>\n\n\n\n<figure class=\"wp-block-image size-large\"><img fetchpriority=\"high\" decoding=\"async\" width=\"1024\" height=\"583\" src=\"https:\/\/mostra.es\/wp-content\/uploads\/2026\/03\/Luar-na-Lubre-1-1024x583.jpg\" alt=\"\" class=\"wp-image-6855\" title=\"\" srcset=\"https:\/\/mostra.es\/wp-content\/uploads\/2026\/03\/Luar-na-Lubre-1-1024x583.jpg 1024w, https:\/\/mostra.es\/wp-content\/uploads\/2026\/03\/Luar-na-Lubre-1-300x171.jpg 300w, https:\/\/mostra.es\/wp-content\/uploads\/2026\/03\/Luar-na-Lubre-1-768x437.jpg 768w, https:\/\/mostra.es\/wp-content\/uploads\/2026\/03\/Luar-na-Lubre-1-18x10.jpg 18w, https:\/\/mostra.es\/wp-content\/uploads\/2026\/03\/Luar-na-Lubre-1.jpg 1500w\" sizes=\"(max-width: 1024px) 100vw, 1024px\" \/><\/figure>","protected":false},"excerpt":{"rendered":"<p>Adem\u00e1s, como es habitual, habr\u00e1 actuaciones folk con Abrindo Rejo, As Cansorri\u00f1as, Con toda en banda, Golpe de mar, Mar devalado y Vaiche Boa.<\/p>\n<p>El domingo 5 de abril a las 12:15 horas tendr\u00e1 lugar la IX Mostra do Encaixe Choir Meeting con el coro polif\u00f3nico de San Roque de Vigo, el coro de San Salvador de Pazos y el coro municipal de Brisas do Mar de Camari\u00f1as.<\/p>","protected":false},"author":1,"featured_media":6854,"comment_status":"open","ping_status":"closed","sticky":false,"template":"","format":"standard","meta":{"footnotes":""},"categories":[10],"tags":[],"class_list":["post-6853","post","type-post","status-publish","format-standard","has-post-thumbnail","hentry","category-prensa"],"_links":{"self":[{"href":"https:\/\/mostra.es\/es\/wp-json\/wp\/v2\/posts\/6853","targetHints":{"allow":["GET"]}}],"collection":[{"href":"https:\/\/mostra.es\/es\/wp-json\/wp\/v2\/posts"}],"about":[{"href":"https:\/\/mostra.es\/es\/wp-json\/wp\/v2\/types\/post"}],"author":[{"embeddable":true,"href":"https:\/\/mostra.es\/es\/wp-json\/wp\/v2\/users\/1"}],"replies":[{"embeddable":true,"href":"https:\/\/mostra.es\/es\/wp-json\/wp\/v2\/comments?post=6853"}],"version-history":[{"count":1,"href":"https:\/\/mostra.es\/es\/wp-json\/wp\/v2\/posts\/6853\/revisions"}],"predecessor-version":[{"id":6856,"href":"https:\/\/mostra.es\/es\/wp-json\/wp\/v2\/posts\/6853\/revisions\/6856"}],"wp:featuredmedia":[{"embeddable":true,"href":"https:\/\/mostra.es\/es\/wp-json\/wp\/v2\/media\/6854"}],"wp:attachment":[{"href":"https:\/\/mostra.es\/es\/wp-json\/wp\/v2\/media?parent=6853"}],"wp:term":[{"taxonomy":"category","embeddable":true,"href":"https:\/\/mostra.es\/es\/wp-json\/wp\/v2\/categories?post=6853"},{"taxonomy":"post_tag","embeddable":true,"href":"https:\/\/mostra.es\/es\/wp-json\/wp\/v2\/tags?post=6853"}],"curies":[{"name":"gracias","href":"https:\/\/api.w.org\/{rel}","templated":true}]}}