{"id":6849,"date":"2026-03-20T13:49:07","date_gmt":"2026-03-20T12:49:07","guid":{"rendered":"https:\/\/mostra.es\/?p=6849"},"modified":"2026-03-20T13:49:08","modified_gmt":"2026-03-20T12:49:08","slug":"ondas-do-mar-y-andion-clothing-dos-nombres-conocidos-por-el-publico-en-los-desfiles-de-las-grandes-firmas","status":"publish","type":"post","link":"https:\/\/mostra.es\/es\/actualidade\/prensa\/ondas-do-mar-e-andion-clothing-dous-nomes-conecidos-do-publico-nos-desfiles-das-grandes-firmas\/","title":{"rendered":"Ondas do Mar y Andi\u00f3n Clothing, dos nombres conocidos por el p\u00fablico, en los desfiles de moda de las Grandes Marcas."},"content":{"rendered":"<p><em>Olas del mar <\/em>y <em>Ropa Andion, <\/em>Dos nombres conocidos por el p\u00fablico estar\u00e1n presentes en los desfiles de las Grandes Marcas de la trig\u00e9simo quinta edici\u00f3n de la Exposici\u00f3n de Encaje de Camari\u00f1as de la Diputaci\u00f3n Provincial de A Coru\u00f1a.&nbsp;<\/p>\n\n\n\n<p>Josefina Campa\u00f1a, natural de Camari\u00f1as, da este a\u00f1o el salto a la pasarela de Grandes Firmas tras haber participado en la de ArtEncaixe en las dos \u00faltimas ediciones.&nbsp;<\/p>\n\n\n\n<p>\u201c&quot;Como buena Camari\u00f1ana, me siento muy orgullosa de ense\u00f1ar nuestra tradici\u00f3n, lo que nuestras madres nos han inculcado. Estos a\u00f1os he estado construyendo mi marca y en este trig\u00e9simo quinto aniversario quiero mostrarle al mundo que <strong><em>Olas del mar<\/em><\/strong> &quot;Es una firma \u00fanica, creada a partir de dise\u00f1os de Encaixe de Camari\u00f1as, mezclados con la propia prenda&quot;, afirma Josefina Campa\u00f1a.&nbsp;<\/p>\n\n\n\n<p>\u201cDesde peque\u00f1a, siempre nos dec\u00edan que el encaje era para manteler\u00eda, toallas, juegos de cama\u2026 Y al crecer, se dieron cuenta de que pod\u00eda combinar este producto con pintura, otra de mis pasiones. Cada segundo de mi vida tengo una idea en la cabeza, cada vez que veo algo lo llevo a mi taller, a mi encaje Camari\u00f1as. Con los a\u00f1os, he cambiado mi forma de pensar, y hoy desfilar\u00e9 con algunos dise\u00f1os en la categor\u00eda de Grandes Marcas.\u201d.<\/p>\n\n\n\n<p>La campa\u00f1a presentar\u00e1 \u201cla mezcla del dise\u00f1o del encaje y el hilo, la mezcla de ideas que surge cada segundo en mi cabeza y mostrar\u00e9 que mi encaje, que sale de mis manos, es \u00fanico. No porque sea mejor que el de nadie m\u00e1s, sino porque solo se hace una pieza de cada uno. Quiero mostrarle al mundo que <em>Olas del mar<\/em> &quot;Vale la pena, y mucho&quot;, afirma.<\/p>\n\n\n\n<p>La Camari\u00f1ana agradece a &quot;mi pareja y a mis hijas, que me apoyan en todo lo que hago, y estoy orgullosa de ello. Somos un equipo y sin ellas no lo habr\u00eda logrado&quot;.\u201c<\/p>\n\n\n\n<figure class=\"wp-block-image size-full\"><img fetchpriority=\"high\" decoding=\"async\" width=\"1024\" height=\"683\" src=\"https:\/\/mostra.es\/wp-content\/uploads\/2026\/03\/Andion.jpg\" alt=\"\" class=\"wp-image-6850\" title=\"\" srcset=\"https:\/\/mostra.es\/wp-content\/uploads\/2026\/03\/Andion.jpg 1024w, https:\/\/mostra.es\/wp-content\/uploads\/2026\/03\/Andion-300x200.jpg 300w, https:\/\/mostra.es\/wp-content\/uploads\/2026\/03\/Andion-768x512.jpg 768w, https:\/\/mostra.es\/wp-content\/uploads\/2026\/03\/Andion-18x12.jpg 18w\" sizes=\"(max-width: 1024px) 100vw, 1024px\" \/><\/figure>\n\n\n\n<p>Carmen Mogo y su madre de <strong><em>Ropa Andion<\/em><\/strong><em>, <\/em>que hacen lo que les apasiona en un peque\u00f1o taller en Galicia rodeado de robles, eucaliptos y ma\u00edz; \u201csiempre a mano y con el resto de las mujeres que dan forma a la peque\u00f1a gran familia que es <em>Andi\u00f3n<\/em> <em>Ropa<\/em>\u201d, son otros de los nombres conocidos por la familia del evento Palillo.&nbsp;<\/p>\n\n\n\n<p>\u201cDesde peque\u00f1a sol\u00eda ir con mi madre a Camari\u00f1as, a la Mostra, en la que ella siempre participaba o estaba involucrada de alguna manera. As\u00ed que no solo participo por tercer a\u00f1o consecutivo; la Mostra ha formado parte de mi vida de una u otra forma. Este a\u00f1o quisimos dar a\u00fan m\u00e1s protagonismo al encaje y dimos un paso m\u00e1s all\u00e1, ya que apostamos por la novia contempor\u00e1nea, pero siempre con un enfoque tradicional en los tejidos. Venir a la Mostra y ver con tus propios ojos el trabajo que hay detr\u00e1s, ese proceso tan bello, tan laborioso y tan \u00fanico, ayuda a valorar lo que hacemos y tambi\u00e9n a cambiar la perspectiva a la hora de invertir en algo que tambi\u00e9n merece la pena, porque tiene una historia detr\u00e1s y, sobre todo, un futuro por delante\u201d, dice Carmen.<\/p>\n\n\n\n<p><\/p>","protected":false},"excerpt":{"rendered":"<p>Ondas do Mar, el alter ego de Josefina Campa\u00f1a, da el salto de la pasarela de ArtEncaixe a la de Grandes Firmas en esta trig\u00e9simo quinta edici\u00f3n.<\/p>\n<p>Carmen Mogo y su madre son las fundadoras de Andi\u00f3n Clothing, un peque\u00f1o taller en Galicia donde hacen lo que les apasiona.<\/p>","protected":false},"author":1,"featured_media":6851,"comment_status":"open","ping_status":"closed","sticky":false,"template":"","format":"standard","meta":{"footnotes":""},"categories":[10],"tags":[],"class_list":["post-6849","post","type-post","status-publish","format-standard","has-post-thumbnail","hentry","category-prensa"],"_links":{"self":[{"href":"https:\/\/mostra.es\/es\/wp-json\/wp\/v2\/posts\/6849","targetHints":{"allow":["GET"]}}],"collection":[{"href":"https:\/\/mostra.es\/es\/wp-json\/wp\/v2\/posts"}],"about":[{"href":"https:\/\/mostra.es\/es\/wp-json\/wp\/v2\/types\/post"}],"author":[{"embeddable":true,"href":"https:\/\/mostra.es\/es\/wp-json\/wp\/v2\/users\/1"}],"replies":[{"embeddable":true,"href":"https:\/\/mostra.es\/es\/wp-json\/wp\/v2\/comments?post=6849"}],"version-history":[{"count":1,"href":"https:\/\/mostra.es\/es\/wp-json\/wp\/v2\/posts\/6849\/revisions"}],"predecessor-version":[{"id":6852,"href":"https:\/\/mostra.es\/es\/wp-json\/wp\/v2\/posts\/6849\/revisions\/6852"}],"wp:featuredmedia":[{"embeddable":true,"href":"https:\/\/mostra.es\/es\/wp-json\/wp\/v2\/media\/6851"}],"wp:attachment":[{"href":"https:\/\/mostra.es\/es\/wp-json\/wp\/v2\/media?parent=6849"}],"wp:term":[{"taxonomy":"category","embeddable":true,"href":"https:\/\/mostra.es\/es\/wp-json\/wp\/v2\/categories?post=6849"},{"taxonomy":"post_tag","embeddable":true,"href":"https:\/\/mostra.es\/es\/wp-json\/wp\/v2\/tags?post=6849"}],"curies":[{"name":"gracias","href":"https:\/\/api.w.org\/{rel}","templated":true}]}}