{"id":6845,"date":"2026-03-19T09:00:00","date_gmt":"2026-03-19T08:00:00","guid":{"rendered":"https:\/\/mostra.es\/?p=6845"},"modified":"2026-03-19T11:55:03","modified_gmt":"2026-03-19T10:55:03","slug":"marivi-santos-y-zeltia-ao-aire-fusionaron-el-encaje-del-vestidor-con-los-accesorios-de-la-ceremonia","status":"publish","type":"post","link":"https:\/\/mostra.es\/es\/actualidade\/prensa\/marivi-santos-e-zeltia-ao-aire-fusionaran-o-encaixe-de-camarinas-con-complementos-para-cerimonia\/","title":{"rendered":"Mariv\u00ed Santos y Zeltia ao Aire fusionar\u00e1n encajes de Camari\u00f1as con complementos para la ceremonia"},"content":{"rendered":"<p>Mariv\u00ed Santos y Zeltia ao Aire son otros nombres que desfilar\u00e1n en la pasarela ArtEncaixe de la XXXV Exposici\u00f3n de Encaje de Camari\u00f1as, en la Diputaci\u00f3n Provincial de A Coru\u00f1a. La primera dise\u00f1ar\u00e1 art\u00edculos como bolsos o tocados, a los que aplicar\u00e1 encaje. La segunda har\u00e1 lo propio con piezas nupciales.\u00a0<\/p>\n\n\n\n<p>\u201c&quot;Para m\u00ed fue una gran experiencia participar el a\u00f1o pasado en la Mostra, donde mostramos nuestra artesan\u00eda en una pasarela tan relevante y ver a las modelos luciendo nuestras piezas en movimiento te llena de orgullo por lo que haces. Para m\u00ed, el reto de combinar diferentes disciplinas es hacer que el encaje brille a\u00fan m\u00e1s, otorgando mayor importancia a la prenda&quot;, afirma Santos.&nbsp;<\/p>\n\n\n\n<p>Por su parte, Zeltia se\u00f1ala que \u201cmis piezas deben verse integradas, como si fueran del mismo tipo de trabajo. Lo que hice para Camari\u00f1as fue tratarlas como si fueran bordados calados, integr\u00e1ndolas de tal manera que hay que estar muy atento para percibir esa conjunci\u00f3n, como una conexi\u00f3n que tiene sentido y en la que nada destaca. Usar\u00e9 cuatro piezas para una novia, pero para una novia muy especial, y puedo intuir eso\u201d.&nbsp;<\/p>\n\n\n\n<p>Los horarios en los que se pueden ver los desfiles de moda de ArtEncaixe en la pasarela de la Deputaci\u00f3n de A Coru\u00f1a son:<\/p>\n\n\n\n<ul class=\"wp-block-list\">\n<li>Jueves 2 de abril a las 12:45 (grupo A) y a las 18:00 (grupo B).\u00a0<\/li>\n\n\n\n<li>Viernes 3 de abril a las 12:45 (grupo B) y a las 16:45 (grupo A).\u00a0<\/li>\n\n\n\n<li>S\u00e1bado 4 de abril a las 12:30 (grupo A) y a las 18:00 (grupo B).<\/li>\n<\/ul>\n\n\n\n<figure class=\"wp-block-image size-large\"><img fetchpriority=\"high\" decoding=\"async\" width=\"889\" height=\"1024\" src=\"https:\/\/mostra.es\/wp-content\/uploads\/2026\/03\/Zeltia-ao-Aire-889x1024.jpg\" alt=\"\" class=\"wp-image-6847\" title=\"\" srcset=\"https:\/\/mostra.es\/wp-content\/uploads\/2026\/03\/Zeltia-ao-Aire-889x1024.jpg 889w, https:\/\/mostra.es\/wp-content\/uploads\/2026\/03\/Zeltia-ao-Aire-260x300.jpg 260w, https:\/\/mostra.es\/wp-content\/uploads\/2026\/03\/Zeltia-ao-Aire-768x885.jpg 768w, https:\/\/mostra.es\/wp-content\/uploads\/2026\/03\/Zeltia-ao-Aire-10x12.jpg 10w, https:\/\/mostra.es\/wp-content\/uploads\/2026\/03\/Zeltia-ao-Aire.jpg 1302w\" sizes=\"(max-width: 889px) 100vw, 889px\" \/><\/figure>","protected":false},"excerpt":{"rendered":"<p>La primera dise\u00f1ar\u00e1 art\u00edculos como bolsos o tocados; la segunda, piezas para novias.<\/p>","protected":false},"author":1,"featured_media":6846,"comment_status":"open","ping_status":"closed","sticky":false,"template":"","format":"standard","meta":{"footnotes":""},"categories":[10],"tags":[],"class_list":["post-6845","post","type-post","status-publish","format-standard","has-post-thumbnail","hentry","category-prensa"],"_links":{"self":[{"href":"https:\/\/mostra.es\/es\/wp-json\/wp\/v2\/posts\/6845","targetHints":{"allow":["GET"]}}],"collection":[{"href":"https:\/\/mostra.es\/es\/wp-json\/wp\/v2\/posts"}],"about":[{"href":"https:\/\/mostra.es\/es\/wp-json\/wp\/v2\/types\/post"}],"author":[{"embeddable":true,"href":"https:\/\/mostra.es\/es\/wp-json\/wp\/v2\/users\/1"}],"replies":[{"embeddable":true,"href":"https:\/\/mostra.es\/es\/wp-json\/wp\/v2\/comments?post=6845"}],"version-history":[{"count":1,"href":"https:\/\/mostra.es\/es\/wp-json\/wp\/v2\/posts\/6845\/revisions"}],"predecessor-version":[{"id":6848,"href":"https:\/\/mostra.es\/es\/wp-json\/wp\/v2\/posts\/6845\/revisions\/6848"}],"wp:featuredmedia":[{"embeddable":true,"href":"https:\/\/mostra.es\/es\/wp-json\/wp\/v2\/media\/6846"}],"wp:attachment":[{"href":"https:\/\/mostra.es\/es\/wp-json\/wp\/v2\/media?parent=6845"}],"wp:term":[{"taxonomy":"category","embeddable":true,"href":"https:\/\/mostra.es\/es\/wp-json\/wp\/v2\/categories?post=6845"},{"taxonomy":"post_tag","embeddable":true,"href":"https:\/\/mostra.es\/es\/wp-json\/wp\/v2\/tags?post=6845"}],"curies":[{"name":"gracias","href":"https:\/\/api.w.org\/{rel}","templated":true}]}}