{"id":6842,"date":"2026-03-18T20:41:03","date_gmt":"2026-03-18T19:41:03","guid":{"rendered":"https:\/\/mostra.es\/?p=6842"},"modified":"2026-03-18T20:41:03","modified_gmt":"2026-03-18T19:41:03","slug":"el-espacio-gourmet-entre-los-encajes-tendra-10-puestos-de-venta","status":"publish","type":"post","link":"https:\/\/mostra.es\/es\/actualidade\/prensa\/o-espazo-gourmet-entre-encaixes-contara-con-10-postos-de-venta\/","title":{"rendered":"El espacio &#039;Gourmet entre laches&#039; contar\u00e1 con 10 puestos de venta.\u00a0\u00a0"},"content":{"rendered":"<p>El espacio dedicado al sector gastron\u00f3mico &quot;Gourmet entre encajes&quot; repetir\u00e1 por tercer a\u00f1o consecutivo en la trig\u00e9simo quinta edici\u00f3n de la Exposici\u00f3n de Encajes de Camari\u00f1as de la Diputaci\u00f3n Provincial de A Coru\u00f1a, que se celebrar\u00e1 del 1 al 5 de abril de 2026.<\/p>\n\n\n\n<p>En esta zona dedicada al sector alimentario, que volver\u00e1 a contar con una decoraci\u00f3n especial y contar\u00e1 con vigilancia de seguridad las 24 horas, se instalar\u00e1n 10 puntos de venta: Bico de Xeado, DTroula, Ib\u00e9ricos de Salamanca, Frigor\u00edficos de Camari\u00f1as, Mascarada O Cansorri\u00f1o, Oriente Exquisito, Piment\u00f3n La Ristra, Pura Locura, Stolt Sea Farm y Xacobleas.<\/p>\n\n\n\n<p>El bar de la Mostra tambi\u00e9n estar\u00e1 ubicado all\u00ed, y se habilitar\u00e1 un espacio con mesas y sillas para que el p\u00fablico que asista a la Mostra pueda degustar los productos que compre. Estar\u00e1 abierto desde el mi\u00e9rcoles 1 de abril a las 15:00 h hasta el domingo 5 de abril, y de jueves a domingo, de 11:00 h a 21:00 h.&nbsp;<\/p>\n\n\n\n<figure class=\"wp-block-embed is-type-video is-provider-youtube wp-block-embed-youtube wp-embed-aspect-16-9 wp-has-aspect-ratio\"><div class=\"wp-block-embed__wrapper\">\n<iframe title=\"Spot XXXV Exposici\u00f3n de Encajes de Camari\u00f1as 2026\" width=\"800\" height=\"450\" src=\"https:\/\/www.youtube.com\/embed\/D7fdQ6-G5Do?feature=oembed\" frameborder=\"0\" allow=\"accelerometer; autoplay; clipboard-write; encrypted-media; gyroscope; picture-in-picture; web-share\" referrerpolicy=\"strict-origin-when-cross-origin\" allowfullscreen><\/iframe>\n<\/div><\/figure>","protected":false},"excerpt":{"rendered":"<p>Se reabrir\u00e1 una zona dedicada al sector de la alimentaci\u00f3n, donde tambi\u00e9n se ubicar\u00e1 el bar Mostra.<\/p>","protected":false},"author":1,"featured_media":6843,"comment_status":"open","ping_status":"closed","sticky":false,"template":"","format":"standard","meta":{"footnotes":""},"categories":[10],"tags":[],"class_list":["post-6842","post","type-post","status-publish","format-standard","has-post-thumbnail","hentry","category-prensa"],"_links":{"self":[{"href":"https:\/\/mostra.es\/es\/wp-json\/wp\/v2\/posts\/6842","targetHints":{"allow":["GET"]}}],"collection":[{"href":"https:\/\/mostra.es\/es\/wp-json\/wp\/v2\/posts"}],"about":[{"href":"https:\/\/mostra.es\/es\/wp-json\/wp\/v2\/types\/post"}],"author":[{"embeddable":true,"href":"https:\/\/mostra.es\/es\/wp-json\/wp\/v2\/users\/1"}],"replies":[{"embeddable":true,"href":"https:\/\/mostra.es\/es\/wp-json\/wp\/v2\/comments?post=6842"}],"version-history":[{"count":1,"href":"https:\/\/mostra.es\/es\/wp-json\/wp\/v2\/posts\/6842\/revisions"}],"predecessor-version":[{"id":6844,"href":"https:\/\/mostra.es\/es\/wp-json\/wp\/v2\/posts\/6842\/revisions\/6844"}],"wp:featuredmedia":[{"embeddable":true,"href":"https:\/\/mostra.es\/es\/wp-json\/wp\/v2\/media\/6843"}],"wp:attachment":[{"href":"https:\/\/mostra.es\/es\/wp-json\/wp\/v2\/media?parent=6842"}],"wp:term":[{"taxonomy":"category","embeddable":true,"href":"https:\/\/mostra.es\/es\/wp-json\/wp\/v2\/categories?post=6842"},{"taxonomy":"post_tag","embeddable":true,"href":"https:\/\/mostra.es\/es\/wp-json\/wp\/v2\/tags?post=6842"}],"curies":[{"name":"gracias","href":"https:\/\/api.w.org\/{rel}","templated":true}]}}