{"id":6833,"date":"2026-03-17T13:07:32","date_gmt":"2026-03-17T12:07:32","guid":{"rendered":"https:\/\/mostra.es\/?p=6833"},"modified":"2026-03-17T13:19:48","modified_gmt":"2026-03-17T12:19:48","slug":"talento-local-en-el-xxxv-espectaculo-de-encaje-con-toba-y-mascarada-o-cansorrino","status":"publish","type":"post","link":"https:\/\/mostra.es\/es\/actualidade\/prensa\/talento-local-na-xxxv-mostra-do-encaixe-con-encaixat-ene-de-toba-e-mascarada-o-cansorrino\/","title":{"rendered":"Talento local en la XXXV Mostra do Encaixe con EncaixaT, Ene de Toba y Masquerade &#039;O Cansorri\u00f1o&#039;\u2018"},"content":{"rendered":"<p>El talento local estar\u00e1 muy presente en la XXXV Feria del Encaje de Camarinas de la Diputaci\u00f3n Provincial de A Coru\u00f1a en las marcas <em>FitsT<\/em>, <em>Mascarada &#039;El peque\u00f1o durmiente&#039;\u2018 <\/em>y <em>Enero de Toba, <\/em>quienes participar\u00e1n en los desfiles de <em>ArtEncaixe en el pabell\u00f3n V\u00edctor Vigo del 1 al 5 de abril de 2026.\u00a0<\/em><\/p>\n\n\n\n<p>Las personas que componen el <strong>Asociaci\u00f3n de Mascaradas &#039;O Cansorri\u00f1o&#039;\u2018<\/strong> Se definen como \u201cun grupo de personas nacidas para y por el Carnaval. Este a\u00f1o, el tema del encaje fue el mismo, con todo hecho a mano por nosotros y por los miembros de la compa\u00f1\u00eda. As\u00ed que, una vez terminados los disfraces y al ver el resultado, se nos ocurri\u00f3 la idea de mostrarlos en la pasarela de la Mostra do Encaixe y darles el reconocimiento que nuestros creadores merec\u00edan tras tanto trabajo\u201d.\u201d<\/p>\n\n\n\n<p>Afirman que &quot;nuestra intenci\u00f3n es trasladar a la pasarela la misma energ\u00eda que sentimos con la m\u00fasica tradicional, pero transform\u00e1ndola en movimiento y elegancia. Queremos demostrar que la tradici\u00f3n y la cultura de nuestro pueblo no est\u00e1n re\u00f1idas con el presente, y creemos que el dise\u00f1o en s\u00ed sorprender\u00e1 porque no solo lleva encaje, sino que tambi\u00e9n representa todos los instrumentos que se utilizan para lograrlo, como alf\u00eds, bobinas, carretes de hilo, etc.&quot;.<\/p>\n\n\n\n<p>Noem\u00ed Toba, estudiante de Corte y Confecci\u00f3n de la Academia Aury P\u00e9rez, desfilar\u00e1 con su marca, <strong><em>Enero de Toba<\/em><\/strong><em> <\/em>y su colecci\u00f3n \u201cInterludio\u201d. El nombre, seg\u00fan esta chica de Camari\u00f1as, \u201ces perfecto porque estoy en un momento muy diferente al del a\u00f1o pasado, explorando una est\u00e9tica m\u00e1s personal, m\u00e1s conectada con la ropa que yo misma usar\u00eda\u201d, dice.<\/p>\n\n\n\n<p>Vinculada al mundo de la moda desde muy joven y tras la colecci\u00f3n &quot;a todo color&quot; del a\u00f1o pasado, en esta trig\u00e9simo quinta edici\u00f3n quiso dar un giro de 180 grados a su idea original.&nbsp;<\/p>\n\n\n\n<p>\u201cEstas nuevas piezas fueron creadas para la pasarela de la Mostra, pero podr\u00edan ser perfectamente \u00fatiles en el d\u00eda a d\u00eda. Tienen una esencia muy personal porque est\u00e1n ligadas a mi estilo de vestir. La paleta de colores es mi favorita, la que suelo usar: blanco, negro y plata.\u201d<\/p>\n\n\n\n<figure class=\"wp-block-gallery has-nested-images columns-2 is-cropped wp-block-gallery-1 is-layout-flex wp-block-gallery-is-layout-flex\">\n<figure class=\"wp-block-image size-large\"><img fetchpriority=\"high\" decoding=\"async\" width=\"1024\" height=\"683\" data-id=\"6836\" src=\"https:\/\/mostra.es\/wp-content\/uploads\/2026\/03\/ENCAIXAT-E-SAULO-FERNANDEZ-1-1024x683.jpg\" alt=\"\" class=\"wp-image-6836\" title=\"\" srcset=\"https:\/\/mostra.es\/wp-content\/uploads\/2026\/03\/ENCAIXAT-E-SAULO-FERNANDEZ-1-1024x683.jpg 1024w, https:\/\/mostra.es\/wp-content\/uploads\/2026\/03\/ENCAIXAT-E-SAULO-FERNANDEZ-1-300x200.jpg 300w, https:\/\/mostra.es\/wp-content\/uploads\/2026\/03\/ENCAIXAT-E-SAULO-FERNANDEZ-1-768x512.jpg 768w, https:\/\/mostra.es\/wp-content\/uploads\/2026\/03\/ENCAIXAT-E-SAULO-FERNANDEZ-1-18x12.jpg 18w, https:\/\/mostra.es\/wp-content\/uploads\/2026\/03\/ENCAIXAT-E-SAULO-FERNANDEZ-1.jpg 1500w\" sizes=\"(max-width: 1024px) 100vw, 1024px\" \/><\/figure>\n\n\n\n<figure class=\"wp-block-image size-large\"><img decoding=\"async\" width=\"1024\" height=\"683\" data-id=\"6835\" src=\"https:\/\/mostra.es\/wp-content\/uploads\/2026\/03\/Noemi-Toba-1024x683.jpg\" alt=\"\" class=\"wp-image-6835\" title=\"\" srcset=\"https:\/\/mostra.es\/wp-content\/uploads\/2026\/03\/Noemi-Toba-1024x683.jpg 1024w, https:\/\/mostra.es\/wp-content\/uploads\/2026\/03\/Noemi-Toba-300x200.jpg 300w, https:\/\/mostra.es\/wp-content\/uploads\/2026\/03\/Noemi-Toba-768x512.jpg 768w, https:\/\/mostra.es\/wp-content\/uploads\/2026\/03\/Noemi-Toba-18x12.jpg 18w, https:\/\/mostra.es\/wp-content\/uploads\/2026\/03\/Noemi-Toba.jpg 1500w\" sizes=\"(max-width: 1024px) 100vw, 1024px\" \/><\/figure>\n\n\n\n<figure class=\"wp-block-image size-large\"><img decoding=\"async\" width=\"768\" height=\"1024\" data-id=\"6834\" src=\"https:\/\/mostra.es\/wp-content\/uploads\/2026\/03\/Ene-de-Toba-2-768x1024.jpg\" alt=\"\" class=\"wp-image-6834\" title=\"\" srcset=\"https:\/\/mostra.es\/wp-content\/uploads\/2026\/03\/Ene-de-Toba-2-768x1024.jpg 768w, https:\/\/mostra.es\/wp-content\/uploads\/2026\/03\/Ene-de-Toba-2-225x300.jpg 225w, https:\/\/mostra.es\/wp-content\/uploads\/2026\/03\/Ene-de-Toba-2-9x12.jpg 9w, https:\/\/mostra.es\/wp-content\/uploads\/2026\/03\/Ene-de-Toba-2.jpg 1125w\" sizes=\"(max-width: 768px) 100vw, 768px\" \/><\/figure>\n<\/figure>\n\n\n\n<p><strong><em>FitsT<\/em><\/strong> Naci\u00f3 en 2018 con la idea de \u201cllevar el encaje de Camari\u00f1as a la vida cotidiana. Incorporamos el encaje a la vida diaria, buscando que esta artesan\u00eda tradicional forme parte de nuestra ropa de uso diario. As\u00ed nacieron camisetas casuales con dise\u00f1os variados en multitud de formas y colores, que se pueden usar para cualquier ocasi\u00f3n y que nunca pasan de moda\u201d.\u201d&nbsp;<\/p>\n\n\n\n<p>\u201cDesde nuestros inicios, nuestros dise\u00f1os han evolucionado al ritmo de la moda. Siempre mantenemos la esencia, ya que el encaje es nuestro protagonista, pero experimentamos con nuevas formas, nuevos tejidos y diferentes aplicaciones, integr\u00e1ndolos en piezas m\u00e1s actuales. La idea sigue siendo la misma: revalorizar la tradici\u00f3n y acercarla a las nuevas generaciones a trav\u00e9s de la moda contempor\u00e1nea\u201d, se\u00f1alan.<\/p>\n\n\n\n<p>Formar parte de la 35\u00aa edici\u00f3n de la Exposici\u00f3n de Encaje de Camari\u00f1as \u201ces un gran honor para nosotros, por un lado, porque significa que seguimos presentes despu\u00e9s de 8 a\u00f1os de viajes y, por otro, es una oportunidad para seguir dando visibilidad al encaje de Camari\u00f1as y demostrar que puede seguir evolucionando y formando parte de la moda actual. Participar en la Exposici\u00f3n es, en cierto modo, volver a los or\u00edgenes y compartir con el p\u00fablico nuestro compromiso con esta artesan\u00eda \u00fanica\u201d.<\/p>\n\n\n\n<p>Este a\u00f1o, se\u00f1alan desde la marca local, &quot;damos un paso atr\u00e1s hacia nuestras ra\u00edces con la colecci\u00f3n&quot;. <strong>ORIGEN<\/strong>, una propuesta que se centra en la esencia del encaje de Camari\u00f1as y la identidad de <em>FitsT<\/em>. &quot;Creemos que el encaje debe dialogar con la luz y el cuerpo, que debe ser la esencia sobre la piel, una met\u00e1fora visual de c\u00f3mo la tradici\u00f3n y la modernidad se unen, y que la memoria siempre debe formar parte de esa transformaci\u00f3n.&quot;\u201d<\/p>\n\n\n\n<p>Nuestra colecci\u00f3n presenta 6 dise\u00f1os de camisetas en los que quisimos volver al punto de partida: colocar el encaje en el centro, convertirlo en protagonista y reinterpretarlo desde una perspectiva m\u00e1s contempor\u00e1nea, dibujando formas sobre el cuerpo y dejando que la luz y la historia que encierran sus hilos brillen a trav\u00e9s de \u00e9l. ORIXE nace del lugar donde todo comienza y de la memoria que permanece en el encaje de Camari\u00f1as.<\/p>\n\n\n\n<figure class=\"wp-block-embed is-type-video is-provider-youtube wp-block-embed-youtube wp-embed-aspect-16-9 wp-has-aspect-ratio\"><div class=\"wp-block-embed__wrapper\">\n<iframe title=\"Spot XXXV Exposici\u00f3n de Encajes de Camari\u00f1as 2026\" width=\"800\" height=\"450\" src=\"https:\/\/www.youtube.com\/embed\/D7fdQ6-G5Do?feature=oembed\" frameborder=\"0\" allow=\"accelerometer; autoplay; clipboard-write; encrypted-media; gyroscope; picture-in-picture; web-share\" referrerpolicy=\"strict-origin-when-cross-origin\" allowfullscreen><\/iframe>\n<\/div><\/figure>","protected":false},"excerpt":{"rendered":"<p>Todas las personas que dan vida a estas propuestas coinciden en el &quot;inmenso honor de formar parte de la Mostra do Encaixe Diputaci\u00f3n de A Coru\u00f1a&quot;.\u00a0<\/p>","protected":false},"author":1,"featured_media":6837,"comment_status":"open","ping_status":"closed","sticky":false,"template":"","format":"standard","meta":{"footnotes":""},"categories":[10],"tags":[],"class_list":["post-6833","post","type-post","status-publish","format-standard","has-post-thumbnail","hentry","category-prensa"],"_links":{"self":[{"href":"https:\/\/mostra.es\/es\/wp-json\/wp\/v2\/posts\/6833","targetHints":{"allow":["GET"]}}],"collection":[{"href":"https:\/\/mostra.es\/es\/wp-json\/wp\/v2\/posts"}],"about":[{"href":"https:\/\/mostra.es\/es\/wp-json\/wp\/v2\/types\/post"}],"author":[{"embeddable":true,"href":"https:\/\/mostra.es\/es\/wp-json\/wp\/v2\/users\/1"}],"replies":[{"embeddable":true,"href":"https:\/\/mostra.es\/es\/wp-json\/wp\/v2\/comments?post=6833"}],"version-history":[{"count":2,"href":"https:\/\/mostra.es\/es\/wp-json\/wp\/v2\/posts\/6833\/revisions"}],"predecessor-version":[{"id":6840,"href":"https:\/\/mostra.es\/es\/wp-json\/wp\/v2\/posts\/6833\/revisions\/6840"}],"wp:featuredmedia":[{"embeddable":true,"href":"https:\/\/mostra.es\/es\/wp-json\/wp\/v2\/media\/6837"}],"wp:attachment":[{"href":"https:\/\/mostra.es\/es\/wp-json\/wp\/v2\/media?parent=6833"}],"wp:term":[{"taxonomy":"category","embeddable":true,"href":"https:\/\/mostra.es\/es\/wp-json\/wp\/v2\/categories?post=6833"},{"taxonomy":"post_tag","embeddable":true,"href":"https:\/\/mostra.es\/es\/wp-json\/wp\/v2\/tags?post=6833"}],"curies":[{"name":"gracias","href":"https:\/\/api.w.org\/{rel}","templated":true}]}}