{"id":6827,"date":"2026-03-16T13:14:21","date_gmt":"2026-03-16T12:14:21","guid":{"rendered":"https:\/\/mostra.es\/?p=6827"},"modified":"2026-03-16T13:14:22","modified_gmt":"2026-03-16T12:14:22","slug":"oleria-buno-xxxv-muestra-encaje-en-el-vestidor","status":"publish","type":"post","link":"https:\/\/mostra.es\/es\/actualidade\/prensa\/oleria-buno-xxxv-mostra-encaixe-camarinas\/","title":{"rendered":"La cer\u00e1mica de Bu\u00f1o volver\u00e1 a brillar en la pasarela de la Diputaci\u00f3n Foral de A Coru\u00f1a en la trig\u00e9sima quinta Mostra do Encaixe, que contar\u00e1 con Feituras, O Rulo, Alfarer\u00eda La Cacharrera y Risco Estudio."},"content":{"rendered":"<p>La cer\u00e1mica de Bu\u00f1o volver\u00e1 a brillar en la pasarela de la Diputaci\u00f3n de A Coru\u00f1a en una trig\u00e9simo quinta Muestra de Encaje de Camari\u00f1as que contar\u00e1 con Feituras, O Rulo, Alfarer\u00eda la Cacharrera y Risco Estudio, en los desfiles de la categor\u00eda ArtEncaixe, combinando el Encaje de Camari\u00f1as con las piezas de barro de estos cuatro alfareros.<\/p>\n\n\n\n<p>\u201cUna vez m\u00e1s, agradecemos enormemente que cuenten con nosotros, ya que es un honor y un reto participar en el Camari\u00f1as Lace Show, en ArtEncaixe, un reto importante puesto que las piezas se elaboran exclusivamente para la muestra, como se ha visto en ediciones anteriores\u201d, afirma Mar\u00eda Canedo, de <em>Caracter\u00edsticas, <\/em>quien afirma que \u201chay estilos muy diferentes, todos mantenemos formas y piezas tradicionales, pero somos conscientes de que tenemos que adaptarnos a los tiempos, innovar y eso es bueno, buscar nuevas decoraciones y continuar sin perder nuestra esencia\u201d.<\/p>\n\n\n\n<p>Canedo asegura que \u201clo m\u00e1s tradicional no est\u00e1 re\u00f1ido con la vanguardia, y participar en este desfile nos permite dar a conocer a quienes vienen a Camari\u00f1as los diferentes estilos que se pueden encontrar en Bu\u00f1o, a la vez que es una puerta abierta para mostrar la hermosa coexistencia de dos artesan\u00edas tan diferentes como la cer\u00e1mica y el encaje\u201d.\u201d<\/p>\n\n\n\n<p>El p\u00fablico que asista a la XXXIV Exposici\u00f3n de Encaje de Camari\u00f1as, que se celebrar\u00e1 en el pabell\u00f3n V\u00edctor Vigo del 1 al 5 de abril, podr\u00e1 disfrutar de estas piezas en los desfiles de ArtEncaixe, que tendr\u00e1n lugar en la pasarela de la Deputaci\u00f3n de A Coru\u00f1a en los siguientes d\u00edas y horarios:&nbsp;<\/p>\n\n\n\n<ul class=\"wp-block-list\">\n<li>Jueves 2 de abril a las 12:45 (grupo A) y a las 18:00 (grupo B).\u00a0<\/li>\n\n\n\n<li>Viernes 3 de abril a las 12:45 (grupo B) y a las 16:45 (grupo A).\u00a0<\/li>\n\n\n\n<li>S\u00e1bado 4 de abril a las 12:30 (grupo A) y a las 18:00 (grupo B).<\/li>\n<\/ul>\n\n\n\n<figure class=\"wp-block-gallery has-nested-images columns-default is-cropped wp-block-gallery-1 is-layout-flex wp-block-gallery-is-layout-flex\">\n<figure class=\"wp-block-image size-large\"><img fetchpriority=\"high\" decoding=\"async\" width=\"1024\" height=\"683\" data-id=\"6831\" src=\"https:\/\/mostra.es\/wp-content\/uploads\/2026\/03\/Oleria-de-Buno-na-Mostra-do-Encaixe-2026-00004-1024x683.jpg\" alt=\"\" class=\"wp-image-6831\" title=\"\" srcset=\"https:\/\/mostra.es\/wp-content\/uploads\/2026\/03\/Oleria-de-Buno-na-Mostra-do-Encaixe-2026-00004-1024x683.jpg 1024w, https:\/\/mostra.es\/wp-content\/uploads\/2026\/03\/Oleria-de-Buno-na-Mostra-do-Encaixe-2026-00004-300x200.jpg 300w, https:\/\/mostra.es\/wp-content\/uploads\/2026\/03\/Oleria-de-Buno-na-Mostra-do-Encaixe-2026-00004-768x512.jpg 768w, https:\/\/mostra.es\/wp-content\/uploads\/2026\/03\/Oleria-de-Buno-na-Mostra-do-Encaixe-2026-00004-18x12.jpg 18w, https:\/\/mostra.es\/wp-content\/uploads\/2026\/03\/Oleria-de-Buno-na-Mostra-do-Encaixe-2026-00004.jpg 1500w\" sizes=\"(max-width: 1024px) 100vw, 1024px\" \/><\/figure>\n\n\n\n<figure class=\"wp-block-image size-large\"><img decoding=\"async\" width=\"1024\" height=\"683\" data-id=\"6830\" src=\"https:\/\/mostra.es\/wp-content\/uploads\/2026\/03\/Oleria-de-Buno-na-Mostra-do-Encaixe-2026-00003-1024x683.jpg\" alt=\"\" class=\"wp-image-6830\" title=\"\" srcset=\"https:\/\/mostra.es\/wp-content\/uploads\/2026\/03\/Oleria-de-Buno-na-Mostra-do-Encaixe-2026-00003-1024x683.jpg 1024w, https:\/\/mostra.es\/wp-content\/uploads\/2026\/03\/Oleria-de-Buno-na-Mostra-do-Encaixe-2026-00003-300x200.jpg 300w, https:\/\/mostra.es\/wp-content\/uploads\/2026\/03\/Oleria-de-Buno-na-Mostra-do-Encaixe-2026-00003-768x512.jpg 768w, https:\/\/mostra.es\/wp-content\/uploads\/2026\/03\/Oleria-de-Buno-na-Mostra-do-Encaixe-2026-00003-18x12.jpg 18w, https:\/\/mostra.es\/wp-content\/uploads\/2026\/03\/Oleria-de-Buno-na-Mostra-do-Encaixe-2026-00003.jpg 1500w\" sizes=\"(max-width: 1024px) 100vw, 1024px\" \/><\/figure>\n\n\n\n<figure class=\"wp-block-image size-large\"><img decoding=\"async\" width=\"1024\" height=\"683\" data-id=\"6829\" src=\"https:\/\/mostra.es\/wp-content\/uploads\/2026\/03\/Oleria-de-Buno-na-Mostra-do-Encaixe-2026-00002-1024x683.jpg\" alt=\"\" class=\"wp-image-6829\" title=\"\" srcset=\"https:\/\/mostra.es\/wp-content\/uploads\/2026\/03\/Oleria-de-Buno-na-Mostra-do-Encaixe-2026-00002-1024x683.jpg 1024w, https:\/\/mostra.es\/wp-content\/uploads\/2026\/03\/Oleria-de-Buno-na-Mostra-do-Encaixe-2026-00002-300x200.jpg 300w, https:\/\/mostra.es\/wp-content\/uploads\/2026\/03\/Oleria-de-Buno-na-Mostra-do-Encaixe-2026-00002-768x512.jpg 768w, https:\/\/mostra.es\/wp-content\/uploads\/2026\/03\/Oleria-de-Buno-na-Mostra-do-Encaixe-2026-00002-18x12.jpg 18w, https:\/\/mostra.es\/wp-content\/uploads\/2026\/03\/Oleria-de-Buno-na-Mostra-do-Encaixe-2026-00002.jpg 1500w\" sizes=\"(max-width: 1024px) 100vw, 1024px\" \/><\/figure>\n\n\n\n<figure class=\"wp-block-image size-large\"><img loading=\"lazy\" decoding=\"async\" width=\"1024\" height=\"683\" data-id=\"6828\" src=\"https:\/\/mostra.es\/wp-content\/uploads\/2026\/03\/Oleria-de-Buno-na-Mostra-do-Encaixe-2026-00001-1024x683.jpg\" alt=\"\" class=\"wp-image-6828\" title=\"\" srcset=\"https:\/\/mostra.es\/wp-content\/uploads\/2026\/03\/Oleria-de-Buno-na-Mostra-do-Encaixe-2026-00001-1024x683.jpg 1024w, https:\/\/mostra.es\/wp-content\/uploads\/2026\/03\/Oleria-de-Buno-na-Mostra-do-Encaixe-2026-00001-300x200.jpg 300w, https:\/\/mostra.es\/wp-content\/uploads\/2026\/03\/Oleria-de-Buno-na-Mostra-do-Encaixe-2026-00001-768x512.jpg 768w, https:\/\/mostra.es\/wp-content\/uploads\/2026\/03\/Oleria-de-Buno-na-Mostra-do-Encaixe-2026-00001-18x12.jpg 18w, https:\/\/mostra.es\/wp-content\/uploads\/2026\/03\/Oleria-de-Buno-na-Mostra-do-Encaixe-2026-00001.jpg 1500w\" sizes=\"(max-width: 1024px) 100vw, 1024px\" \/><\/figure>\n<\/figure>","protected":false},"excerpt":{"rendered":"<p>Ser\u00e1 en los desfiles de ArtEncaixe donde podremos ver creaciones que combinan encaje con piezas de arcilla.<\/p>","protected":false},"author":1,"featured_media":6831,"comment_status":"open","ping_status":"closed","sticky":false,"template":"","format":"standard","meta":{"footnotes":""},"categories":[10],"tags":[],"class_list":["post-6827","post","type-post","status-publish","format-standard","has-post-thumbnail","hentry","category-prensa"],"_links":{"self":[{"href":"https:\/\/mostra.es\/es\/wp-json\/wp\/v2\/posts\/6827","targetHints":{"allow":["GET"]}}],"collection":[{"href":"https:\/\/mostra.es\/es\/wp-json\/wp\/v2\/posts"}],"about":[{"href":"https:\/\/mostra.es\/es\/wp-json\/wp\/v2\/types\/post"}],"author":[{"embeddable":true,"href":"https:\/\/mostra.es\/es\/wp-json\/wp\/v2\/users\/1"}],"replies":[{"embeddable":true,"href":"https:\/\/mostra.es\/es\/wp-json\/wp\/v2\/comments?post=6827"}],"version-history":[{"count":1,"href":"https:\/\/mostra.es\/es\/wp-json\/wp\/v2\/posts\/6827\/revisions"}],"predecessor-version":[{"id":6832,"href":"https:\/\/mostra.es\/es\/wp-json\/wp\/v2\/posts\/6827\/revisions\/6832"}],"wp:featuredmedia":[{"embeddable":true,"href":"https:\/\/mostra.es\/es\/wp-json\/wp\/v2\/media\/6831"}],"wp:attachment":[{"href":"https:\/\/mostra.es\/es\/wp-json\/wp\/v2\/media?parent=6827"}],"wp:term":[{"taxonomy":"category","embeddable":true,"href":"https:\/\/mostra.es\/es\/wp-json\/wp\/v2\/categories?post=6827"},{"taxonomy":"post_tag","embeddable":true,"href":"https:\/\/mostra.es\/es\/wp-json\/wp\/v2\/tags?post=6827"}],"curies":[{"name":"gracias","href":"https:\/\/api.w.org\/{rel}","templated":true}]}}