{"id":6822,"date":"2026-03-13T17:48:54","date_gmt":"2026-03-13T16:48:54","guid":{"rendered":"https:\/\/mostra.es\/?p=6822"},"modified":"2026-03-13T17:48:54","modified_gmt":"2026-03-13T16:48:54","slug":"el-blanco-y-la-elegancia-unen-a-la-veterana-ana-cabranes-y-al-debutante-joaquin-ruiz-en-la-pasarela-de-grandes-disenadores","status":"publish","type":"post","link":"https:\/\/mostra.es\/es\/actualidade\/prensa\/o-branco-e-a-elegancia-unen-a-veterana-ana-cabranes-e-ao-debutante-xoaquin-ruiz-na-pasarela-de-grandes-desenadores\/","title":{"rendered":"El blanco y la elegancia unen a la veterana Ana Cabranes y al debutante Xoaqu\u00edn Ruiz en la pasarela de Great Designers."},"content":{"rendered":"<p>La pasarela de los Grandes Dise\u00f1adores de la XXXV Exposici\u00f3n de Encaje Camari\u00f1as de la Diputaci\u00f3n Provincial de A Coru\u00f1a acoger\u00e1 en esta edici\u00f3n dos propuestas que, si bien nacen de trayectorias vitales y profesionales muy diferentes, encuentran un v\u00ednculo com\u00fan en la pureza del color blanco, en la elegancia y en el absoluto respeto por el trabajo de las encajeras. Se trata de las colecciones de la reconocida dise\u00f1adora Ana Cabranes y del joven talento Xoaqu\u00edn Ruiz.<\/p>\n\n\n\n<p>Para el dise\u00f1ador andaluz afincado en Culleredo, Xoaqu\u00edn Ruiz, esta trig\u00e9simo quinta edici\u00f3n representa la culminaci\u00f3n de un sue\u00f1o y el cierre de un ciclo perfecto dentro de la propia Mostra. Tras iniciar su andadura en el concurso Noveis Dise\u00f1adores y pasar por el desfile de Emerging Designers, este a\u00f1o debuta en el cartel principal. \u201cPara m\u00ed es un honor y una gran responsabilidad. Empezar en el concurso Noveis fue uno de los primeros pasos de un sue\u00f1o que poco a poco fue tomando forma. Vi a los dise\u00f1adores y me dije: &quot;Alg\u00fan d\u00eda tengo que estar ah\u00ed&quot;, y con perseverancia y esfuerzo aqu\u00ed estoy\u2018, confiesa.<\/p>\n\n\n\n<p>En este sentido, Ruiz quiso enviar un mensaje a los j\u00f3venes que participan en el concurso Noveis este a\u00f1o: \u201cQue disfruten mucho del proceso, de la experiencia y de los compa\u00f1eros que conozcan en cada desfile. Que crean en su propia personalidad al crear moda, porque los sue\u00f1os se hacen realidad si se trabaja duro para conseguirlos\u201d.<\/p>\n\n\n\n<p>Respecto a la propuesta que desfilar\u00e1 en la pasarela, el dise\u00f1ador afirma que la colecci\u00f3n gira en torno a \u201cla delicadeza de los detalles y la fuerza del artesano\u201d. Fiel a su esencia, su creaci\u00f3n destacar\u00e1 por sus vol\u00famenes y tendr\u00e1 el blanco como color principal. \u201cEs una colecci\u00f3n donde Andaluc\u00eda se encuentra con Galicia\u201d, subraya.<\/p>\n\n\n\n<figure class=\"wp-block-image size-large\"><img fetchpriority=\"high\" decoding=\"async\" width=\"1024\" height=\"786\" src=\"https:\/\/mostra.es\/wp-content\/uploads\/2026\/03\/Coleccion-Ana-Cabranes-2025-1-1024x786.jpg\" alt=\"\" class=\"wp-image-6824\" title=\"\" srcset=\"https:\/\/mostra.es\/wp-content\/uploads\/2026\/03\/Coleccion-Ana-Cabranes-2025-1-1024x786.jpg 1024w, https:\/\/mostra.es\/wp-content\/uploads\/2026\/03\/Coleccion-Ana-Cabranes-2025-1-300x230.jpg 300w, https:\/\/mostra.es\/wp-content\/uploads\/2026\/03\/Coleccion-Ana-Cabranes-2025-1-768x589.jpg 768w, https:\/\/mostra.es\/wp-content\/uploads\/2026\/03\/Coleccion-Ana-Cabranes-2025-1-16x12.jpg 16w, https:\/\/mostra.es\/wp-content\/uploads\/2026\/03\/Coleccion-Ana-Cabranes-2025-1.jpg 1500w\" sizes=\"(max-width: 1024px) 100vw, 1024px\" \/><\/figure>\n\n\n\n<h2 class=\"wp-block-heading\"><strong>La reinvenci\u00f3n y fidelidad de Ana Cabranes<\/strong><\/h2>\n\n\n\n<p>Compartiendo este compromiso est\u00e9tico con la luz y el color blanco estar\u00e1 Ana Cabranes, una figura clave en la Mostra do Encaixe, en la que ha participado ininterrumpidamente durante m\u00e1s de dos d\u00e9cadas. A pesar de su larga y exitosa trayectoria en el evento, la dise\u00f1adora asegura que afrontar\u00e1 esta edici\u00f3n \u201ccon el mismo entusiasmo\u201d.<\/p>\n\n\n\n<p>Para Cabranes, la magia de Camari\u00f1as reside en ver c\u00f3mo, con el paso del tiempo, &quot;el encaje sigue revaloriz\u00e1ndose a\u00f1o tras a\u00f1o, para seguir logrando formas imposibles; es una satisfacci\u00f3n incre\u00edble para m\u00ed&quot;.<\/p>\n\n\n\n<p>Al preguntarle por el secreto para mantenerse siempre a la vanguardia sin perder su esencia edici\u00f3n tras edici\u00f3n, la creadora lo tiene claro: &quot;Cada uno tiene su propio estilo personal y, si quieres ser fiel a \u00e9l, siempre encuentras la manera de reinventarte y ver cada detalle como algo especial que nunca te cansas de ver y apreciar&quot;.<\/p>\n\n\n\n<p>Este a\u00f1o, Ana Cabranes presentar\u00e1 una colecci\u00f3n c\u00e1psula que destaca por tener \u201cmucha luminosidad y una sensaci\u00f3n de fusi\u00f3n del encaje con el tono, como si todo fuera uno\u201d. Al igual que Xoaqu\u00edn Ruiz, la dise\u00f1adora apostar\u00e1 por ese color inmaculado, buscando \u201cel punto de elegancia y sencillez que tiene el blanco\u201d.<\/p>\n\n\n\n<figure class=\"wp-block-image size-full\"><img decoding=\"async\" width=\"1200\" height=\"1600\" src=\"https:\/\/mostra.es\/wp-content\/uploads\/2026\/03\/Coleccion-Xoaquin-Ruiz.jpg\" alt=\"\" class=\"wp-image-6825\" title=\"\" srcset=\"https:\/\/mostra.es\/wp-content\/uploads\/2026\/03\/Coleccion-Xoaquin-Ruiz.jpg 1200w, https:\/\/mostra.es\/wp-content\/uploads\/2026\/03\/Coleccion-Xoaquin-Ruiz-225x300.jpg 225w, https:\/\/mostra.es\/wp-content\/uploads\/2026\/03\/Coleccion-Xoaquin-Ruiz-768x1024.jpg 768w, https:\/\/mostra.es\/wp-content\/uploads\/2026\/03\/Coleccion-Xoaquin-Ruiz-1152x1536.jpg 1152w, https:\/\/mostra.es\/wp-content\/uploads\/2026\/03\/Coleccion-Xoaquin-Ruiz-9x12.jpg 9w\" sizes=\"(max-width: 1200px) 100vw, 1200px\" \/><\/figure>","protected":false},"excerpt":{"rendered":"<p>La hist\u00f3rica dise\u00f1adora asturiana mantiene intacta la &quot;ilusi\u00f3n&quot; y resalta la capacidad del encaje de Camari\u00f1as para seguir siendo revalorizado y crear &quot;formas imposibles&quot;.\u00a0<\/p>\n<p>El joven creador cumple su sue\u00f1o de dar el salto a la pasarela de los Grandes Dise\u00f1adores con una colecci\u00f3n llena de vol\u00famenes donde \u201cAndaluc\u00eda se encuentra con Galicia\u201d.<\/p>","protected":false},"author":1,"featured_media":6823,"comment_status":"open","ping_status":"closed","sticky":false,"template":"","format":"standard","meta":{"footnotes":""},"categories":[10],"tags":[],"class_list":["post-6822","post","type-post","status-publish","format-standard","has-post-thumbnail","hentry","category-prensa"],"_links":{"self":[{"href":"https:\/\/mostra.es\/es\/wp-json\/wp\/v2\/posts\/6822","targetHints":{"allow":["GET"]}}],"collection":[{"href":"https:\/\/mostra.es\/es\/wp-json\/wp\/v2\/posts"}],"about":[{"href":"https:\/\/mostra.es\/es\/wp-json\/wp\/v2\/types\/post"}],"author":[{"embeddable":true,"href":"https:\/\/mostra.es\/es\/wp-json\/wp\/v2\/users\/1"}],"replies":[{"embeddable":true,"href":"https:\/\/mostra.es\/es\/wp-json\/wp\/v2\/comments?post=6822"}],"version-history":[{"count":1,"href":"https:\/\/mostra.es\/es\/wp-json\/wp\/v2\/posts\/6822\/revisions"}],"predecessor-version":[{"id":6826,"href":"https:\/\/mostra.es\/es\/wp-json\/wp\/v2\/posts\/6822\/revisions\/6826"}],"wp:featuredmedia":[{"embeddable":true,"href":"https:\/\/mostra.es\/es\/wp-json\/wp\/v2\/media\/6823"}],"wp:attachment":[{"href":"https:\/\/mostra.es\/es\/wp-json\/wp\/v2\/media?parent=6822"}],"wp:term":[{"taxonomy":"category","embeddable":true,"href":"https:\/\/mostra.es\/es\/wp-json\/wp\/v2\/categories?post=6822"},{"taxonomy":"post_tag","embeddable":true,"href":"https:\/\/mostra.es\/es\/wp-json\/wp\/v2\/tags?post=6822"}],"curies":[{"name":"gracias","href":"https:\/\/api.w.org\/{rel}","templated":true}]}}