{"id":6816,"date":"2026-03-15T09:00:00","date_gmt":"2026-03-15T08:00:00","guid":{"rendered":"https:\/\/mostra.es\/?p=6816"},"modified":"2026-03-13T17:41:22","modified_gmt":"2026-03-13T16:41:22","slug":"la-feria-del-encaje-consolida-su-oferta-cultural-con-seis-presentaciones-literarias","status":"publish","type":"post","link":"https:\/\/mostra.es\/es\/actualidade\/prensa\/a-mostra-do-encaixe-consolida-a-sua-oferta-cultural-con-seis-presentacions-literarias\/","title":{"rendered":"La Mostra do Encaixe consolida su oferta cultural con seis presentaciones literarias."},"content":{"rendered":"<p>La Exposici\u00f3n de Encaje de Camari\u00f1as de la Diputaci\u00f3n Provincial de A Coru\u00f1a contin\u00faa ampliando su oferta cultural. En esta 35\u00aa edici\u00f3n, contar\u00e1 con seis presentaciones literarias en su recinto ferial.<\/p>\n\n\n\n<p>Se trata de las publicaciones de Nerea Pallares, Anxo Mouzo, Diego Garrote, Mar\u00eda D. L\u00f3pez-Men\u00e9ndez S\u00e1nchez, Alfonso de Sas, Xan Fern\u00e1ndez Carrera y Antonio Fern\u00e1ndez.<\/p>\n\n\n\n<p>La primera de estas presentaciones ser\u00e1 la <strong>Jueves, 2 de abril<\/strong>, a las 12:00 p.m., con la obra &#039;Punto de ara\u00f1a&#039; de la autora Nerea Pallares. Ese mismo d\u00eda, a las 12:20 p.m., ser\u00e1 el turno de Anxo Mouzo, quien presentar\u00e1 su libro &#039;A princesa dourada&#039;.<\/p>\n\n\n\n<p>El programa literario continuar\u00e1 en <strong>Viernes, 3 de abril<\/strong> a las 12:00 horas con la presentaci\u00f3n de &#039;\u00c1ngeles acusadores&#039; a cargo de su autor, Diego Garrote. A continuaci\u00f3n, a las 12:20 horas, Mar\u00eda D. L\u00f3pez-Men\u00e9ndez S\u00e1nchez presentar\u00e1 su obra &#039;Ardent\u00eda 1854&#039;.<br>El <strong>S\u00e1bado, 4 de abril<\/strong> El recinto acoger\u00e1 dos nuevos eventos. A las 11:40 h, Alfonso de Sas presentar\u00e1 \u20181898 \u2013 El padre ausente\u2019, la \u00faltima parte de la trilog\u00eda de \u2018El cementerio de los ingleses\u2019. Finalmente, ese mismo s\u00e1bado a las 12:00 h, se presentar\u00e1 \u2018A Costa da Morte, naturalmente \u00fanica\u2019, de Xan Fern\u00e1ndez Carrera y Antonio Fern\u00e1ndez, un acto que ser\u00e1 presentado por Pepe Formoso.<\/p>\n\n\n\n<figure class=\"wp-block-gallery has-nested-images columns-2 is-cropped wp-block-gallery-1 is-layout-flex wp-block-gallery-is-layout-flex\">\n<figure class=\"wp-block-image size-large\"><img fetchpriority=\"high\" decoding=\"async\" width=\"1024\" height=\"771\" data-id=\"6820\" src=\"https:\/\/mostra.es\/wp-content\/uploads\/2026\/03\/Alfonso-de-Sas-1-1024x771.jpg\" alt=\"\" class=\"wp-image-6820\" title=\"\" srcset=\"https:\/\/mostra.es\/wp-content\/uploads\/2026\/03\/Alfonso-de-Sas-1-1024x771.jpg 1024w, https:\/\/mostra.es\/wp-content\/uploads\/2026\/03\/Alfonso-de-Sas-1-300x226.jpg 300w, https:\/\/mostra.es\/wp-content\/uploads\/2026\/03\/Alfonso-de-Sas-1-768x579.jpg 768w, https:\/\/mostra.es\/wp-content\/uploads\/2026\/03\/Alfonso-de-Sas-1-16x12.jpg 16w, https:\/\/mostra.es\/wp-content\/uploads\/2026\/03\/Alfonso-de-Sas-1.jpg 1500w\" sizes=\"(max-width: 1024px) 100vw, 1024px\" \/><\/figure>\n\n\n\n<figure class=\"wp-block-image size-large\"><img decoding=\"async\" width=\"1024\" height=\"771\" data-id=\"6819\" src=\"https:\/\/mostra.es\/wp-content\/uploads\/2026\/03\/Ana-Garcia-e-Sandra-Insua-1024x771.jpg\" alt=\"\" class=\"wp-image-6819\" title=\"\" srcset=\"https:\/\/mostra.es\/wp-content\/uploads\/2026\/03\/Ana-Garcia-e-Sandra-Insua-1024x771.jpg 1024w, https:\/\/mostra.es\/wp-content\/uploads\/2026\/03\/Ana-Garcia-e-Sandra-Insua-300x226.jpg 300w, https:\/\/mostra.es\/wp-content\/uploads\/2026\/03\/Ana-Garcia-e-Sandra-Insua-768x579.jpg 768w, https:\/\/mostra.es\/wp-content\/uploads\/2026\/03\/Ana-Garcia-e-Sandra-Insua-16x12.jpg 16w, https:\/\/mostra.es\/wp-content\/uploads\/2026\/03\/Ana-Garcia-e-Sandra-Insua.jpg 1500w\" sizes=\"(max-width: 1024px) 100vw, 1024px\" \/><\/figure>\n\n\n\n<figure class=\"wp-block-image size-large\"><img decoding=\"async\" width=\"1024\" height=\"771\" data-id=\"6818\" src=\"https:\/\/mostra.es\/wp-content\/uploads\/2026\/03\/Icia-Varela-na-Mostra-2025-1-1024x771.jpg\" alt=\"\" class=\"wp-image-6818\" title=\"\" srcset=\"https:\/\/mostra.es\/wp-content\/uploads\/2026\/03\/Icia-Varela-na-Mostra-2025-1-1024x771.jpg 1024w, https:\/\/mostra.es\/wp-content\/uploads\/2026\/03\/Icia-Varela-na-Mostra-2025-1-300x226.jpg 300w, https:\/\/mostra.es\/wp-content\/uploads\/2026\/03\/Icia-Varela-na-Mostra-2025-1-768x579.jpg 768w, https:\/\/mostra.es\/wp-content\/uploads\/2026\/03\/Icia-Varela-na-Mostra-2025-1-16x12.jpg 16w, https:\/\/mostra.es\/wp-content\/uploads\/2026\/03\/Icia-Varela-na-Mostra-2025-1.jpg 1500w\" sizes=\"(max-width: 1024px) 100vw, 1024px\" \/><\/figure>\n<\/figure>","protected":false},"excerpt":{"rendered":"<p>Nerea Pallares, Anxo Mouzo, Diego Garrote, Mar\u00eda D. L\u00f3pez-Men\u00e9ndez S\u00e1nchez, Alfonso de Sas, Xan Fern\u00e1ndez Carrera y Antonio Fern\u00e1ndez expondr\u00e1n al p\u00fablico sus \u00faltimas obras literarias.\u00a0<\/p>","protected":false},"author":1,"featured_media":6817,"comment_status":"open","ping_status":"closed","sticky":false,"template":"","format":"standard","meta":{"footnotes":""},"categories":[10],"tags":[],"class_list":["post-6816","post","type-post","status-publish","format-standard","has-post-thumbnail","hentry","category-prensa"],"_links":{"self":[{"href":"https:\/\/mostra.es\/es\/wp-json\/wp\/v2\/posts\/6816","targetHints":{"allow":["GET"]}}],"collection":[{"href":"https:\/\/mostra.es\/es\/wp-json\/wp\/v2\/posts"}],"about":[{"href":"https:\/\/mostra.es\/es\/wp-json\/wp\/v2\/types\/post"}],"author":[{"embeddable":true,"href":"https:\/\/mostra.es\/es\/wp-json\/wp\/v2\/users\/1"}],"replies":[{"embeddable":true,"href":"https:\/\/mostra.es\/es\/wp-json\/wp\/v2\/comments?post=6816"}],"version-history":[{"count":1,"href":"https:\/\/mostra.es\/es\/wp-json\/wp\/v2\/posts\/6816\/revisions"}],"predecessor-version":[{"id":6821,"href":"https:\/\/mostra.es\/es\/wp-json\/wp\/v2\/posts\/6816\/revisions\/6821"}],"wp:featuredmedia":[{"embeddable":true,"href":"https:\/\/mostra.es\/es\/wp-json\/wp\/v2\/media\/6817"}],"wp:attachment":[{"href":"https:\/\/mostra.es\/es\/wp-json\/wp\/v2\/media?parent=6816"}],"wp:term":[{"taxonomy":"category","embeddable":true,"href":"https:\/\/mostra.es\/es\/wp-json\/wp\/v2\/categories?post=6816"},{"taxonomy":"post_tag","embeddable":true,"href":"https:\/\/mostra.es\/es\/wp-json\/wp\/v2\/tags?post=6816"}],"curies":[{"name":"gracias","href":"https:\/\/api.w.org\/{rel}","templated":true}]}}