{"id":6805,"date":"2026-03-12T11:10:27","date_gmt":"2026-03-12T10:10:27","guid":{"rendered":"https:\/\/mostra.es\/?p=6805"},"modified":"2026-03-12T11:17:54","modified_gmt":"2026-03-12T10:17:54","slug":"lola-de-logaro-transforma-el-encaje-de-subsistencia-en-rebeldia-y-libertad-en-la-pasarela-artencaixe-del-desfile-de-vestuario","status":"publish","type":"post","link":"https:\/\/mostra.es\/es\/actualidade\/prensa\/lola-de-logaro-transforma-o-encaixe-de-subsistencia-en-rebeldia-e-liberdade-na-pasarela-do-artencaixe-da-mostra-de-camarinas\/","title":{"rendered":"Lola de Logaro transforma el \u201cencaje de subsistencia\u201d en rebeld\u00eda y libertad en la pasarela ArtEncaixe del Festival de Camari\u00f1as"},"content":{"rendered":"<p>Primera confirmaci\u00f3n del desfile ArtEncaixe de la XXXV Muestra de Encaje de Camari\u00f1as de la Diputaci\u00f3n de A Coru\u00f1a, que se prepara para acoger una de las propuestas m\u00e1s conceptuales y exigentes de esta edici\u00f3n. La artesana textil Lola de Logaro regresa al evento para presentar \u201cGanap\u00e1n\u201d, su nueva colecci\u00f3n c\u00e1psula para 2026.<\/p>\n\n\n\n<p>La propuesta explora la est\u00e9tica noir para narrar un di\u00e1logo fascinante: la colisi\u00f3n entre la austeridad laboriosa de la costa gallega y la rebeli\u00f3n hedonista de la mujer moderna de los a\u00f1os 20. Una colecci\u00f3n que nace de la necesidad de elevar y transformar el encaje.<\/p>\n\n\n\n<p>Para la creadora, el objetivo de esta colecci\u00f3n es transformar una herramienta hist\u00f3rica de supervivencia en un verdadero referente de autonom\u00eda. \u201cTrabajo con el encaje como ingenier\u00eda y arquitectura, con l\u00edneas rectas, m\u00f3dulos repetidos y motivos cl\u00e1sicos de ese &#039;encaje de subsistencia&#039; que marc\u00f3 la vida en la costa gallega\u2018, explica Lola de Logaro. \u2019Sobre esa base, creo siluetas noir: cuerpos relajados, hombros ca\u00eddos, cinturas apenas definidas, largos que se mueven al ritmo del paso, borlas y transparencias que evocan a las flappers, el jazz, el humo de las discotecas y la rebeli\u00f3n de los a\u00f1os 20\u201d.<\/p>\n\n\n\n<p>La dise\u00f1adora juega con la dualidad colocando encajes extremadamente precisos en patrones que rompen con lo establecido. \u201cPara m\u00ed, cada prenda es un peque\u00f1o manifiesto: el palillo conserva su rigor t\u00e9cnico, pero pasa del mantel y la bandeja al cuerpo que se mueve y decide; la herramienta de supervivencia se convierte en un estandarte de libertad\u201d.<\/p>\n\n\n\n<p>\u201cEl mayor reto t\u00e9cnico fue orquestar todas las dem\u00e1s t\u00e9cnicas \u2013crochet, tricot, flecos, remates de costura\u2013 para que aportaran textura y volumen sin quitar ni un mil\u00edmetro de protagonismo al encaje de Camari\u00f1as\u201d, comenta la dise\u00f1adora.<\/p>\n\n\n\n<p>Para lograrlo, confiesa que tuvo que trabajar casi como una directora de escena: \u201cEl encaje es el protagonista y el resto de las t\u00e9cnicas son la escenograf\u00eda y la iluminaci\u00f3n. Esto implica ajustar los calibres de los hilos, la densidad de las puntadas y los pesos para que la tela sostenga la pieza de encaje sin deformarla ni afectar su ca\u00edda natural\u201d.<\/p>\n\n\n\n<p>El resultado es un trabajo de costura invisible, con refuerzos internos y acabados limpios que permiten que, cuando la pieza pise la pasarela, &quot;lo \u00fanico que se perciba sea el encaje hablando a viva voz&quot;.<\/p>\n\n\n\n<figure class=\"wp-block-image size-large\"><img fetchpriority=\"high\" decoding=\"async\" width=\"1024\" height=\"634\" src=\"https:\/\/mostra.es\/wp-content\/uploads\/2026\/03\/Lola-Logaro-Mostra-2026-1024x634.jpg\" alt=\"\" class=\"wp-image-6806\" title=\"\" srcset=\"https:\/\/mostra.es\/wp-content\/uploads\/2026\/03\/Lola-Logaro-Mostra-2026-1024x634.jpg 1024w, https:\/\/mostra.es\/wp-content\/uploads\/2026\/03\/Lola-Logaro-Mostra-2026-300x186.jpg 300w, https:\/\/mostra.es\/wp-content\/uploads\/2026\/03\/Lola-Logaro-Mostra-2026-768x476.jpg 768w, https:\/\/mostra.es\/wp-content\/uploads\/2026\/03\/Lola-Logaro-Mostra-2026-18x12.jpg 18w, https:\/\/mostra.es\/wp-content\/uploads\/2026\/03\/Lola-Logaro-Mostra-2026.jpg 1500w\" sizes=\"(max-width: 1024px) 100vw, 1024px\" \/><\/figure>","protected":false},"excerpt":{"rendered":"<p>El artesano textil presentar\u00e1 la colecci\u00f3n c\u00e1psula &#039;Ganap\u00e1n 2026&#039;, una propuesta que fusiona la austeridad de la costa gallega con la est\u00e9tica &#039;noir&#039; y la rebeld\u00eda de las &#039;flappers&#039; de los a\u00f1os 20.<\/p>\n<p>El encaje de Camari\u00f1as deja de ser un mero adorno para convertirse en el eje estructural de piezas de dise\u00f1o, donde dialoga con el ganchillo, el punto y el tul metalizado.<\/p>","protected":false},"author":1,"featured_media":6810,"comment_status":"open","ping_status":"closed","sticky":false,"template":"","format":"standard","meta":{"footnotes":""},"categories":[10],"tags":[],"class_list":["post-6805","post","type-post","status-publish","format-standard","has-post-thumbnail","hentry","category-prensa"],"_links":{"self":[{"href":"https:\/\/mostra.es\/es\/wp-json\/wp\/v2\/posts\/6805","targetHints":{"allow":["GET"]}}],"collection":[{"href":"https:\/\/mostra.es\/es\/wp-json\/wp\/v2\/posts"}],"about":[{"href":"https:\/\/mostra.es\/es\/wp-json\/wp\/v2\/types\/post"}],"author":[{"embeddable":true,"href":"https:\/\/mostra.es\/es\/wp-json\/wp\/v2\/users\/1"}],"replies":[{"embeddable":true,"href":"https:\/\/mostra.es\/es\/wp-json\/wp\/v2\/comments?post=6805"}],"version-history":[{"count":3,"href":"https:\/\/mostra.es\/es\/wp-json\/wp\/v2\/posts\/6805\/revisions"}],"predecessor-version":[{"id":6811,"href":"https:\/\/mostra.es\/es\/wp-json\/wp\/v2\/posts\/6805\/revisions\/6811"}],"wp:featuredmedia":[{"embeddable":true,"href":"https:\/\/mostra.es\/es\/wp-json\/wp\/v2\/media\/6810"}],"wp:attachment":[{"href":"https:\/\/mostra.es\/es\/wp-json\/wp\/v2\/media?parent=6805"}],"wp:term":[{"taxonomy":"category","embeddable":true,"href":"https:\/\/mostra.es\/es\/wp-json\/wp\/v2\/categories?post=6805"},{"taxonomy":"post_tag","embeddable":true,"href":"https:\/\/mostra.es\/es\/wp-json\/wp\/v2\/tags?post=6805"}],"curies":[{"name":"gracias","href":"https:\/\/api.w.org\/{rel}","templated":true}]}}