{"id":6802,"date":"2026-03-11T11:44:09","date_gmt":"2026-03-11T10:44:09","guid":{"rendered":"https:\/\/mostra.es\/?p=6802"},"modified":"2026-03-11T11:44:09","modified_gmt":"2026-03-11T10:44:09","slug":"una-semana-santa-mas-el-hilo-se-convertira-en-arte-en-la-xxxv-muestra-de-encaje-de-camarinas","status":"publish","type":"post","link":"https:\/\/mostra.es\/es\/actualidade\/prensa\/unha-semana-santa-mais-o-fio-converterase-en-arte-na-xxxv-mostra-do-encaixe-de-camarinas\/","title":{"rendered":"Una Pascua m\u00e1s, el hilo se convertir\u00e1 en arte en la XXXV Muestra de Encaje de Camari\u00f1as\u00a0"},"content":{"rendered":"<p>El Ayuntamiento de Camari\u00f1as ha hecho p\u00fablico hoy un avance de la programaci\u00f3n de la XXXV Muestra de Encaje de Camari\u00f1as de la Diputaci\u00f3n Provincial de A Coru\u00f1a, que se celebrar\u00e1 del mi\u00e9rcoles 1 al domingo 5 de abril y que, con el lema &#039;Donde el hilo se hace arte&#039;, busca poner en valor el municipio como el punto donde con m\u00e1s fuerza late el coraz\u00f3n de la artesan\u00eda en Galicia.&nbsp;<\/p>\n\n\n\n<p>Esta intenci\u00f3n ya se ha plasmado en el cartel promocional, dise\u00f1ado por los hermanos Pedro y Estefan\u00eda Orgaz, los \u00faltimos ganadores del concurso de Nuevos Dise\u00f1adores de la Mostra. La pieza representa el mapa de Galicia tejido con encaje de Camari\u00f1as, utilizando los colores de nuestra bandera para dar a\u00fan m\u00e1s significado a la idea.&nbsp;<\/p>\n\n\n\n<p>Una de las principales novedades de esta edici\u00f3n es la celebraci\u00f3n de un pleno extraordinario de la corporaci\u00f3n municipal en la propia Mostra. Ser\u00e1 el mi\u00e9rcoles 1 de abril a las 15:15, antes de la inauguraci\u00f3n oficial, y servir\u00e1 para ratificar el cambio de nombre de la Avenida Ambrosio Feijoo a Avenida das Palilleiras.<\/p>\n\n\n\n<p>Los desfiles de esta trig\u00e9simo tercera edici\u00f3n ser\u00e1n: Grandes Dise\u00f1adores, algunos ya consolidados y otros nuevos; Nuevos Dise\u00f1adores; Artesanos de Artencaixe &#039;ArtEncaixe&#039;; las Delegaciones Internacionales; la PequeEncaixe, y las Encajeras Mayores.&nbsp;<\/p>\n\n\n\n<figure class=\"wp-block-embed is-type-video is-provider-youtube wp-block-embed-youtube wp-embed-aspect-16-9 wp-has-aspect-ratio\"><div class=\"wp-block-embed__wrapper\">\n<iframe title=\"Spot XXXV Exposici\u00f3n de Encajes de Camari\u00f1as 2026\" width=\"800\" height=\"450\" src=\"https:\/\/www.youtube.com\/embed\/D7fdQ6-G5Do?feature=oembed\" frameborder=\"0\" allow=\"accelerometer; autoplay; clipboard-write; encrypted-media; gyroscope; picture-in-picture; web-share\" referrerpolicy=\"strict-origin-when-cross-origin\" allowfullscreen><\/iframe>\n<\/div><\/figure>\n\n\n\n<h2 class=\"wp-block-heading\">Calendario del XXXV Sal\u00f3n del Encaje<\/h2>\n\n\n\n<p><strong>La inauguraci\u00f3n de la trig\u00e9sima quinta edici\u00f3n de la Mostra tendr\u00e1 lugar el mi\u00e9rcoles 1 de abril a las 15.00 horas.,<\/strong> momento en el que dar\u00e1 comienzo el tradicional encuentro de encajeras y encajeras de la Costa da Morte, en el que tambi\u00e9n participar\u00e1n alumnado de las escuelas infantiles municipales. <strong>El acto inaugural con las autoridades ser\u00e1 a las 16:30 horas. <\/strong>A continuaci\u00f3n, a partir de las 18 horas, comenzar\u00e1n los primeros desfiles: los m\u00e1s peque\u00f1os de &#039;PequEncaixe&#039; ser\u00e1n los que pisen por primera vez la pasarela, seguidos de los Grandes Dise\u00f1adores. Entre, <strong>animar\u00e1 la pasarela con la actuaci\u00f3n de <a href=\"https:\/\/luarnalubre.com\/es\/\" target=\"_blank\" rel=\"noreferrer noopener\">Luna en el Lubre<\/a>.<\/strong>\u00a0<\/p>\n\n\n\n<p>Durante los cinco d\u00edas se podr\u00e1n ver las firmas de la categor\u00eda de <strong>&#039;Grandes dise\u00f1adores&#039;, <\/strong>que se revelar\u00e1 en los pr\u00f3ximos d\u00edas,<strong> <\/strong>Desfilar\u00e1n por las pasarelas de la Mostra para mostrar sus creaciones de encaje.&nbsp;<\/p>\n\n\n\n<p><strong>El desfile &#039;ArtEncaixe&#039;,<\/strong> La obra, que sigue ganando terreno en la programaci\u00f3n, se estrenar\u00e1 el jueves 2 de abril a las 12:45 h. Los artesanos, que tambi\u00e9n se conocer\u00e1n en los pr\u00f3ximos d\u00edas, llegar\u00e1n de diferentes puntos de Galicia para demostrar que el encaje es vers\u00e1til y se adapta a diferentes materiales.&nbsp;<\/p>\n\n\n\n<figure class=\"wp-block-embed is-type-video is-provider-youtube wp-block-embed-youtube wp-embed-aspect-16-9 wp-has-aspect-ratio\"><div class=\"wp-block-embed__wrapper\">\n<iframe title=\"ArtEncaixe y Desfile Internacional\" width=\"800\" height=\"450\" src=\"https:\/\/www.youtube.com\/embed\/yBHZOhmCiTY?feature=oembed\" frameborder=\"0\" allow=\"accelerometer; autoplay; clipboard-write; encrypted-media; gyroscope; picture-in-picture; web-share\" referrerpolicy=\"strict-origin-when-cross-origin\" allowfullscreen><\/iframe>\n<\/div><\/figure>\n\n\n\n<p>Ese mismo jueves 2 de abril, los participantes en la <strong>XXXII Concurso de Nuevos Dise\u00f1adores<\/strong> Se repartir\u00e1n 4.500 euros en premios y participar\u00e1n 34 j\u00f3venes que dan sus primeros pasos en el mundo de la moda. El viernes 3, a las 20:40, tendr\u00e1 lugar el encuentro entre grandes y nuevos dise\u00f1adores, y el domingo 5, a partir de las 16:30, se anunciar\u00e1 el fallo del jurado.&nbsp;<\/p>\n\n\n\n<p>Otra novedad de esta edici\u00f3n ser\u00e1 la muestra de <strong>Costura en directo con el dise\u00f1ador andaluz Jos\u00e9 Perea<\/strong>. Se podr\u00e1 ver el jueves 2 de abril, a partir de las 12:45 horas en el bloque de desfiles de la ma\u00f1ana y el medi\u00e1tico Jos\u00e9 Perea, quien participa por primera vez en la pasarela de Grandes Dise\u00f1adores, mostrar\u00e1 su t\u00e9cnica para confeccionar vestuario en vivo en tiempo r\u00e9cord.<\/p>\n\n\n\n<p>Una vez m\u00e1s, las delegaciones internacionales volver\u00e1n a la Mostra. El jueves 2, a las 18:00 h, tendr\u00e1 lugar el primer desfile de moda. <strong>&#039;Delegaciones internacionales de encajeras&#039;<\/strong>. Se repetir\u00e1n el viernes 3 a las 16:45 horas y el s\u00e1bado 4 a las 18:00 horas.\u00a0<\/p>\n\n\n\n<p>Uno de los momentos m\u00e1s esperados del Festival son los desfiles de moda. <strong>&#039;Cajita&#039;<\/strong>. Los ni\u00f1os y ni\u00f1as de las Escuelas Municipales crean su propio encaje a lo largo del curso para luego dise\u00f1ar los vestidos y desfilar en la Mostra. Se convierten en modistas, dise\u00f1adores y modelos. Estar\u00e1n presentes el mi\u00e9rcoles 1 a las 18:00 h, el jueves 2 a las 12:45 h, el s\u00e1bado 4 a las 12:30 h y el domingo 5 en la ceremonia de clausura a partir de las 19:00 h.<\/p>\n\n\n\n<p>Lo mismo ocurre en el desfile de <strong>&#039;Encajeras Mayores de Camari\u00f1as&#039;<\/strong> que tendr\u00e1 lugar el domingo 20 a las 19:00 horas durante el acto de clausura del evento y en el que vecinos del municipio muestran al p\u00fablico las creaciones que han realizado a lo largo del a\u00f1o.&nbsp;<\/p>\n\n\n\n<figure class=\"wp-block-embed is-type-video is-provider-youtube wp-block-embed-youtube wp-embed-aspect-16-9 wp-has-aspect-ratio\"><div class=\"wp-block-embed__wrapper\">\n<iframe title=\"Desfile de moda de grandes marcas 2022\" width=\"800\" height=\"450\" src=\"https:\/\/www.youtube.com\/embed\/H5L65jGcsis?feature=oembed\" frameborder=\"0\" allow=\"accelerometer; autoplay; clipboard-write; encrypted-media; gyroscope; picture-in-picture; web-share\" referrerpolicy=\"strict-origin-when-cross-origin\" allowfullscreen><\/iframe>\n<\/div><\/figure>\n\n\n\n<h2 class=\"wp-block-heading\">Luar na Lubre, Ant\u00eda Mu\u00ed\u00f1o, Sebasti\u00e1n Allones Dans, Marta Doviro, Carmen M\u00e9ndez, Ledicia Sola y otras acciones destacadas en el programa<\/h2>\n\n\n\n<p>Este a\u00f1o los asistentes podr\u00e1n disfrutar de la m\u00fasica de Luar na Lubre (mi\u00e9rcoles 1 a las 18:00 horas durante el desfile inaugural de la Mostra); el concierto del joven de Camelle, Sebasti\u00e1n Mart\u00ednez Dans, ganador del concurso de talentos &#039;Da r\u00faa \u00e1 l\u00faa&#039; del programa de la TVG &#039;Quen anda a\u00ed&#039; (s\u00e1bado 4 a las 12:30 horas) o la actuaci\u00f3n de &#039;F\u00edos de Salitre&#039; de Mascarada O Cansorri\u00f1o (domingo 5 a las 19:00 horas). <strong>El concierto de clausura de la Exposici\u00f3n (domingo 5 a las 19.30 horas) correr\u00e1 a cargo de <a href=\"https:\/\/antiamuino.com\/\" target=\"_blank\" rel=\"noreferrer noopener\">Ant\u00eda Mu\u00edno<\/a>.\u00a0<\/strong><\/p>\n\n\n\n<p>Adem\u00e1s, continuando con la tradici\u00f3n de los \u00faltimos a\u00f1os, podr\u00e1n re\u00edrse a carcajadas con <strong>Marta Doviro, Carmen M\u00e9ndez y Ledicia Sola<\/strong> y su mon\u00f3logo &#039;Sin Restricciones&#039;, que tendr\u00e1 lugar el s\u00e1bado 4 de abril a las 20:30 h en la misma pasarela. El jueves 2 de abril a las 20:30 h habr\u00e1 un <strong>representaci\u00f3n teatral<\/strong> de la compa\u00f1\u00eda Aantena, titulada &#039;Hilos de la Memoria&#039;. Tambi\u00e9n el viernes 3 de abril, a las 20:30 h, la compa\u00f1\u00eda, risas aseguradas con <strong>Mon\u00f3logo de la compa\u00f1\u00eda de Camelle &#039;Muerto de risa&#039;\u2018<\/strong>.<\/p>\n\n\n\n<p>Durante cinco d\u00edas, el folclore de los pueblos se escuchar\u00e1 en los pabellones de la Mostra, mezclado con el sonido de los palillos. <strong>grupos Abrindo Rejo, Golpe de Mar, Con toda en banda, Vaiche Boa, Asociaci\u00f3n Mar Devalado de Camelle y Asociaci\u00f3n As Cansorri\u00f1as<\/strong>. Tambi\u00e9n el <strong>IX Encuentro de Coros<\/strong> en el que participar\u00e1n el Coro Polif\u00f3nico San Roque de Vigo, el Coro San Salvador de Pazos de Ponteceso y el Coro Brisas do Mar de Camari\u00f1as (domingo 20 a las 12:15 horas).<\/p>\n\n\n\n<p>El evento se utilizar\u00e1 para <strong>presentaci\u00f3n de libros y publicaciones<\/strong> como &#039;Punto de aranha&#039; de Nerea Pallares (jueves 2, 12.00 horas); &#039;A princesa dourada&#039; de Anxo Mouzo (jueves 2 a las 12:20 horas); &#039;\u00c1ngeles acusadores&#039; de Diego Garrote (viernes 3 a las 12.00 horas); &#039;Ardent\u00eda 1854&#039; de Mar\u00eda D.L\u00f3pez-Men\u00e9ndez S\u00e1nchez (viernes 3 a las 12:20 horas); &#039;1898 \u2013 El padre ausente&#039;, \u00faltima parte de la trilog\u00eda de &#039;El Cementerio de los Ingleses&#039; de Alfonso de Sas (s\u00e1bado 4 a las 11:40 horas); y la presentaci\u00f3n de &#039;\u2018<a href=\"https:\/\/visitacostadamorte.com\/tema\/naturalmente-unica\" target=\"_blank\" data-type=\"link\" data-id=\"https:\/\/visitacostadamorte.com\/tema\/naturalmente-unica\" rel=\"noreferrer noopener\">La Costa da Morte, \u00fanica por naturaleza&#039;\u2019<\/a> a cargo de Xan Fern\u00e1ndez Carrera y Antonio Fern\u00e1ndez que estar\u00e1 dirigido por Pepe Formoso (s\u00e1bado 4 a las 12:00 horas).<\/p>\n\n\n\n<h2 class=\"wp-block-heading\">El acto de clausura de la XXXV Muestra de Encaje de Camari\u00f1as tendr\u00e1 lugar el domingo 5 de abril a las 19.00 horas.<\/h2>\n\n\n\n<p>El Ayuntamiento repetir\u00e1 este a\u00f1o en la XXXV Feria de Encaje de Camari\u00f1as de la Diputaci\u00f3n de A Coru\u00f1a el &#039;Gourmet entre encajes&#039;, un espacio dedicado al sector de la alimentaci\u00f3n en el que se podr\u00e1n instalar puestos de venta al p\u00fablico.<\/p>\n\n\n\n<p>Esta nueva zona, que tambi\u00e9n albergar\u00e1 la barra de la Mostra, contar\u00e1 con una decoraci\u00f3n ambiental especial y contar\u00e1 con un espacio con mesas y sillas para que el p\u00fablico asistente a la Mostra pueda degustar los productos que compre all\u00ed mismo.<\/p>\n\n\n\n<p>A lo largo de la exposici\u00f3n tambi\u00e9n habr\u00e1 <strong>catas gastron\u00f3micas de polvo, <\/strong>de Frigor\u00edficos de Camari\u00f1as (viernes 3 de abril a las 19.30 horas) y rodaballo, de Stolt Sea Farm (s\u00e1bado 4 de abril a las 14.00 horas).<\/p>\n\n\n\n<p>Tambi\u00e9n habr\u00e1 <strong>Demostraciones de artesan\u00eda<\/strong> y los padres podr\u00e1n dejar a los m\u00e1s peque\u00f1os en el <strong>Parque infantil<\/strong> con monitores cualificados.<\/p>\n\n\n\n<figure class=\"wp-block-image size-full\"><img fetchpriority=\"high\" decoding=\"async\" width=\"1060\" height=\"1500\" src=\"https:\/\/mostra.es\/wp-content\/uploads\/2026\/01\/Cartel-XXXV-Mostra-do-Encaixe-de-Camarinas.jpg\" alt=\"\" class=\"wp-image-6766\" title=\"\" srcset=\"https:\/\/mostra.es\/wp-content\/uploads\/2026\/01\/Cartel-XXXV-Mostra-do-Encaixe-de-Camarinas.jpg 1060w, https:\/\/mostra.es\/wp-content\/uploads\/2026\/01\/Cartel-XXXV-Mostra-do-Encaixe-de-Camarinas-212x300.jpg 212w, https:\/\/mostra.es\/wp-content\/uploads\/2026\/01\/Cartel-XXXV-Mostra-do-Encaixe-de-Camarinas-724x1024.jpg 724w, https:\/\/mostra.es\/wp-content\/uploads\/2026\/01\/Cartel-XXXV-Mostra-do-Encaixe-de-Camarinas-768x1087.jpg 768w, https:\/\/mostra.es\/wp-content\/uploads\/2026\/01\/Cartel-XXXV-Mostra-do-Encaixe-de-Camarinas-8x12.jpg 8w\" sizes=\"(max-width: 1060px) 100vw, 1060px\" \/><\/figure>","protected":false},"excerpt":{"rendered":"<p>Hoy se ha publicado un avance del programa de esta nueva edici\u00f3n, que tendr\u00e1 lugar del 1 al 5 de abril y que la destaca como el punto donde late con m\u00e1s fuerza el coraz\u00f3n de la artesan\u00eda gallega.<\/p>\n<p>Las actuaciones de Luar na Lubre, Ant\u00eda Mu\u00ed\u00f1o, Sebasti\u00e1n Allones Dans, el homenaje a &#039;Las guerreras del Kpop&#039;, el mon\u00f3logo de Marta Doviro, Carmen M\u00e9ndez y Ledicia Sola o las presentaciones de 6 libros son algunas de las actividades paralelas.\u00a0<\/p>\n<p>El dise\u00f1ador Jos\u00e9 Perea confeccionar\u00e1 un traje en directo en tiempo r\u00e9cord.<\/p>\n<p>Antes de la inauguraci\u00f3n oficial, se celebr\u00f3 una sesi\u00f3n plenaria en el mismo lugar para cambiar el nombre de la Avenida Ambrosio Feijoo a Avenida das Palilleiras.<\/p>","protected":false},"author":1,"featured_media":6803,"comment_status":"open","ping_status":"closed","sticky":false,"template":"","format":"standard","meta":{"footnotes":""},"categories":[10],"tags":[567],"class_list":["post-6802","post","type-post","status-publish","format-standard","has-post-thumbnail","hentry","category-prensa","tag-xxxv-mostra-do-encaixe"],"_links":{"self":[{"href":"https:\/\/mostra.es\/es\/wp-json\/wp\/v2\/posts\/6802","targetHints":{"allow":["GET"]}}],"collection":[{"href":"https:\/\/mostra.es\/es\/wp-json\/wp\/v2\/posts"}],"about":[{"href":"https:\/\/mostra.es\/es\/wp-json\/wp\/v2\/types\/post"}],"author":[{"embeddable":true,"href":"https:\/\/mostra.es\/es\/wp-json\/wp\/v2\/users\/1"}],"replies":[{"embeddable":true,"href":"https:\/\/mostra.es\/es\/wp-json\/wp\/v2\/comments?post=6802"}],"version-history":[{"count":1,"href":"https:\/\/mostra.es\/es\/wp-json\/wp\/v2\/posts\/6802\/revisions"}],"predecessor-version":[{"id":6804,"href":"https:\/\/mostra.es\/es\/wp-json\/wp\/v2\/posts\/6802\/revisions\/6804"}],"wp:featuredmedia":[{"embeddable":true,"href":"https:\/\/mostra.es\/es\/wp-json\/wp\/v2\/media\/6803"}],"wp:attachment":[{"href":"https:\/\/mostra.es\/es\/wp-json\/wp\/v2\/media?parent=6802"}],"wp:term":[{"taxonomy":"category","embeddable":true,"href":"https:\/\/mostra.es\/es\/wp-json\/wp\/v2\/categories?post=6802"},{"taxonomy":"post_tag","embeddable":true,"href":"https:\/\/mostra.es\/es\/wp-json\/wp\/v2\/tags?post=6802"}],"curies":[{"name":"gracias","href":"https:\/\/api.w.org\/{rel}","templated":true}]}}