{"id":6089,"date":"2025-04-21T18:18:38","date_gmt":"2025-04-21T16:18:38","guid":{"rendered":"https:\/\/mostra.es\/?p=6089"},"modified":"2025-04-21T18:22:31","modified_gmt":"2025-04-21T16:22:31","slug":"el-encaje-cruza-fronteras-en-el-desfile-de-las-delegaciones-internacionales-del-xxxiv-salon-de-encaje","status":"publish","type":"post","link":"https:\/\/mostra.es\/es\/actualidade\/prensa\/o-encaixe-traspasa-fronteiras-no-desfile-das-delegacions-internacionais-da-xxxiv-mostra-do-encaixe\/","title":{"rendered":"El encaje cruza fronteras en el desfile de las Delegaciones Internacionales de la XXXIV Exposici\u00f3n de Encaje"},"content":{"rendered":"<p>El encaje, como artesan\u00eda antigua, no conoce fronteras. As\u00ed qued\u00f3 demostrado en la XXXIV Muestra de Encaje de Camari\u00f1as de la Diputaci\u00f3n de A Coru\u00f1a en el desfile de las &#039;Delegaciones Internacionales de Encajeras&#039; que mostraron sus creaciones sobre la pasarela.<\/p>\n\n\n\n<p>Participantes: Argentina (Buenos Aires), Bulgaria (Sof\u00eda), Hungr\u00eda (Kiskunhalas), Italia (Novedrate y Trapani), Portugal (Peniche y Serra D&#039;El Rei), Polonia (Bobowa) y Espa\u00f1a (Arenis del Mar).<\/p>\n\n\n\n<p>Las voluntarias del Lace Show son las encargadas de lucir sus creaciones en la pasarela. Aprovechando el desfile, tambi\u00e9n recibieron un obsequio del Ayuntamiento en reconocimiento a su labor altruista.&nbsp;<\/p>\n\n\n\n<figure class=\"wp-block-gallery has-nested-images columns-default is-cropped wp-block-gallery-1 is-layout-flex wp-block-gallery-is-layout-flex\">\n<figure class=\"wp-block-image size-large\"><img fetchpriority=\"high\" decoding=\"async\" width=\"1024\" height=\"683\" data-id=\"6094\" src=\"https:\/\/mostra.es\/wp-content\/uploads\/2025\/04\/Desfiles-internacionais-Mostra-do-Encaixe-de-Camarinas-2025-00005-1024x683.jpg\" alt=\"\" class=\"wp-image-6094\" title=\"\" srcset=\"https:\/\/mostra.es\/wp-content\/uploads\/2025\/04\/Desfiles-internacionais-Mostra-do-Encaixe-de-Camarinas-2025-00005-1024x683.jpg 1024w, https:\/\/mostra.es\/wp-content\/uploads\/2025\/04\/Desfiles-internacionais-Mostra-do-Encaixe-de-Camarinas-2025-00005-300x200.jpg 300w, https:\/\/mostra.es\/wp-content\/uploads\/2025\/04\/Desfiles-internacionais-Mostra-do-Encaixe-de-Camarinas-2025-00005-768x512.jpg 768w, https:\/\/mostra.es\/wp-content\/uploads\/2025\/04\/Desfiles-internacionais-Mostra-do-Encaixe-de-Camarinas-2025-00005-18x12.jpg 18w, https:\/\/mostra.es\/wp-content\/uploads\/2025\/04\/Desfiles-internacionais-Mostra-do-Encaixe-de-Camarinas-2025-00005.jpg 1500w\" sizes=\"(max-width: 1024px) 100vw, 1024px\" \/><\/figure>\n\n\n\n<figure class=\"wp-block-image size-large\"><img decoding=\"async\" width=\"1024\" height=\"683\" data-id=\"6093\" src=\"https:\/\/mostra.es\/wp-content\/uploads\/2025\/04\/Desfiles-internacionais-Mostra-do-Encaixe-de-Camarinas-2025-00004-1024x683.jpg\" alt=\"\" class=\"wp-image-6093\" title=\"\" srcset=\"https:\/\/mostra.es\/wp-content\/uploads\/2025\/04\/Desfiles-internacionais-Mostra-do-Encaixe-de-Camarinas-2025-00004-1024x683.jpg 1024w, https:\/\/mostra.es\/wp-content\/uploads\/2025\/04\/Desfiles-internacionais-Mostra-do-Encaixe-de-Camarinas-2025-00004-300x200.jpg 300w, https:\/\/mostra.es\/wp-content\/uploads\/2025\/04\/Desfiles-internacionais-Mostra-do-Encaixe-de-Camarinas-2025-00004-768x512.jpg 768w, https:\/\/mostra.es\/wp-content\/uploads\/2025\/04\/Desfiles-internacionais-Mostra-do-Encaixe-de-Camarinas-2025-00004-18x12.jpg 18w, https:\/\/mostra.es\/wp-content\/uploads\/2025\/04\/Desfiles-internacionais-Mostra-do-Encaixe-de-Camarinas-2025-00004.jpg 1500w\" sizes=\"(max-width: 1024px) 100vw, 1024px\" \/><\/figure>\n\n\n\n<figure class=\"wp-block-image size-large\"><img decoding=\"async\" width=\"1024\" height=\"683\" data-id=\"6092\" src=\"https:\/\/mostra.es\/wp-content\/uploads\/2025\/04\/Desfiles-internacionais-Mostra-do-Encaixe-de-Camarinas-2025-00003-1024x683.jpg\" alt=\"\" class=\"wp-image-6092\" title=\"\" srcset=\"https:\/\/mostra.es\/wp-content\/uploads\/2025\/04\/Desfiles-internacionais-Mostra-do-Encaixe-de-Camarinas-2025-00003-1024x683.jpg 1024w, https:\/\/mostra.es\/wp-content\/uploads\/2025\/04\/Desfiles-internacionais-Mostra-do-Encaixe-de-Camarinas-2025-00003-300x200.jpg 300w, https:\/\/mostra.es\/wp-content\/uploads\/2025\/04\/Desfiles-internacionais-Mostra-do-Encaixe-de-Camarinas-2025-00003-768x512.jpg 768w, https:\/\/mostra.es\/wp-content\/uploads\/2025\/04\/Desfiles-internacionais-Mostra-do-Encaixe-de-Camarinas-2025-00003-18x12.jpg 18w, https:\/\/mostra.es\/wp-content\/uploads\/2025\/04\/Desfiles-internacionais-Mostra-do-Encaixe-de-Camarinas-2025-00003.jpg 1500w\" sizes=\"(max-width: 1024px) 100vw, 1024px\" \/><\/figure>\n\n\n\n<figure class=\"wp-block-image size-large\"><img loading=\"lazy\" decoding=\"async\" width=\"1024\" height=\"683\" data-id=\"6091\" src=\"https:\/\/mostra.es\/wp-content\/uploads\/2025\/04\/Desfiles-internacionais-Mostra-do-Encaixe-de-Camarinas-2025-00002-1024x683.jpg\" alt=\"\" class=\"wp-image-6091\" title=\"\" srcset=\"https:\/\/mostra.es\/wp-content\/uploads\/2025\/04\/Desfiles-internacionais-Mostra-do-Encaixe-de-Camarinas-2025-00002-1024x683.jpg 1024w, https:\/\/mostra.es\/wp-content\/uploads\/2025\/04\/Desfiles-internacionais-Mostra-do-Encaixe-de-Camarinas-2025-00002-300x200.jpg 300w, https:\/\/mostra.es\/wp-content\/uploads\/2025\/04\/Desfiles-internacionais-Mostra-do-Encaixe-de-Camarinas-2025-00002-768x512.jpg 768w, https:\/\/mostra.es\/wp-content\/uploads\/2025\/04\/Desfiles-internacionais-Mostra-do-Encaixe-de-Camarinas-2025-00002-18x12.jpg 18w, https:\/\/mostra.es\/wp-content\/uploads\/2025\/04\/Desfiles-internacionais-Mostra-do-Encaixe-de-Camarinas-2025-00002.jpg 1500w\" sizes=\"(max-width: 1024px) 100vw, 1024px\" \/><\/figure>\n<\/figure>","protected":false},"excerpt":{"rendered":"<p>Provienen de diferentes pa\u00edses: Argentina, Bulgaria, Hungr\u00eda, Italia, Portugal, Polonia y Espa\u00f1a.<\/p>\n<p>Los voluntarios de la Mostra son los encargados de mostrar sus creaciones en la pasarela.<\/p>","protected":false},"author":1,"featured_media":6090,"comment_status":"open","ping_status":"closed","sticky":false,"template":"","format":"standard","meta":{"footnotes":""},"categories":[10],"tags":[311,237,517],"class_list":["post-6089","post","type-post","status-publish","format-standard","has-post-thumbnail","hentry","category-prensa","tag-internacionais","tag-pasarela-da-mostra","tag-xxxiv-mostra-do-encaixe"],"_links":{"self":[{"href":"https:\/\/mostra.es\/es\/wp-json\/wp\/v2\/posts\/6089","targetHints":{"allow":["GET"]}}],"collection":[{"href":"https:\/\/mostra.es\/es\/wp-json\/wp\/v2\/posts"}],"about":[{"href":"https:\/\/mostra.es\/es\/wp-json\/wp\/v2\/types\/post"}],"author":[{"embeddable":true,"href":"https:\/\/mostra.es\/es\/wp-json\/wp\/v2\/users\/1"}],"replies":[{"embeddable":true,"href":"https:\/\/mostra.es\/es\/wp-json\/wp\/v2\/comments?post=6089"}],"version-history":[{"count":0,"href":"https:\/\/mostra.es\/es\/wp-json\/wp\/v2\/posts\/6089\/revisions"}],"wp:featuredmedia":[{"embeddable":true,"href":"https:\/\/mostra.es\/es\/wp-json\/wp\/v2\/media\/6090"}],"wp:attachment":[{"href":"https:\/\/mostra.es\/es\/wp-json\/wp\/v2\/media?parent=6089"}],"wp:term":[{"taxonomy":"category","embeddable":true,"href":"https:\/\/mostra.es\/es\/wp-json\/wp\/v2\/categories?post=6089"},{"taxonomy":"post_tag","embeddable":true,"href":"https:\/\/mostra.es\/es\/wp-json\/wp\/v2\/tags?post=6089"}],"curies":[{"name":"gracias","href":"https:\/\/api.w.org\/{rel}","templated":true}]}}