{"id":6084,"date":"2025-04-21T18:10:54","date_gmt":"2025-04-21T16:10:54","guid":{"rendered":"https:\/\/mostra.es\/?p=6084"},"modified":"2025-04-21T18:11:44","modified_gmt":"2025-04-21T16:11:44","slug":"la-exposicion-destaca-el-trabajo-de-los-ninos-y-ninas-de-la-escuela-municipal-de-palillo-el-futuro-del-encaje","status":"publish","type":"post","link":"https:\/\/mostra.es\/es\/actualidade\/prensa\/a-mostra-pon-en-valor-a-labor-dos-nenos-e-nenas-da-escola-municipal-de-palillo-o-futuro-do-encaixe\/","title":{"rendered":"La Exposici\u00f3n destaca el trabajo de los ni\u00f1os de la Escuela Municipal de Palillo, el futuro del encaje"},"content":{"rendered":"<p>Los ni\u00f1os y ni\u00f1as del Colegio Palillo han recibido hoy, s\u00e1bado 19 de abril, un regalo muy especial para reconocer el trabajo que realizan durante todo el a\u00f1o y que garantiza el futuro del encaje: el libro \u2018Un viaje por el espacio\u2019, de la camari\u00f1a \u00c1gueda Antelo.&nbsp;<\/p>\n\n\n\n<p>La autora, acompa\u00f1ada por la alcaldesa, Sandra Insua, y la concejala de Encaixe, Encarna Li\u00f1eiro, adem\u00e1s de otros miembros del gobierno local, entreg\u00f3 el libro a las encajeras infantiles al final del emocionante y divertido pasacalle de PequEncaixe.<\/p>\n\n\n\n<p>El libro \u2018Un Viaje por el Espacio\u2019 surge de la Tesis de M\u00e1ster de \u00c1gueda Antelo, quien estudi\u00f3 Educaci\u00f3n Infantil y posteriormente realiz\u00f3 un M\u00e1ster en Psicolog\u00eda Aplicada a Contextos Educativos. El trabajo consisti\u00f3 en realizar una intervenci\u00f3n en el proceso de organizaci\u00f3n de la escritura de cuentos en ni\u00f1os y ni\u00f1as de Educaci\u00f3n Infantil y decidi\u00f3 llevarlo a cabo en las aulas de 5 a\u00f1os de los colegios de Camari\u00f1as y Ponte do Porto.<\/p>\n\n\n\n<p>Para realizar el trabajo, necesitaba un tema que me diera mucho material, y por eso decid\u00ed elegir el espacio con sus planetas, asteroides, marcianos... Fueron ocho semanas de intervenci\u00f3n en el colegio Camari\u00f1as. Cada d\u00eda que llegaba, les contaba a los ni\u00f1os un poco sobre la historia de mi libro y, a partir de ah\u00ed, trabajamos en diversas actividades relacionadas con el espacio. Toda la intervenci\u00f3n estaba vinculada a una historia con la que estaban familiarizados, indica la autora.<\/p>","protected":false},"excerpt":{"rendered":"<p>Tras el desfile de PequEncaixe, recibieron de regalo el libro &#039;Un viaje por el espacio&#039;, de \u00c1gueda Antelo de Camari\u00f1a.<\/p>\n<p>La autora cre\u00f3 este libro como tesis de Maestr\u00eda sobre una intervenci\u00f3n en el proceso organizativo de la escritura de cuentos para ni\u00f1os de Educaci\u00f3n Infantil.<\/p>","protected":false},"author":1,"featured_media":6085,"comment_status":"open","ping_status":"closed","sticky":false,"template":"","format":"standard","meta":{"footnotes":""},"categories":[10],"tags":[548,557,517],"class_list":["post-6084","post","type-post","status-publish","format-standard","has-post-thumbnail","hentry","category-prensa","tag-agueda-antelo","tag-escola-municipal-de-palillo","tag-xxxiv-mostra-do-encaixe"],"_links":{"self":[{"href":"https:\/\/mostra.es\/es\/wp-json\/wp\/v2\/posts\/6084","targetHints":{"allow":["GET"]}}],"collection":[{"href":"https:\/\/mostra.es\/es\/wp-json\/wp\/v2\/posts"}],"about":[{"href":"https:\/\/mostra.es\/es\/wp-json\/wp\/v2\/types\/post"}],"author":[{"embeddable":true,"href":"https:\/\/mostra.es\/es\/wp-json\/wp\/v2\/users\/1"}],"replies":[{"embeddable":true,"href":"https:\/\/mostra.es\/es\/wp-json\/wp\/v2\/comments?post=6084"}],"version-history":[{"count":0,"href":"https:\/\/mostra.es\/es\/wp-json\/wp\/v2\/posts\/6084\/revisions"}],"wp:featuredmedia":[{"embeddable":true,"href":"https:\/\/mostra.es\/es\/wp-json\/wp\/v2\/media\/6085"}],"wp:attachment":[{"href":"https:\/\/mostra.es\/es\/wp-json\/wp\/v2\/media?parent=6084"}],"wp:term":[{"taxonomy":"category","embeddable":true,"href":"https:\/\/mostra.es\/es\/wp-json\/wp\/v2\/categories?post=6084"},{"taxonomy":"post_tag","embeddable":true,"href":"https:\/\/mostra.es\/es\/wp-json\/wp\/v2\/tags?post=6084"}],"curies":[{"name":"gracias","href":"https:\/\/api.w.org\/{rel}","templated":true}]}}