{"id":6042,"date":"2025-04-18T10:22:36","date_gmt":"2025-04-18T08:22:36","guid":{"rendered":"https:\/\/mostra.es\/?p=6042"},"modified":"2025-04-18T10:22:39","modified_gmt":"2025-04-18T08:22:39","slug":"jesus-bua-icia-varela-y-jose-manuel-varela-inauguran-las-presentaciones-literarias-de-la-xxxiv-muestra-de-encaje-de-camarin","status":"publish","type":"post","link":"https:\/\/mostra.es\/es\/actualidade\/prensa\/xesus-bua-icia-varela-e-xose-manuel-varela-inauguran-as-presentacions-literarias-da-xxxiv-mostra-do-encaixe-de-camarinas\/","title":{"rendered":"Xes\u00fas B\u00faa, Ic\u00eda Varela y Xos\u00e9 Manuel Varela inauguran las presentaciones literarias del XXXIV Festival del Encaje de Camari\u00f1as"},"content":{"rendered":"<p>La XXXVI Muestra de Encaje de Camari\u00f1as de la Diputaci\u00f3n Provincial de A Coru\u00f1a acogi\u00f3 hoy las dos primeras presentaciones literarias de las seis que se celebrar\u00e1n durante el evento. Xes\u00fas B\u00faa, Ic\u00eda Varela y Xos\u00e9 Manuel Varela fueron los encargados de estrenar este programa literario hoy jueves 17 de abril.<\/p>\n\n\n\n<p>El fotoperiodista Xes\u00fas B\u00faa present\u00f3 &#039;Hombres y mujeres de sal y hierro&#039;, una publicaci\u00f3n que describe la jornada laboral completa de los percebeiros y percebeiras de Camari\u00f1as y Mux\u00eda, en plena Costa da Morte.<\/p>\n\n\n\n<p>Les siguieron la pandereta Ic\u00eda Varela y el especialista Xos\u00e9 Manuel Varela con su publicaci\u00f3n &#039;Cantareiras&#039;, un recorrido por el legado de la m\u00fasica y la poes\u00eda popular, la tradici\u00f3n de los panderetas.<\/p>\n\n\n\n<figure class=\"wp-block-gallery has-nested-images columns-default is-cropped wp-block-gallery-1 is-layout-flex wp-block-gallery-is-layout-flex\">\n<figure class=\"wp-block-image size-large\"><img fetchpriority=\"high\" decoding=\"async\" width=\"1024\" height=\"771\" data-id=\"6048\" src=\"https:\/\/mostra.es\/wp-content\/uploads\/2025\/04\/Presentacion-libro-Icia-Varela-e-Xesus-Bua-Mostra-do-Encaixe-6-1024x771.jpg\" alt=\"\" class=\"wp-image-6048\" title=\"\" srcset=\"https:\/\/mostra.es\/wp-content\/uploads\/2025\/04\/Presentacion-libro-Icia-Varela-e-Xesus-Bua-Mostra-do-Encaixe-6-1024x771.jpg 1024w, https:\/\/mostra.es\/wp-content\/uploads\/2025\/04\/Presentacion-libro-Icia-Varela-e-Xesus-Bua-Mostra-do-Encaixe-6-300x226.jpg 300w, https:\/\/mostra.es\/wp-content\/uploads\/2025\/04\/Presentacion-libro-Icia-Varela-e-Xesus-Bua-Mostra-do-Encaixe-6-768x579.jpg 768w, https:\/\/mostra.es\/wp-content\/uploads\/2025\/04\/Presentacion-libro-Icia-Varela-e-Xesus-Bua-Mostra-do-Encaixe-6-16x12.jpg 16w, https:\/\/mostra.es\/wp-content\/uploads\/2025\/04\/Presentacion-libro-Icia-Varela-e-Xesus-Bua-Mostra-do-Encaixe-6.jpg 1500w\" sizes=\"(max-width: 1024px) 100vw, 1024px\" \/><\/figure>\n\n\n\n<figure class=\"wp-block-image size-large\"><img decoding=\"async\" width=\"1024\" height=\"771\" data-id=\"6046\" src=\"https:\/\/mostra.es\/wp-content\/uploads\/2025\/04\/Presentacion-libro-Icia-Varela-e-Xesus-Bua-Mostra-do-Encaixe-4-1024x771.jpg\" alt=\"\" class=\"wp-image-6046\" title=\"\" srcset=\"https:\/\/mostra.es\/wp-content\/uploads\/2025\/04\/Presentacion-libro-Icia-Varela-e-Xesus-Bua-Mostra-do-Encaixe-4-1024x771.jpg 1024w, https:\/\/mostra.es\/wp-content\/uploads\/2025\/04\/Presentacion-libro-Icia-Varela-e-Xesus-Bua-Mostra-do-Encaixe-4-300x226.jpg 300w, https:\/\/mostra.es\/wp-content\/uploads\/2025\/04\/Presentacion-libro-Icia-Varela-e-Xesus-Bua-Mostra-do-Encaixe-4-768x579.jpg 768w, https:\/\/mostra.es\/wp-content\/uploads\/2025\/04\/Presentacion-libro-Icia-Varela-e-Xesus-Bua-Mostra-do-Encaixe-4-16x12.jpg 16w, https:\/\/mostra.es\/wp-content\/uploads\/2025\/04\/Presentacion-libro-Icia-Varela-e-Xesus-Bua-Mostra-do-Encaixe-4.jpg 1500w\" sizes=\"(max-width: 1024px) 100vw, 1024px\" \/><\/figure>\n\n\n\n<figure class=\"wp-block-image size-large\"><img decoding=\"async\" width=\"1024\" height=\"771\" data-id=\"6044\" src=\"https:\/\/mostra.es\/wp-content\/uploads\/2025\/04\/Presentacion-libro-Icia-Varela-e-Xesus-Bua-Mostra-do-Encaixe-2-1024x771.jpg\" alt=\"\" class=\"wp-image-6044\" title=\"\" srcset=\"https:\/\/mostra.es\/wp-content\/uploads\/2025\/04\/Presentacion-libro-Icia-Varela-e-Xesus-Bua-Mostra-do-Encaixe-2-1024x771.jpg 1024w, https:\/\/mostra.es\/wp-content\/uploads\/2025\/04\/Presentacion-libro-Icia-Varela-e-Xesus-Bua-Mostra-do-Encaixe-2-300x226.jpg 300w, https:\/\/mostra.es\/wp-content\/uploads\/2025\/04\/Presentacion-libro-Icia-Varela-e-Xesus-Bua-Mostra-do-Encaixe-2-768x579.jpg 768w, https:\/\/mostra.es\/wp-content\/uploads\/2025\/04\/Presentacion-libro-Icia-Varela-e-Xesus-Bua-Mostra-do-Encaixe-2-16x12.jpg 16w, https:\/\/mostra.es\/wp-content\/uploads\/2025\/04\/Presentacion-libro-Icia-Varela-e-Xesus-Bua-Mostra-do-Encaixe-2.jpg 1500w\" sizes=\"(max-width: 1024px) 100vw, 1024px\" \/><\/figure>\n\n\n\n<figure class=\"wp-block-image size-large\"><img loading=\"lazy\" decoding=\"async\" width=\"1024\" height=\"771\" data-id=\"6043\" src=\"https:\/\/mostra.es\/wp-content\/uploads\/2025\/04\/Presentacion-libro-Icia-Varela-e-Xesus-Bua-Mostra-do-Encaixe-1-1024x771.jpg\" alt=\"\" class=\"wp-image-6043\" title=\"\" srcset=\"https:\/\/mostra.es\/wp-content\/uploads\/2025\/04\/Presentacion-libro-Icia-Varela-e-Xesus-Bua-Mostra-do-Encaixe-1-1024x771.jpg 1024w, https:\/\/mostra.es\/wp-content\/uploads\/2025\/04\/Presentacion-libro-Icia-Varela-e-Xesus-Bua-Mostra-do-Encaixe-1-300x226.jpg 300w, https:\/\/mostra.es\/wp-content\/uploads\/2025\/04\/Presentacion-libro-Icia-Varela-e-Xesus-Bua-Mostra-do-Encaixe-1-768x579.jpg 768w, https:\/\/mostra.es\/wp-content\/uploads\/2025\/04\/Presentacion-libro-Icia-Varela-e-Xesus-Bua-Mostra-do-Encaixe-1-16x12.jpg 16w, https:\/\/mostra.es\/wp-content\/uploads\/2025\/04\/Presentacion-libro-Icia-Varela-e-Xesus-Bua-Mostra-do-Encaixe-1.jpg 1500w\" sizes=\"(max-width: 1024px) 100vw, 1024px\" \/><\/figure>\n<\/figure>\n\n\n\n<h2 class=\"wp-block-heading\"><strong>Josefina Campa\u00f1a y Xan Fern\u00e1ndez el viernes<\/strong><\/h2>\n\n\n\n<p>Mientras tanto, el viernes 18 de abril, a las 12:00 horas, ser\u00e1 el turno de Josefina Campa\u00f1a y su libro &#039;De ni\u00f1a artesana a mujer&#039;. Luego, a las 12:20 horas, el propio Xan Fern\u00e1ndez actuar\u00e1 con el gu\u00eda &#039;Camari\u00f1as, un mar de encaje&#039;, evento presentado por el comunicador Marcial Mouzo.<\/p>\n\n\n\n<p>El s\u00e1bado 19, a las 11:40 horas, Alfonso de Sas presentar\u00e1 una nueva edici\u00f3n de &#039;El Cementerio de los Ingleses&#039;. Por \u00faltimo, el mismo s\u00e1bado, a las 12.00 horas, la fotoperiodista Ana Garc\u00eda presentar\u00e1 su publicaci\u00f3n \u2018Mar de Ardora, Mar de Galicia\u2019, un compendio de bellas im\u00e1genes sobre la magia que puede crear la bioluminiscencia marina.<\/p>\n\n\n\n<p>Estas presentaciones literarias forman parte de una larga y variada programaci\u00f3n que conforma la XXXIII edici\u00f3n de la Mostra do Encaixe y que llenar\u00e1 de actividad Camari\u00f1as durante cinco d\u00edas.<\/p>","protected":false},"excerpt":{"rendered":"<p>El fotoperiodista de Mux\u00eda present\u00f3 &#039;Hombres y mujeres de Sal y Hierro&#039;.<\/p>\n<p>Ic\u00eda Varela y Xos\u00e9 Manuel Varela presentaron &#039;Cantareiras&#039;.<\/p>","protected":false},"author":1,"featured_media":6047,"comment_status":"open","ping_status":"closed","sticky":false,"template":"","format":"standard","meta":{"footnotes":""},"categories":[10],"tags":[554,501,553,517],"class_list":["post-6042","post","type-post","status-publish","format-standard","has-post-thumbnail","hentry","category-prensa","tag-icia-varela","tag-presentacions","tag-xesus-bua","tag-xxxiv-mostra-do-encaixe"],"_links":{"self":[{"href":"https:\/\/mostra.es\/es\/wp-json\/wp\/v2\/posts\/6042","targetHints":{"allow":["GET"]}}],"collection":[{"href":"https:\/\/mostra.es\/es\/wp-json\/wp\/v2\/posts"}],"about":[{"href":"https:\/\/mostra.es\/es\/wp-json\/wp\/v2\/types\/post"}],"author":[{"embeddable":true,"href":"https:\/\/mostra.es\/es\/wp-json\/wp\/v2\/users\/1"}],"replies":[{"embeddable":true,"href":"https:\/\/mostra.es\/es\/wp-json\/wp\/v2\/comments?post=6042"}],"version-history":[{"count":0,"href":"https:\/\/mostra.es\/es\/wp-json\/wp\/v2\/posts\/6042\/revisions"}],"wp:featuredmedia":[{"embeddable":true,"href":"https:\/\/mostra.es\/es\/wp-json\/wp\/v2\/media\/6047"}],"wp:attachment":[{"href":"https:\/\/mostra.es\/es\/wp-json\/wp\/v2\/media?parent=6042"}],"wp:term":[{"taxonomy":"category","embeddable":true,"href":"https:\/\/mostra.es\/es\/wp-json\/wp\/v2\/categories?post=6042"},{"taxonomy":"post_tag","embeddable":true,"href":"https:\/\/mostra.es\/es\/wp-json\/wp\/v2\/tags?post=6042"}],"curies":[{"name":"gracias","href":"https:\/\/api.w.org\/{rel}","templated":true}]}}