{"id":6008,"date":"2025-04-15T12:44:11","date_gmt":"2025-04-15T10:44:11","guid":{"rendered":"https:\/\/mostra.es\/?p=6008"},"modified":"2025-04-15T12:48:18","modified_gmt":"2025-04-15T10:48:18","slug":"mas-de-25-voluntarios-garantizaron-el-correcto-funcionamiento-de-la-xxxiv-muestra-de-encaje","status":"publish","type":"post","link":"https:\/\/mostra.es\/es\/actualidade\/prensa\/mais-de-25-voluntarias-e-voluntarios-aseguraran-o-bo-funcionamento-da-xxxiv-mostra-do-encaixe\/","title":{"rendered":"M\u00e1s de 25 voluntarios garantizar\u00e1n el buen funcionamiento de la XXXIV Feria del Encaje\u00a0"},"content":{"rendered":"<p>La XXXIV Muestra de Encaje de Camari\u00f1as de la Diputaci\u00f3n Provincial de A Coru\u00f1a volver\u00e1 a contar con un fenomenal equipo de voluntarios formado por m\u00e1s de 25 personas que, como cada a\u00f1o, velar\u00e1n por el buen desarrollo del evento durante los cinco d\u00edas.\u00a0\u00a0<\/p>\n\n\n\n<p>Por un lado, ser\u00e1n los encargados de coordinar que toda la programaci\u00f3n se desarrolle seg\u00fan lo previsto, tanto en el control de acceso o en el mostrador de informaci\u00f3n como en el acceso al sal\u00f3n de actos, ayudando tambi\u00e9n a los visitantes ante cualquier duda que puedan tener.&nbsp;<\/p>\n\n\n\n<p>Por otra parte, como es habitual, el grupo de Protecci\u00f3n Civil de Camari\u00f1as desplegar\u00e1 un dispositivo de seguridad y tr\u00e1fico, imprescindible para el desarrollo de la Mostra y tambi\u00e9n para resolver cualquier imprevisto.<\/p>\n\n\n\n<figure class=\"wp-block-embed is-type-video is-provider-youtube wp-block-embed-youtube wp-embed-aspect-16-9 wp-has-aspect-ratio\"><div class=\"wp-block-embed__wrapper\">\nhttps:\/\/www.youtube.com\/watch?v=PqMJ5yYFkA0\n<\/div><\/figure>","protected":false},"excerpt":{"rendered":"<p>A XXXIV Mostra do Encaixe de Camari\u00f1as Deputaci\u00f3n da Coru\u00f1a volver\u00e1 a contar cun fenomenal equipo de voluntarios e voluntarias formado por m\u00e1is de 25 persoas que, como cada ano, asegurar\u00e1n o bo funcionamento do evento durante os cinco d\u00edas.\u00a0\u00a0 Por unha parte, encargaranse de coordinar que toda a programaci\u00f3n se desenvolva segundo o previsto, [&hellip;]<\/p>\n","protected":false},"author":1,"featured_media":5733,"comment_status":"open","ping_status":"closed","sticky":false,"template":"","format":"standard","meta":{"footnotes":""},"categories":[10],"tags":[497,231,517],"class_list":["post-6008","post","type-post","status-publish","format-standard","has-post-thumbnail","hentry","category-prensa","tag-proteccion-civil","tag-voluntarios","tag-xxxiv-mostra-do-encaixe"],"_links":{"self":[{"href":"https:\/\/mostra.es\/es\/wp-json\/wp\/v2\/posts\/6008","targetHints":{"allow":["GET"]}}],"collection":[{"href":"https:\/\/mostra.es\/es\/wp-json\/wp\/v2\/posts"}],"about":[{"href":"https:\/\/mostra.es\/es\/wp-json\/wp\/v2\/types\/post"}],"author":[{"embeddable":true,"href":"https:\/\/mostra.es\/es\/wp-json\/wp\/v2\/users\/1"}],"replies":[{"embeddable":true,"href":"https:\/\/mostra.es\/es\/wp-json\/wp\/v2\/comments?post=6008"}],"version-history":[{"count":0,"href":"https:\/\/mostra.es\/es\/wp-json\/wp\/v2\/posts\/6008\/revisions"}],"wp:featuredmedia":[{"embeddable":true,"href":"https:\/\/mostra.es\/es\/wp-json\/wp\/v2\/media\/5733"}],"wp:attachment":[{"href":"https:\/\/mostra.es\/es\/wp-json\/wp\/v2\/media?parent=6008"}],"wp:term":[{"taxonomy":"category","embeddable":true,"href":"https:\/\/mostra.es\/es\/wp-json\/wp\/v2\/categories?post=6008"},{"taxonomy":"post_tag","embeddable":true,"href":"https:\/\/mostra.es\/es\/wp-json\/wp\/v2\/tags?post=6008"}],"curies":[{"name":"gracias","href":"https:\/\/api.w.org\/{rel}","templated":true}]}}