{"id":5998,"date":"2025-04-14T17:41:18","date_gmt":"2025-04-14T15:41:18","guid":{"rendered":"https:\/\/mostra.es\/?p=5998"},"modified":"2025-04-14T17:42:50","modified_gmt":"2025-04-14T15:42:50","slug":"este-miercoles-comienza-la-xxxiv-muestra-de-encajes-de-la-diputacion-provincial-de-a-coruna","status":"publish","type":"post","link":"https:\/\/mostra.es\/es\/actualidade\/prensa\/este-mercores-dara-comezo-a-xxxiv-mostra-do-encaixe-de-camarinas-deputacion-da-coruna\/","title":{"rendered":"Este mi\u00e9rcoles comenzar\u00e1 la XXXIV Exposici\u00f3n de Encajes de Camari\u00f1as Diputaci\u00f3n Provincial de A Coru\u00f1a"},"content":{"rendered":"<p>La XXXIV Muestra de Encaje de Camari\u00f1as de la Diputaci\u00f3n Provincial de A Coru\u00f1a est\u00e1 a punto de comenzar. El evento, que se celebrar\u00e1 del mi\u00e9rcoles 16 al domingo 20 de abril, con el lema &#039;Un mar de piques&#039; busca resaltar la fuerte conexi\u00f3n que existe en la localidad entre el mar y el encaje, la naturaleza y la tradici\u00f3n.<\/p>\n\n\n\n<p><strong>La inauguraci\u00f3n de la trig\u00e9sima cuarta edici\u00f3n de la Mostra tendr\u00e1 lugar el mi\u00e9rcoles 16 de abril a las 15.00 horas.<\/strong> momento en el que dar\u00e1 comienzo el tradicional encuentro de encajeras y encajeras de la Costa da Morte, en el que tambi\u00e9n participar\u00e1n alumnado de las escuelas infantiles municipales. <strong>El acto inaugural con las autoridades ser\u00e1 a las 16:30 horas. <\/strong>A continuaci\u00f3n, a partir de las 18 horas, comenzar\u00e1n los primeros desfiles: los m\u00e1s peque\u00f1os de &#039;PequEncaixe&#039; ser\u00e1n los que pisen por primera vez la pasarela, seguidos de los Grandes Dise\u00f1adores. Entre, <strong>Una actuaci\u00f3n de las Hijas de Casandra animar\u00e1 la pasarela.<\/strong>&nbsp;<\/p>\n\n\n\n<p>Durante los cinco d\u00edas se podr\u00e1n ver las firmas de la categor\u00eda de <strong>&#039;Grandes dise\u00f1adores&#039;, <\/strong>Sobre las pasarelas de la Mostra subir\u00e1n a mostrar sus creaciones con encaje: Ana Cabranes, Andion Clothing, Claudina Mata, Devota &amp; Lomba, Franco Quint\u00e1ns, Anamingo, Dolores Cort\u00e9s, Esteban Freir\u00eda, Jose Matteos y OSE Couture.&nbsp;<\/p>\n\n\n\n<p><strong>El desfile &#039;ArtEncaixe&#039;,<\/strong> que sigue ganando terreno en la programaci\u00f3n, se estrenar\u00e1 el jueves 17 de abril, a las 12:45 horas. Llegar\u00e1n artesanos de distintos puntos de Galicia para demostrar que el encaje es vers\u00e1til y se puede adaptar a diferentes materiales: Alfarer\u00eda La Cacharrera, Lola Logaro, Ondas do Mar, O Rulo, Suso Calo, Encaixa_T, Michael P\u00e9rez, Ana Migu\u00e9ns, Estilo Aramar, Mariv\u00ed Santos Atelier, Risco Estudio, Tendataller Feituras \u2013 Mar\u00eda Canedo y Ene de Toba.&nbsp;<\/p>\n\n\n\n<p>Ese mismo jueves 17 de abril, los participantes en la <strong>XXXI Concurso de Nuevos Dise\u00f1adores<\/strong> en el que se repartir\u00e1n un total de 4.500 euros en premios y participar\u00e1n un total de 41 j\u00f3venes que est\u00e1n dando sus primeros pasos en el mundo de la moda. El viernes 18 a las 20:30 horas tendr\u00e1 lugar el encuentro entre grandes y nuevos dise\u00f1adores y el domingo 20, a partir de las 17:00 horas, se dar\u00e1 a conocer el fallo del jurado.&nbsp;<\/p>\n\n\n\n<figure class=\"wp-block-embed is-type-video is-provider-youtube wp-block-embed-youtube wp-embed-aspect-16-9 wp-has-aspect-ratio\"><div class=\"wp-block-embed__wrapper\">\n<iframe title=\"XXXIV Muestra de Encaje - Versi\u00f3n Gallega\" width=\"800\" height=\"450\" src=\"https:\/\/www.youtube.com\/embed\/PqMJ5yYFkA0?feature=oembed\" frameborder=\"0\" allow=\"accelerometer; autoplay; clipboard-write; encrypted-media; gyroscope; picture-in-picture; web-share\" referrerpolicy=\"strict-origin-when-cross-origin\" allowfullscreen><\/iframe>\n<\/div><\/figure>\n\n\n\n<p>La gran novedad de esta edici\u00f3n es la <strong>Desfile de &#039;Marcas Emergentes&#039;<\/strong>, se estrenar\u00e1 el jueves 17 de abril y se repetir\u00e1 el viernes 18 y el s\u00e1bado 19 de abril.&nbsp;<\/p>\n\n\n\n<p>Un a\u00f1o m\u00e1s, las delegaciones internacionales volver\u00e1n al Festival. El primer desfile del d\u00eda 18 tendr\u00e1 lugar el viernes a las 12:45 horas.<strong> &#039;Delegaciones internacionales de encajeras&#039;<\/strong>. Repetir\u00e1n el s\u00e1bado 19 a las 18.00 horas. Los participantes son Argentina (Buenos Aires), Bulgaria (Sof\u00eda), Hungr\u00eda (Kiskunhalas), Italia (Novedrate y Trapani), Portugal (Peniche y Serra D&#039;El Rei), Polonia (Bobowa) y Espa\u00f1a (Arenis del Mar).<\/p>\n\n\n\n<p>Uno de los momentos m\u00e1s esperados del Festival son los desfiles de moda. <strong>&#039;Cajita&#039;<\/strong>. Las ni\u00f1as y ni\u00f1os de los Colegios Municipales elaboran sus propios encajes a lo largo del curso escolar para posteriormente dise\u00f1ar los vestidos y desfilarlos en la Muestra. Se convierten en fabricantes de palillos, dise\u00f1adores y modelos.&nbsp;<\/p>\n\n\n\n<p>Lo mismo ocurre en el desfile de <strong>&#039;Encajeras Mayores de Camari\u00f1as&#039;<\/strong> que tendr\u00e1 lugar el domingo 20 a las 19.30 horas. durante el acto de clausura del evento y en el que vecinos del municipio muestran al p\u00fablico las creaciones que han realizado a lo largo del a\u00f1o.&nbsp;<\/p>\n\n\n\n<h2 class=\"wp-block-heading\">Hijas de Cassandra, Budi\u00f1o, Soledad Vidal, Roc\u00edo Cama\u00f1o, David Amor y otras actuaciones destacadas del programa<\/h2>\n\n\n\n<p>Este a\u00f1o, los asistentes podr\u00e1n disfrutar de la m\u00fasica del d\u00fao vigu\u00e9s <strong>Las hijas de Casandra <\/strong>(Mi\u00e9rcoles 16 a las 18.00 horas durante el desfile inaugural de la Mostra), del concierto &#039;Cantares Atl\u00e1nticos&#039; de la soprano <strong>Soledad Vidal y Aurelio Viribay<\/strong> (Jueves 17 a las 20.15 horas); o la acci\u00f3n de <strong>Roc\u00edo Caama\u00f1o<\/strong> (Viernes 18 a las 16.45 horas). El concierto de clausura de la Mostra lo realizar\u00e1 este a\u00f1o <strong>Pud\u00edn<\/strong> (Domingo 20 a las 19.30 horas).&nbsp;<\/p>\n\n\n\n<p>Adem\u00e1s, continuando con la tradici\u00f3n de los \u00faltimos a\u00f1os, podr\u00e1n re\u00edrse a carcajadas con <strong>David Love<\/strong> y su mon\u00f3logo \u2018El amor est\u00e1 en el aire\u2019 que tendr\u00e1 lugar el s\u00e1bado 19 de abril, a las 20.30 horas. en la propia pasarela. Adem\u00e1s, el viernes 18 a las 20:30 horas. <strong>Habr\u00e1 teatro a cargo del grupo Os Contos non Enchen y su obra &#039;Primeras Lerias&#039;.<\/strong><\/p>\n\n\n\n<p>Durante cinco d\u00edas, el folclore de los pueblos se escuchar\u00e1 en los pabellones de la Mostra, mezclado con el sonido de los palillos. <strong>grupos Abrindo Rejo, Golpe de Mar, Con toda en banda, Vaiche Boa, Asociaci\u00f3n Mar Devalado de Camelle y Asociaci\u00f3n As Cansorri\u00f1as<\/strong>. Tambi\u00e9n el <strong>VIII Reuni\u00f3n Coral<\/strong> en el que participar\u00e1n el Coro Polif\u00f3nico Santa Cecilia de Coristanco, el Coro Polif\u00f3nico Alecr\u00edn de Bri\u00f3n (Ferrol) y el Coro Brisas do Mar de Camari\u00f1as (domingo 20 a las 12:30 h.).<\/p>\n\n\n\n<p>El evento se utilizar\u00e1 para <strong>presentaci\u00f3n de libros y publicaciones<\/strong> como &#039;Hombres y mujeres de sal y hierro&#039; de Xes\u00fas B\u00faa (jueves 17 a las 12:00), &#039;Cantareiras&#039; de Ic\u00eda Varela y Xos\u00e9 Manuel Varela (jueves 17 a las 12:30), el libro &#039;De artesana a mujer&#039; de Josefina Campa\u00f1a (viernes 18 a las 12:00), la gu\u00eda &#039;Camari\u00f1as, un mar de encaje&#039; de Xan Fern\u00e1ndez (viernes 18 a las 12:20), la nueva edici\u00f3n de &#039;El Cementerio de los Ingleses&#039; de Alfonso de Sas (s\u00e1bado 19 a las 11:40), y el libro &#039;Mar de Ardora, Mar de Galicia&#039; de la fotoperiodista Ana Garc\u00eda (s\u00e1bado 19 a las 12:00).<\/p>\n\n\n\n<p>El acto de clausura de la XXXIV Muestra de Encaje de Camari\u00f1as tendr\u00e1 lugar el domingo 20 de abril a las 19.30 horas.<\/p>\n\n\n\n<div class=\"wp-block-buttons is-layout-flex wp-block-buttons-is-layout-flex\">\n<div class=\"wp-block-button has-custom-width wp-block-button__width-100\"><a class=\"wp-block-button__link has-text-align-center wp-element-button\" href=\"https:\/\/mostra.es\/es\/programa-xxxiv-mostra-do-encaixe-de-camarinas\/\">Programa XXXIV Mostra do Encaixe<\/a><\/div>\n<\/div>\n\n\n\n<h2 class=\"wp-block-heading\">&#039;Gourmet entre encajes&#039;<\/h2>\n\n\n\n<p>El Ayuntamiento repetir\u00e1 este a\u00f1o en la XXXIV Feria de Encaje de Camari\u00f1as de la Diputaci\u00f3n de A Coru\u00f1a el &#039;Gourmet entre encajes&#039;, un espacio dedicado al sector de la alimentaci\u00f3n en el que se podr\u00e1n instalar puestos de venta al p\u00fablico.<\/p>\n\n\n\n<p>Esta nueva zona, que tambi\u00e9n albergar\u00e1 la barra de la Mostra, contar\u00e1 con una decoraci\u00f3n ambiental especial y contar\u00e1 con un espacio con mesas y sillas para que el p\u00fablico asistente a la Mostra pueda degustar los productos que compre all\u00ed mismo.<\/p>\n\n\n\n<p>A lo largo de la exposici\u00f3n tambi\u00e9n habr\u00e1 <strong>catas gastron\u00f3micas de polvo, <\/strong>de Frigor\u00edficos de Camari\u00f1as (viernes 18 de abril a las 19:30 horas) y de rodaballo, de Stolt Sea Farm (s\u00e1bado 19 de abril a las 14:00 horas).<\/p>\n\n\n\n<p>Tambi\u00e9n habr\u00e1 <strong>Demostraciones de artesan\u00eda<\/strong> y los padres podr\u00e1n dejar a los m\u00e1s peque\u00f1os en el <strong>Parque infantil<\/strong> con monitores cualificados.<\/p>\n\n\n\n<figure class=\"wp-block-image size-full\"><img fetchpriority=\"high\" decoding=\"async\" width=\"922\" height=\"1200\" src=\"https:\/\/mostra.es\/wp-content\/uploads\/2025\/01\/Cartel-XXXIV-Mostra-do-Encaixe-1.jpg\" alt=\"Cartel de la XXXIV Exposici\u00f3n de Encajes\" class=\"wp-image-5513\" title=\"\" srcset=\"https:\/\/mostra.es\/wp-content\/uploads\/2025\/01\/Cartel-XXXIV-Mostra-do-Encaixe-1.jpg 922w, https:\/\/mostra.es\/wp-content\/uploads\/2025\/01\/Cartel-XXXIV-Mostra-do-Encaixe-1-231x300.jpg 231w, https:\/\/mostra.es\/wp-content\/uploads\/2025\/01\/Cartel-XXXIV-Mostra-do-Encaixe-1-787x1024.jpg 787w, https:\/\/mostra.es\/wp-content\/uploads\/2025\/01\/Cartel-XXXIV-Mostra-do-Encaixe-1-768x1000.jpg 768w, https:\/\/mostra.es\/wp-content\/uploads\/2025\/01\/Cartel-XXXIV-Mostra-do-Encaixe-1-9x12.jpg 9w\" sizes=\"(max-width: 922px) 100vw, 922px\" \/><figcaption class=\"wp-element-caption\">Cartel de la XXXIV Exposici\u00f3n de Encajes<\/figcaption><\/figure>","protected":false},"excerpt":{"rendered":"<p>El evento se desarrollar\u00e1 del 27 al 31 de marzo y con el lema \u2018Un mar de piques\u2019 busca resaltar la fuerte conexi\u00f3n que existe en la localidad entre el mar y el encaje.<\/p>","protected":false},"author":1,"featured_media":4837,"comment_status":"open","ping_status":"closed","sticky":false,"template":"","format":"standard","meta":{"footnotes":""},"categories":[10],"tags":[517],"class_list":["post-5998","post","type-post","status-publish","format-standard","has-post-thumbnail","hentry","category-prensa","tag-xxxiv-mostra-do-encaixe"],"_links":{"self":[{"href":"https:\/\/mostra.es\/es\/wp-json\/wp\/v2\/posts\/5998","targetHints":{"allow":["GET"]}}],"collection":[{"href":"https:\/\/mostra.es\/es\/wp-json\/wp\/v2\/posts"}],"about":[{"href":"https:\/\/mostra.es\/es\/wp-json\/wp\/v2\/types\/post"}],"author":[{"embeddable":true,"href":"https:\/\/mostra.es\/es\/wp-json\/wp\/v2\/users\/1"}],"replies":[{"embeddable":true,"href":"https:\/\/mostra.es\/es\/wp-json\/wp\/v2\/comments?post=5998"}],"version-history":[{"count":0,"href":"https:\/\/mostra.es\/es\/wp-json\/wp\/v2\/posts\/5998\/revisions"}],"wp:featuredmedia":[{"embeddable":true,"href":"https:\/\/mostra.es\/es\/wp-json\/wp\/v2\/media\/4837"}],"wp:attachment":[{"href":"https:\/\/mostra.es\/es\/wp-json\/wp\/v2\/media?parent=5998"}],"wp:term":[{"taxonomy":"category","embeddable":true,"href":"https:\/\/mostra.es\/es\/wp-json\/wp\/v2\/categories?post=5998"},{"taxonomy":"post_tag","embeddable":true,"href":"https:\/\/mostra.es\/es\/wp-json\/wp\/v2\/tags?post=5998"}],"curies":[{"name":"gracias","href":"https:\/\/api.w.org\/{rel}","templated":true}]}}