{"id":5986,"date":"2025-04-12T21:03:42","date_gmt":"2025-04-12T19:03:42","guid":{"rendered":"https:\/\/mostra.es\/?p=5986"},"modified":"2025-04-12T21:03:49","modified_gmt":"2025-04-12T19:03:49","slug":"el-encaje-del-camerino-atrae-las-miradas-de-los-coruneses-en-el-preestreno-del-desfile","status":"publish","type":"post","link":"https:\/\/mostra.es\/es\/actualidade\/prensa\/o-encaixe-de-camarinas-atrae-as-miradas-de-coruneses-e-corunesas-na-previa-da-mostra\/","title":{"rendered":"El encaje de Camari\u00f1as atrae la atenci\u00f3n de los coru\u00f1eses en el preestreno de la Mostra"},"content":{"rendered":"<p>Las miles de personas que pasaron esta tarde por la c\u00e9ntrica Plaza de Mar\u00eda Pita de A Coru\u00f1a pudieron disfrutar de un desfile-exhibici\u00f3n que sirve de antesala a la XXXIV Muestra de Encaje de Camari\u00f1as de la Diputaci\u00f3n Provincial de A Coru\u00f1a y apreciar as\u00ed lo bien que funciona la fusi\u00f3n del encaje de Camari\u00f1as con la moda contempor\u00e1nea.<\/p>\n\n\n\n<p>El desfile mostr\u00f3 diferentes colecciones con encaje aplicado de dise\u00f1adores como Esteban Freir\u00eda, Jose Matteos, Joaqu\u00edn Ru\u00edz, Anamingo, Andion Clothing y Ana Cabranes. Diez modelos mostraron sus creaciones.<\/p>\n\n\n\n<p>En este desfile-exposici\u00f3n estuvieron presentes la alcaldesa de Camari\u00f1as, Sandra Insua, y las concejalas Encarna Li\u00f1eiro y Bego\u00f1a Tajes.<\/p>\n\n\n\n<figure class=\"wp-block-gallery has-nested-images columns-default is-cropped wp-block-gallery-1 is-layout-flex wp-block-gallery-is-layout-flex\">\n<figure class=\"wp-block-image size-large\"><img fetchpriority=\"high\" decoding=\"async\" width=\"1024\" height=\"683\" data-id=\"5989\" src=\"https:\/\/mostra.es\/wp-content\/uploads\/2025\/04\/FOTO-MOSTRA-Desfile-Maria-Pita-3-1-1024x683.jpg\" alt=\"\" class=\"wp-image-5989\" title=\"\" srcset=\"https:\/\/mostra.es\/wp-content\/uploads\/2025\/04\/FOTO-MOSTRA-Desfile-Maria-Pita-3-1-1024x683.jpg 1024w, https:\/\/mostra.es\/wp-content\/uploads\/2025\/04\/FOTO-MOSTRA-Desfile-Maria-Pita-3-1-300x200.jpg 300w, https:\/\/mostra.es\/wp-content\/uploads\/2025\/04\/FOTO-MOSTRA-Desfile-Maria-Pita-3-1-768x512.jpg 768w, https:\/\/mostra.es\/wp-content\/uploads\/2025\/04\/FOTO-MOSTRA-Desfile-Maria-Pita-3-1-18x12.jpg 18w, https:\/\/mostra.es\/wp-content\/uploads\/2025\/04\/FOTO-MOSTRA-Desfile-Maria-Pita-3-1.jpg 1500w\" sizes=\"(max-width: 1024px) 100vw, 1024px\" \/><\/figure>\n\n\n\n<figure class=\"wp-block-image size-large\"><img decoding=\"async\" width=\"1024\" height=\"683\" data-id=\"5988\" src=\"https:\/\/mostra.es\/wp-content\/uploads\/2025\/04\/FOTO-MOSTRA-Desfile-Maria-Pita-2-1-1024x683.jpg\" alt=\"\" class=\"wp-image-5988\" title=\"\" srcset=\"https:\/\/mostra.es\/wp-content\/uploads\/2025\/04\/FOTO-MOSTRA-Desfile-Maria-Pita-2-1-1024x683.jpg 1024w, https:\/\/mostra.es\/wp-content\/uploads\/2025\/04\/FOTO-MOSTRA-Desfile-Maria-Pita-2-1-300x200.jpg 300w, https:\/\/mostra.es\/wp-content\/uploads\/2025\/04\/FOTO-MOSTRA-Desfile-Maria-Pita-2-1-768x512.jpg 768w, https:\/\/mostra.es\/wp-content\/uploads\/2025\/04\/FOTO-MOSTRA-Desfile-Maria-Pita-2-1-18x12.jpg 18w, https:\/\/mostra.es\/wp-content\/uploads\/2025\/04\/FOTO-MOSTRA-Desfile-Maria-Pita-2-1.jpg 1500w\" sizes=\"(max-width: 1024px) 100vw, 1024px\" \/><\/figure>\n\n\n\n<figure class=\"wp-block-image size-large\"><img decoding=\"async\" width=\"1024\" height=\"683\" data-id=\"5987\" src=\"https:\/\/mostra.es\/wp-content\/uploads\/2025\/04\/FOTO-MOSTRA-Desfile-Maria-Pita-1-1-1024x683.jpg\" alt=\"\" class=\"wp-image-5987\" title=\"\" srcset=\"https:\/\/mostra.es\/wp-content\/uploads\/2025\/04\/FOTO-MOSTRA-Desfile-Maria-Pita-1-1-1024x683.jpg 1024w, https:\/\/mostra.es\/wp-content\/uploads\/2025\/04\/FOTO-MOSTRA-Desfile-Maria-Pita-1-1-300x200.jpg 300w, https:\/\/mostra.es\/wp-content\/uploads\/2025\/04\/FOTO-MOSTRA-Desfile-Maria-Pita-1-1-768x512.jpg 768w, https:\/\/mostra.es\/wp-content\/uploads\/2025\/04\/FOTO-MOSTRA-Desfile-Maria-Pita-1-1-18x12.jpg 18w, https:\/\/mostra.es\/wp-content\/uploads\/2025\/04\/FOTO-MOSTRA-Desfile-Maria-Pita-1-1.jpg 1500w\" sizes=\"(max-width: 1024px) 100vw, 1024px\" \/><\/figure>\n<\/figure>","protected":false},"excerpt":{"rendered":"<p>En la Plaza de Mar\u00eda Pita se realiz\u00f3 un desfile de moda que mostr\u00f3 las colecciones de los dise\u00f1adores Esteban Freir\u00eda, Jos\u00e9 Matteos, Joaqu\u00edn Ru\u00edz, Anamingo, Andion Clothing y Ana Cabranes.\u00a0<\/p>","protected":false},"author":1,"featured_media":5990,"comment_status":"open","ping_status":"closed","sticky":false,"template":"","format":"standard","meta":{"footnotes":""},"categories":[10],"tags":[517],"class_list":["post-5986","post","type-post","status-publish","format-standard","has-post-thumbnail","hentry","category-prensa","tag-xxxiv-mostra-do-encaixe"],"_links":{"self":[{"href":"https:\/\/mostra.es\/es\/wp-json\/wp\/v2\/posts\/5986","targetHints":{"allow":["GET"]}}],"collection":[{"href":"https:\/\/mostra.es\/es\/wp-json\/wp\/v2\/posts"}],"about":[{"href":"https:\/\/mostra.es\/es\/wp-json\/wp\/v2\/types\/post"}],"author":[{"embeddable":true,"href":"https:\/\/mostra.es\/es\/wp-json\/wp\/v2\/users\/1"}],"replies":[{"embeddable":true,"href":"https:\/\/mostra.es\/es\/wp-json\/wp\/v2\/comments?post=5986"}],"version-history":[{"count":0,"href":"https:\/\/mostra.es\/es\/wp-json\/wp\/v2\/posts\/5986\/revisions"}],"wp:featuredmedia":[{"embeddable":true,"href":"https:\/\/mostra.es\/es\/wp-json\/wp\/v2\/media\/5990"}],"wp:attachment":[{"href":"https:\/\/mostra.es\/es\/wp-json\/wp\/v2\/media?parent=5986"}],"wp:term":[{"taxonomy":"category","embeddable":true,"href":"https:\/\/mostra.es\/es\/wp-json\/wp\/v2\/categories?post=5986"},{"taxonomy":"post_tag","embeddable":true,"href":"https:\/\/mostra.es\/es\/wp-json\/wp\/v2\/tags?post=5986"}],"curies":[{"name":"gracias","href":"https:\/\/api.w.org\/{rel}","templated":true}]}}