{"id":5954,"date":"2025-04-08T14:04:29","date_gmt":"2025-04-08T12:04:29","guid":{"rendered":"https:\/\/mostra.es\/?p=5954"},"modified":"2025-04-08T14:04:31","modified_gmt":"2025-04-08T12:04:31","slug":"claudina-mata-y-ana-cabranes-en-el-desfile-de-encajes-del-camerino-xxxiv","status":"publish","type":"post","link":"https:\/\/mostra.es\/es\/actualidade\/prensa\/claudina-mata-e-ana-cabranes-na-xxxiv-mostra-do-encaixe-de-camarinas\/","title":{"rendered":"Claudina Mata y Ana Cabranes, en la XXXIV Muestra de Encajes de Camari\u00f1as"},"content":{"rendered":"<p>M\u00e1s confirmaciones para el desfile de Grandes Dise\u00f1adores de la XXXIV Muestra de Encaje de Camari\u00f1as, Diputaci\u00f3n de A Coru\u00f1a. Un a\u00f1o m\u00e1s, la dise\u00f1adora granadina Claudina Mata y la asturiana Ana Cabranes regresan a la pasarela de Camari\u00f1as, capital de la moda durante la Semana Santa.<\/p>\n\n\n\n<p>Claudina Mata traer\u00e1 a Camari\u00f1as &quot;una colecci\u00f3n c\u00e1psula nupcial donde el encaje y las transparencias ser\u00e1n los grandes protagonistas. Piezas delicadas, con un enfoque muy et\u00e9reo y contempor\u00e1neo, donde la ligereza de los tejidos y la sutileza del encaje se fusionan para crear siluetas limpias, elegantes y con mucho alma artesanal&quot;.<\/p>\n\n\n\n<p>\u201cParticipar un a\u00f1o m\u00e1s en la Mostra es un honor y una gran responsabilidad, es reinterpretar un arte tan antiguo como el encaje de Camari\u00f1as desde una perspectiva contempor\u00e1nea, sin perder su esencia. Es un reto pero, sobre todo, un motor creativo\u201d, a\u00f1ade la dise\u00f1adora granadina.&nbsp;<\/p>\n\n\n\n<figure class=\"wp-block-image size-large\"><img fetchpriority=\"high\" decoding=\"async\" width=\"1024\" height=\"683\" src=\"https:\/\/mostra.es\/wp-content\/uploads\/2023\/03\/ana-cabranes-coleccion-1024x683.jpg\" alt=\"Desfile de Ana Cabranes en la XXXI Feria del Encaje\" class=\"wp-image-4253\" title=\"\" srcset=\"https:\/\/mostra.es\/wp-content\/uploads\/2023\/03\/ana-cabranes-coleccion-1024x683.jpg 1024w, https:\/\/mostra.es\/wp-content\/uploads\/2023\/03\/ana-cabranes-coleccion-300x200.jpg 300w, https:\/\/mostra.es\/wp-content\/uploads\/2023\/03\/ana-cabranes-coleccion-768x512.jpg 768w, https:\/\/mostra.es\/wp-content\/uploads\/2023\/03\/ana-cabranes-coleccion-1536x1025.jpg 1536w, https:\/\/mostra.es\/wp-content\/uploads\/2023\/03\/ana-cabranes-coleccion.jpg 2000w\" sizes=\"(max-width: 1024px) 100vw, 1024px\" \/><figcaption class=\"wp-element-caption\">Desfile de Ana Cabranes en la XXXI Feria del Encaje<\/figcaption><\/figure>\n\n\n\n<p>Por su parte, Ana Cabranes, que participa en el evento de forma ininterrumpida desde 2003, presentar\u00e1 su colecci\u00f3n \u2018Jade\u2019 que \u201cno es solo un color, es un concepto, un homenaje a la naturaleza, a la autenticidad y a la belleza que no necesita adornos para brillar\u201d.<\/p>\n\n\n\n<p>El encaje es una joya de nuestra tradici\u00f3n y cada a\u00f1o encontrar nuevas maneras de integrarlo en el dise\u00f1o contempor\u00e1neo es un ejercicio creativo y muy especial. M\u00e1s que un reto, es una motivaci\u00f3n; me obliga a mirar el encaje desde otros \u00e1ngulos y reinterpretarlo sin perder su esencia, explica.<\/p>\n\n\n\n<figure class=\"wp-block-embed is-type-video is-provider-youtube wp-block-embed-youtube wp-embed-aspect-16-9 wp-has-aspect-ratio\"><div class=\"wp-block-embed__wrapper\">\n<iframe title=\"21- Claudina Mata nos habla de la Muestra de Encaje de Camari\u00f1as\" width=\"800\" height=\"450\" src=\"https:\/\/www.youtube.com\/embed\/VMCgX0vEYHo?feature=oembed\" frameborder=\"0\" allow=\"accelerometer; autoplay; clipboard-write; encrypted-media; gyroscope; picture-in-picture; web-share\" referrerpolicy=\"strict-origin-when-cross-origin\" allowfullscreen><\/iframe>\n<\/div><\/figure>","protected":false},"excerpt":{"rendered":"<p>La granadina Mata presentar\u00e1 \u201cuna colecci\u00f3n c\u00e1psula nupcial en la que el encaje y las transparencias ser\u00e1n las grandes protagonistas\u201d.<\/p>\n<p>La dise\u00f1adora asturiana, que participa en el evento desde 2023, presentar\u00e1 &#039;Jade&#039;, &quot;un homenaje a la naturaleza y la belleza que no necesita adornos para<\/p>","protected":false},"author":1,"featured_media":4475,"comment_status":"open","ping_status":"closed","sticky":false,"template":"","format":"standard","meta":{"footnotes":""},"categories":[10],"tags":[208,194,237,517],"class_list":["post-5954","post","type-post","status-publish","format-standard","has-post-thumbnail","hentry","category-prensa","tag-ana-cabranes","tag-claudina-mata","tag-pasarela-da-mostra","tag-xxxiv-mostra-do-encaixe"],"_links":{"self":[{"href":"https:\/\/mostra.es\/es\/wp-json\/wp\/v2\/posts\/5954","targetHints":{"allow":["GET"]}}],"collection":[{"href":"https:\/\/mostra.es\/es\/wp-json\/wp\/v2\/posts"}],"about":[{"href":"https:\/\/mostra.es\/es\/wp-json\/wp\/v2\/types\/post"}],"author":[{"embeddable":true,"href":"https:\/\/mostra.es\/es\/wp-json\/wp\/v2\/users\/1"}],"replies":[{"embeddable":true,"href":"https:\/\/mostra.es\/es\/wp-json\/wp\/v2\/comments?post=5954"}],"version-history":[{"count":0,"href":"https:\/\/mostra.es\/es\/wp-json\/wp\/v2\/posts\/5954\/revisions"}],"wp:featuredmedia":[{"embeddable":true,"href":"https:\/\/mostra.es\/es\/wp-json\/wp\/v2\/media\/4475"}],"wp:attachment":[{"href":"https:\/\/mostra.es\/es\/wp-json\/wp\/v2\/media?parent=5954"}],"wp:term":[{"taxonomy":"category","embeddable":true,"href":"https:\/\/mostra.es\/es\/wp-json\/wp\/v2\/categories?post=5954"},{"taxonomy":"post_tag","embeddable":true,"href":"https:\/\/mostra.es\/es\/wp-json\/wp\/v2\/tags?post=5954"}],"curies":[{"name":"gracias","href":"https:\/\/api.w.org\/{rel}","templated":true}]}}