{"id":5837,"date":"2025-03-25T18:10:03","date_gmt":"2025-03-25T17:10:03","guid":{"rendered":"https:\/\/mostra.es\/?p=5837"},"modified":"2025-03-25T18:10:46","modified_gmt":"2025-03-25T17:10:46","slug":"firma-emergente-principal-novedad-en-la-pasarela-del-xxxiv-desfile-de-encaje","status":"publish","type":"post","link":"https:\/\/mostra.es\/es\/actualidade\/prensa\/firma-emerxente-a-principal-novidade-na-pasarela-da-xxxiv-mostra-do-encaixe\/","title":{"rendered":"&#039;Marca Emergente&#039;, principal novedad en la pasarela de la XXXIV Feria del Encaje\u00a0"},"content":{"rendered":"<p>La XXXIV Muestra de Encaje de Camari\u00f1as de la Diputaci\u00f3n Provincial de Coru\u00f1a supondr\u00e1 el estreno de una nueva iniciativa, la \u2018Marca Emergente\u2019, un concepto que pretende ayudar a los dise\u00f1adores emergentes, que han participado en alguna edici\u00f3n del concurso Nuevos Dise\u00f1adores y que contin\u00faan impulsando el encaje de Camari\u00f1as a trav\u00e9s de su trabajo, a consolidarse como marca.<\/p>\n\n\n\n<p>El objetivo que persigue la organizaci\u00f3n con esta acci\u00f3n es inspirar a otros dise\u00f1adores y mostrarles lo importante que es dar valor al trabajo artesanal, al Encaje de Camari\u00f1as. \u201cQueremos que la gente que empieza su andadura en el mundo de la moda vea que, aunque no gane un premio, si sigue trabajando y avanzando, puede crear su propia marca y nosotros seguiremos apoy\u00e1ndoles\u201d, explica la concejala de la Mostra, Encarna Li\u00f1eiro.<\/p>\n\n\n\n<p>En esta edici\u00f3n, la &#039;Firma Emergente&#039; ser\u00e1 la de Xaqu\u00edn Ru\u00edz, quien ha participado en el certamen en varias ocasiones, y quien a lo largo del a\u00f1o promociona el encaje de Camari\u00f1as en ferias de toda Europa a trav\u00e9s de sus colecciones. Ser\u00e1 el encargado de abrir los diferentes desfiles del concurso Nuevos Dise\u00f1adores, integr\u00e1ndose as\u00ed a este desfile.<\/p>\n\n\n\n<p>\u201cEs un paso intermedio entre los nuevos dise\u00f1adores y las grandes firmas, una forma de seguir potenciando su trabajo para que puedan consolidar su marca\u201d, a\u00f1ade Encarna Li\u00f1eiro.<\/p>\n\n\n\n<figure class=\"wp-block-embed is-type-video is-provider-youtube wp-block-embed-youtube wp-embed-aspect-16-9 wp-has-aspect-ratio\"><div class=\"wp-block-embed__wrapper\">\n<iframe title=\"XXXIV Muestra de Encaje - Versi\u00f3n Gallega\" width=\"800\" height=\"450\" src=\"https:\/\/www.youtube.com\/embed\/PqMJ5yYFkA0?feature=oembed\" frameborder=\"0\" allow=\"accelerometer; autoplay; clipboard-write; encrypted-media; gyroscope; picture-in-picture; web-share\" referrerpolicy=\"strict-origin-when-cross-origin\" allowfullscreen><\/iframe>\n<\/div><\/figure>","protected":false},"excerpt":{"rendered":"<p>Este nuevo concepto, que se integrar\u00e1 en el desfile del concurso Nuevos Dise\u00f1adores, tiene como objetivo ayudar a los dise\u00f1adores emergentes a consolidar su marca.<\/p>\n<p>En esta edici\u00f3n, la &#039;Firma Emergente&#039; ser\u00e1 la de Xaqu\u00edn Ru\u00edz, quien promociona el encaje de Camari\u00f1as en ferias de toda Europa.<\/p>","protected":false},"author":1,"featured_media":5838,"comment_status":"open","ping_status":"closed","sticky":false,"template":"","format":"standard","meta":{"footnotes":""},"categories":[10],"tags":[531,237,517],"class_list":["post-5837","post","type-post","status-publish","format-standard","has-post-thumbnail","hentry","category-prensa","tag-firma-emerxente","tag-pasarela-da-mostra","tag-xxxiv-mostra-do-encaixe"],"_links":{"self":[{"href":"https:\/\/mostra.es\/es\/wp-json\/wp\/v2\/posts\/5837","targetHints":{"allow":["GET"]}}],"collection":[{"href":"https:\/\/mostra.es\/es\/wp-json\/wp\/v2\/posts"}],"about":[{"href":"https:\/\/mostra.es\/es\/wp-json\/wp\/v2\/types\/post"}],"author":[{"embeddable":true,"href":"https:\/\/mostra.es\/es\/wp-json\/wp\/v2\/users\/1"}],"replies":[{"embeddable":true,"href":"https:\/\/mostra.es\/es\/wp-json\/wp\/v2\/comments?post=5837"}],"version-history":[{"count":0,"href":"https:\/\/mostra.es\/es\/wp-json\/wp\/v2\/posts\/5837\/revisions"}],"wp:featuredmedia":[{"embeddable":true,"href":"https:\/\/mostra.es\/es\/wp-json\/wp\/v2\/media\/5838"}],"wp:attachment":[{"href":"https:\/\/mostra.es\/es\/wp-json\/wp\/v2\/media?parent=5837"}],"wp:term":[{"taxonomy":"category","embeddable":true,"href":"https:\/\/mostra.es\/es\/wp-json\/wp\/v2\/categories?post=5837"},{"taxonomy":"post_tag","embeddable":true,"href":"https:\/\/mostra.es\/es\/wp-json\/wp\/v2\/tags?post=5837"}],"curies":[{"name":"gracias","href":"https:\/\/api.w.org\/{rel}","templated":true}]}}