{"id":4875,"date":"2025-01-24T11:16:56","date_gmt":"2025-01-24T11:16:56","guid":{"rendered":"https:\/\/mostra.es\/?p=4875"},"modified":"2025-01-24T11:17:03","modified_gmt":"2025-01-24T11:17:03","slug":"abre-venta-en-paraiso-de-camarinas-en-el-centro-de-madrid","status":"publish","type":"post","link":"https:\/\/mostra.es\/es\/actualidade\/prensa\/abrese-unha-venta-ao-paraiso-de-camarinas-no-centro-de-madrid\/","title":{"rendered":"Una ventana se abre al para\u00edso de Camari\u00f1as en el centro de Madrid"},"content":{"rendered":"<p>Para contribuir a la promoci\u00f3n tur\u00edstica del municipio, y aprovechando su presencia en FITUR, el Ayuntamiento abri\u00f3 una ventana al para\u00edso de Camari\u00f1as en el coraz\u00f3n de Madrid, contratando inserciones publicitarias en las grandes pantallas digitales de Callao y Gran V\u00eda y en las del frecuentado Mercado de San Miguel.<\/p>\n\n\n\n<p>La inserci\u00f3n publicitaria consiste, por un lado, en un v\u00eddeo de 10 segundos en el que, bajo el lema \u2018Camari\u00f1as Surprende\u2019, se puede ver la fiesta, el paisaje y la gastronom\u00eda que ofrece Camari\u00f1as y, por otro, a modo de imagen fija, el cartel de la XXXIV Muestra de Encaje de Camari\u00f1as de la Diputaci\u00f3n Provincial de A Coru\u00f1a.<\/p>\n\n\n\n<p>\u201cAs\u00ed, tanto las miles de personas que pasean cada d\u00eda por la Gran V\u00eda y la Plaza de Callao como los visitantes que acudan al Mercado de San Miguel, uno de los m\u00e1s destacados de la capital del pa\u00eds, podr\u00e1n conocer en primer t\u00e9rmino el para\u00edso que tenemos en Camari\u00f1as\u201d, explica la alcaldesa, Sandra Insua.<\/p>\n\n\n\n<p>El alcalde aclara que \u201cel objetivo de esta campa\u00f1a publicitaria es seguir promocionando el turismo de Camari\u00f1as fuera de nuestras fronteras, junto con la Mostra do Encaixe, para atraer un mayor n\u00famero de visitantes a lo largo del a\u00f1o\u201d. \u201cLos resultados de los \u00faltimos a\u00f1os han sido muy buenos y por eso lo estamos repitiendo\u201d, afirma.<\/p>\n\n\n\n<figure class=\"wp-block-embed is-type-video is-provider-youtube wp-block-embed-youtube wp-embed-aspect-16-9 wp-has-aspect-ratio\"><div class=\"wp-block-embed__wrapper\">\n<iframe title=\"XXXIV Muestra de Encaje - Versi\u00f3n Gallega\" width=\"800\" height=\"450\" src=\"https:\/\/www.youtube.com\/embed\/PqMJ5yYFkA0?feature=oembed\" frameborder=\"0\" allow=\"accelerometer; autoplay; clipboard-write; encrypted-media; gyroscope; picture-in-picture; web-share\" referrerpolicy=\"strict-origin-when-cross-origin\" allowfullscreen><\/iframe>\n<\/div><\/figure>","protected":false},"excerpt":{"rendered":"<p>El Ayuntamiento ha vuelto a contratar inserciones publicitarias para promocionar el municipio durante esta semana en las grandes pantallas de Callao y Gran V\u00eda y en el concurrido Mercado de San Miguel.<\/p>","protected":false},"author":1,"featured_media":4876,"comment_status":"open","ping_status":"closed","sticky":false,"template":"","format":"standard","meta":{"footnotes":""},"categories":[10],"tags":[352,350,517],"class_list":["post-4875","post","type-post","status-publish","format-standard","has-post-thumbnail","hentry","category-prensa","tag-callao","tag-madrid","tag-xxxiv-mostra-do-encaixe"],"_links":{"self":[{"href":"https:\/\/mostra.es\/es\/wp-json\/wp\/v2\/posts\/4875","targetHints":{"allow":["GET"]}}],"collection":[{"href":"https:\/\/mostra.es\/es\/wp-json\/wp\/v2\/posts"}],"about":[{"href":"https:\/\/mostra.es\/es\/wp-json\/wp\/v2\/types\/post"}],"author":[{"embeddable":true,"href":"https:\/\/mostra.es\/es\/wp-json\/wp\/v2\/users\/1"}],"replies":[{"embeddable":true,"href":"https:\/\/mostra.es\/es\/wp-json\/wp\/v2\/comments?post=4875"}],"version-history":[{"count":0,"href":"https:\/\/mostra.es\/es\/wp-json\/wp\/v2\/posts\/4875\/revisions"}],"wp:featuredmedia":[{"embeddable":true,"href":"https:\/\/mostra.es\/es\/wp-json\/wp\/v2\/media\/4876"}],"wp:attachment":[{"href":"https:\/\/mostra.es\/es\/wp-json\/wp\/v2\/media?parent=4875"}],"wp:term":[{"taxonomy":"category","embeddable":true,"href":"https:\/\/mostra.es\/es\/wp-json\/wp\/v2\/categories?post=4875"},{"taxonomy":"post_tag","embeddable":true,"href":"https:\/\/mostra.es\/es\/wp-json\/wp\/v2\/tags?post=4875"}],"curies":[{"name":"gracias","href":"https:\/\/api.w.org\/{rel}","templated":true}]}}