{"id":4806,"date":"2025-01-23T18:37:32","date_gmt":"2025-01-23T18:37:32","guid":{"rendered":"https:\/\/mostra.es\/?p=4806"},"modified":"2025-02-04T19:49:34","modified_gmt":"2025-02-04T18:49:34","slug":"el-ayuntamiento-esta-realizando-numerosas-acciones-para-promocionar-la-exposicion-y-consolidarla-como-destino-turistico","status":"publish","type":"post","link":"https:\/\/mostra.es\/es\/actualidade\/prensa\/o-concello-leva-a-fitur-un-mar-de-piques-para-promocionar-a-mostra-e-afianzarse-como-destino-turistico\/","title":{"rendered":"El Ayuntamiento trae &#039;Un mar de piques&#039; a FITUR para promocionar el Festival y consolidar su posicionamiento como destino tur\u00edstico"},"content":{"rendered":"<p>La Feria Internacional de Turismo (FITUR) celebrada del 22 al 26 de enero en IFEMA (Madrid) volvi\u00f3 a ser el lugar elegido por el Ayuntamiento de Camari\u00f1as para presentar la XXXIV Muestra de Encaje de Camari\u00f1as de la Diputaci\u00f3n Provincial de A Coru\u00f1a y, al mismo tiempo, consolidar al municipio como destino tur\u00edstico de referencia en Galicia.<\/p>\n\n\n\n<p>En la presentaci\u00f3n, celebrada en el stand de Turespa\u00f1a, se dio a conocer el cartel y el v\u00eddeo promocional de la trig\u00e9simo cuarta edici\u00f3n de la Mostra, que se celebrar\u00e1 del 16 al 20 de abril bajo el lema \u2018Un mar de piques\u2019, un mensaje que busca destacar la fuerte conexi\u00f3n que existe en la localidad entre el mar y el encaje, la naturaleza y la tradici\u00f3n.&nbsp;<\/p>\n\n\n\n<p>La alcaldesa de Camari\u00f1as, Sandra Insua, ha explicado que \u201csiempre me siento muy orgullosa de los carteles y v\u00eddeos que traemos aqu\u00ed para promocionar nuestro municipio y nuestra tradici\u00f3n, pero en esta ocasi\u00f3n me hace especial ilusi\u00f3n present\u00e1rselo\u201d. \u201cRepresentan perfectamente lo que es Camari\u00f1as: un equilibrio entre el esfuerzo y la belleza, entre el mar y la tierra, entre el pasado y el futuro\u201d, destac\u00f3.&nbsp;<\/p>\n\n\n\n<p>\u201cNo solo estamos promocionando un evento, estamos celebrando una forma de vida. Al combinar la cesta y el coj\u00edn-palillero, s\u00edmbolo del trabajo diario y la creatividad, hemos querido plasmar la esencia de lo que significa ser Camari\u00f1\u00f3n\u201d, explic\u00f3.&nbsp;<\/p>\n\n\n\n<figure class=\"wp-block-embed is-type-video is-provider-youtube wp-block-embed-youtube wp-embed-aspect-16-9 wp-has-aspect-ratio\"><div class=\"wp-block-embed__wrapper\">\n<iframe title=\"XXXIV Muestra de Encaje - Versi\u00f3n Gallega\" width=\"800\" height=\"450\" src=\"https:\/\/www.youtube.com\/embed\/PqMJ5yYFkA0?feature=oembed\" frameborder=\"0\" allow=\"accelerometer; autoplay; clipboard-write; encrypted-media; gyroscope; picture-in-picture; web-share\" referrerpolicy=\"strict-origin-when-cross-origin\" allowfullscreen><\/iframe>\n<\/div><\/figure>\n\n\n\n<p>El alcalde ha destacado que \u201ctanto el v\u00eddeo como el cartel est\u00e1n realizados \u00edntegramente por gente de Camari\u00f1as y de la Costa da Morte, qui\u00e9n mejor que nuestra gente para hablar de nosotros. Gente talentosa que demuestra que, desde nuestro rinc\u00f3n, como lo hicieron en su d\u00eda los palilleros, podemos crear productos de un valor incalculable\u201d.<\/p>\n\n\n\n<p>\u201cComo muchos sab\u00e9is, Camari\u00f1as es un para\u00edso. Es la palabra que encontramos para describir mejor una belleza de tal calibre. Camari\u00f1as es de encaje y tambi\u00e9n es mar, bravo y bello, es tierra, con playas infinitas y paisajes imponentes, todo ello ba\u00f1ado por un cielo de estrellas que nos ha permitido ser un destino Starlight y vigilado siempre por nuestro guardi\u00e1n: el faro de Vil\u00e1n, una leyenda de nuestro pueblo\u201d, indic\u00f3.<\/p>\n\n\n\n<p>Insua aprovech\u00f3 su intervenci\u00f3n en el stand de Turespa\u00f1a para presentar la camiseta oficial de la trig\u00e9simo cuarta edici\u00f3n de la Mostra, que este a\u00f1o vuelve a ser obra del dise\u00f1ador gallego afincado en Marbella, Esteban Freir\u00eda, y que, haciendo referencia al eslogan, representa un mar de picas.<\/p>\n\n\n\n<h2 class=\"wp-block-heading\">&#039;Un mar de piques&#039; en Semana Santa<\/h2>\n\n\n\n<p>Como en los \u00faltimos a\u00f1os, tambi\u00e9n se presentaron en FITUR el cartel y el v\u00eddeo promocional de la XXXIV edici\u00f3n de la Muestra de Encaje de Camari\u00f1as de la Diputaci\u00f3n Provincial de A Coru\u00f1a, que se celebrar\u00e1 durante la Semana Santa, del 16 al 20 de abril bajo el lema &#039;Un mar de piques&#039;.<\/p>\n\n\n\n<p>El objetivo buscado durante el proceso creativo de estas piezas fue reflejar, en un relato visual, el esfuerzo y la belleza de los dos pilares fundamentales del pueblo, el encaje y el mar, tejiendo una narrativa que hable del trabajo diario, la dedicaci\u00f3n y el amor por la tierra, resaltando las manos que cuidan, crean y transforman.&nbsp;<\/p>\n\n\n\n<figure class=\"wp-block-image size-large\"><img fetchpriority=\"high\" decoding=\"async\" width=\"1024\" height=\"681\" src=\"https:\/\/mostra.es\/wp-content\/uploads\/2025\/01\/Presentacion-Mostra-do-Encaixe-de-Camarinas-en-Fitur-1-1024x681.jpg\" alt=\"\" class=\"wp-image-4820\" title=\"\" srcset=\"https:\/\/mostra.es\/wp-content\/uploads\/2025\/01\/Presentacion-Mostra-do-Encaixe-de-Camarinas-en-Fitur-1-1024x681.jpg 1024w, https:\/\/mostra.es\/wp-content\/uploads\/2025\/01\/Presentacion-Mostra-do-Encaixe-de-Camarinas-en-Fitur-1-300x199.jpg 300w, https:\/\/mostra.es\/wp-content\/uploads\/2025\/01\/Presentacion-Mostra-do-Encaixe-de-Camarinas-en-Fitur-1-768x510.jpg 768w, https:\/\/mostra.es\/wp-content\/uploads\/2025\/01\/Presentacion-Mostra-do-Encaixe-de-Camarinas-en-Fitur-1.jpg 1500w\" sizes=\"(max-width: 1024px) 100vw, 1024px\" \/><\/figure>\n\n\n\n<p>El gui\u00f3n del v\u00eddeo, creado por el camari\u00f1ense Diego Alonso Freire, gira en torno a una pareja real de Camari\u00f1as: ella, Silvia Ted\u00edn Gonz\u00e1lez, administrativa y peluquera; \u00e9l, Sergio Vidal Campa\u00f1a, patr\u00f3n y propietario de un barco costero. Sus rutinas, llenas de esfuerzo y dedicaci\u00f3n, sirven de reflejo de la vida de muchas otras personas del municipio. La pieza culmina con una imagen simb\u00f3lica que representa la uni\u00f3n entre el mar y el encaje: una rejilla y un coj\u00edn-palillos se entrelazan en un \u00fanico objeto, una aut\u00e9ntica declaraci\u00f3n de amor a la cultura Camari\u00f1ana.&nbsp;<\/p>\n\n\n\n<p>La grabaci\u00f3n busc\u00f3 captar la belleza del paisaje que ofrece el municipio. Cada plano fue cuidadosamente pensado para mostrar rincones significativos de la villa de Camari\u00f1as, desde la estatua de la palilleira hasta el Museo del Encaje, las cartas de bienvenida de CAMARI\u00d1AS, las tiendas de encaje y el puerto pesquero, combinados con escenas reales de trabajo en el mar.<\/p>\n\n\n\n<p>Para dar vida a esta idea, la ilustradora Laura Su\u00e1rez fue la encargada de crear el cartel. Residente de Cee y reconocida internacionalmente, Laura capt\u00f3 magistralmente el esp\u00edritu de la Mostra. Su obra no es s\u00f3lo un cartel, sino una pieza de arte que une lo tradicional y lo contempor\u00e1neo, resaltando la perfecta fusi\u00f3n entre la almohada y la cesta, como s\u00edmbolo de la simbiosis entre el mar y la tierra.&nbsp;<\/p>\n\n\n\n<figure class=\"wp-block-image size-large\"><img decoding=\"async\" width=\"1024\" height=\"683\" src=\"https:\/\/mostra.es\/wp-content\/uploads\/2025\/01\/Presentacion-Mostra-do-Encaixe-de-Camarinas-en-Fitur-3-1024x683.jpg\" alt=\"Sandra Insua, alcaldesa de Camari\u00f1as, en la presentaci\u00f3n de la XXXIV Muestra de Encaje de Camari\u00f1as\" class=\"wp-image-4822\" title=\"\" srcset=\"https:\/\/mostra.es\/wp-content\/uploads\/2025\/01\/Presentacion-Mostra-do-Encaixe-de-Camarinas-en-Fitur-3-1024x683.jpg 1024w, https:\/\/mostra.es\/wp-content\/uploads\/2025\/01\/Presentacion-Mostra-do-Encaixe-de-Camarinas-en-Fitur-3-300x200.jpg 300w, https:\/\/mostra.es\/wp-content\/uploads\/2025\/01\/Presentacion-Mostra-do-Encaixe-de-Camarinas-en-Fitur-3-768x512.jpg 768w, https:\/\/mostra.es\/wp-content\/uploads\/2025\/01\/Presentacion-Mostra-do-Encaixe-de-Camarinas-en-Fitur-3.jpg 1500w\" sizes=\"(max-width: 1024px) 100vw, 1024px\" \/><figcaption class=\"wp-element-caption\">Sandra Insua, alcaldesa de Camari\u00f1as, en la presentaci\u00f3n de la XXXIV Muestra de Encaje de Camari\u00f1as<\/figcaption><\/figure>\n\n\n\n<p>Los brillantes m\u00fasicos cameruneses, los hermanos Fran y Carlos Barcia Trashorras, han creado una banda sonora que es mucho m\u00e1s que un simple acompa\u00f1amiento. Su composici\u00f3n combina las olas del mar con el sonido de las bobinas. Adem\u00e1s, Carla Vali\u00f1a, de Camari\u00f1a en Bur\u00eda, prest\u00f3 su voz al proyecto para narrar el lema del final del spot: &#039;Camari\u00f1as, un mar de piques&#039;.<\/p>\n\n\n\n<p>El alcalde ha destacado que \u201cla XXXIV Muestra del Encaje seguir\u00e1 la l\u00ednea de los \u00faltimos a\u00f1os, apostando por la innovaci\u00f3n e integraci\u00f3n del encaje en las diferentes artesan\u00edas gallegas adem\u00e1s de por los desfiles de moda con la presencia de algunos de los mejores dise\u00f1adores del pa\u00eds y tambi\u00e9n de las promesas del mundo del dise\u00f1o con el concurso de j\u00f3venes dise\u00f1adores\u201d.&nbsp;<\/p>\n\n\n\n<h2 class=\"wp-block-heading\"><strong>La soprano Soledad Vidal, banda sonora de la Mostra<\/strong><\/h2>\n\n\n\n<p>Durante su intervenci\u00f3n, Sandra Insua anunci\u00f3 que \u201ceste a\u00f1o en la Mostra contaremos con una invitada muy especial, la reconocida soprano Soledad Vidal, residente en Camelle, que junto al pianista Aurelio Viribay presentar\u00e1 su recital \u2018Cantares Atl\u00e1nticos\u2019\u201d.&nbsp;<\/p>\n\n\n\n<p>A trav\u00e9s de la poes\u00eda gallega y de im\u00e1genes evocadoras, las canciones \u2013como \u201cMar\u00eda Soli\u00f1a\u201d o \u201cLela\u201d\u2013 tejen diferentes historias de superaci\u00f3n. El p\u00fablico acompa\u00f1ar\u00e1 a las int\u00e9rpretes en un emotivo viaje en el que se rinde homenaje a todas aquellas mujeres que, m\u00e1s all\u00e1 del dolor y la p\u00e9rdida, construyen su vida con valent\u00eda; el retrato de una Galicia, de un pueblo capaz de mirar su sombra, su \u201cSombra Negra\u201d, para celebrar la vida.<\/p>\n\n\n\n<figure class=\"wp-block-image size-full\"><img decoding=\"async\" width=\"1152\" height=\"1500\" src=\"https:\/\/mostra.es\/wp-content\/uploads\/2025\/01\/Cartel-XXXIV-Mostra-do-Encaixe-de-Camarinas.jpg\" alt=\"Cartel de la XXXIV Exposici\u00f3n de Encajes\" class=\"wp-image-4809\" title=\"\" srcset=\"https:\/\/mostra.es\/wp-content\/uploads\/2025\/01\/Cartel-XXXIV-Mostra-do-Encaixe-de-Camarinas.jpg 1152w, https:\/\/mostra.es\/wp-content\/uploads\/2025\/01\/Cartel-XXXIV-Mostra-do-Encaixe-de-Camarinas-230x300.jpg 230w, https:\/\/mostra.es\/wp-content\/uploads\/2025\/01\/Cartel-XXXIV-Mostra-do-Encaixe-de-Camarinas-786x1024.jpg 786w, https:\/\/mostra.es\/wp-content\/uploads\/2025\/01\/Cartel-XXXIV-Mostra-do-Encaixe-de-Camarinas-768x1000.jpg 768w\" sizes=\"(max-width: 1152px) 100vw, 1152px\" \/><\/figure>","protected":false},"excerpt":{"rendered":"<p>A Feira Internacional de Turismo (FITUR) que se celebra do 22 ao 26 de xaneiro en IFEMA (Madrid) foi outro ano m\u00e1is o lugar escollido polo Concello de Camari\u00f1as para presentar a XXXIV Mostra do Encaixe de Camari\u00f1as Deputaci\u00f3n da Coru\u00f1as e, \u00e1 vez, afianzar o municipio como destino tur\u00edstico de referencia en Galicia. Na [&hellip;]<\/p>\n","protected":false},"author":1,"featured_media":4821,"comment_status":"open","ping_status":"closed","sticky":false,"template":"","format":"standard","meta":{"footnotes":""},"categories":[10],"tags":[15,226,523,517],"class_list":["post-4806","post","type-post","status-publish","format-standard","has-post-thumbnail","hentry","category-prensa","tag-cartel-mostra","tag-spot-da-mostra-do-encaixe","tag-un-mar-de-piques","tag-xxxiv-mostra-do-encaixe"],"_links":{"self":[{"href":"https:\/\/mostra.es\/es\/wp-json\/wp\/v2\/posts\/4806","targetHints":{"allow":["GET"]}}],"collection":[{"href":"https:\/\/mostra.es\/es\/wp-json\/wp\/v2\/posts"}],"about":[{"href":"https:\/\/mostra.es\/es\/wp-json\/wp\/v2\/types\/post"}],"author":[{"embeddable":true,"href":"https:\/\/mostra.es\/es\/wp-json\/wp\/v2\/users\/1"}],"replies":[{"embeddable":true,"href":"https:\/\/mostra.es\/es\/wp-json\/wp\/v2\/comments?post=4806"}],"version-history":[{"count":0,"href":"https:\/\/mostra.es\/es\/wp-json\/wp\/v2\/posts\/4806\/revisions"}],"wp:featuredmedia":[{"embeddable":true,"href":"https:\/\/mostra.es\/es\/wp-json\/wp\/v2\/media\/4821"}],"wp:attachment":[{"href":"https:\/\/mostra.es\/es\/wp-json\/wp\/v2\/media?parent=4806"}],"wp:term":[{"taxonomy":"category","embeddable":true,"href":"https:\/\/mostra.es\/es\/wp-json\/wp\/v2\/categories?post=4806"},{"taxonomy":"post_tag","embeddable":true,"href":"https:\/\/mostra.es\/es\/wp-json\/wp\/v2\/tags?post=4806"}],"curies":[{"name":"gracias","href":"https:\/\/api.w.org\/{rel}","templated":true}]}}