{"id":4786,"date":"2024-10-15T10:04:47","date_gmt":"2024-10-15T10:04:47","guid":{"rendered":"https:\/\/mostra.es\/?p=4786"},"modified":"2024-10-15T10:04:49","modified_gmt":"2024-10-15T10:04:49","slug":"la-fiesta-de-palillera-celebra-su-decimo-aniversario","status":"publish","type":"post","link":"https:\/\/mostra.es\/es\/actualidade\/prensa\/festa-palilleira-cumpre-decada\/","title":{"rendered":"El Festival Palilleira cumple una d\u00e9cada y celebrar\u00e1 su d\u00e9cima edici\u00f3n el 6 de diciembre\u00a0"},"content":{"rendered":"<p>El Festival de Palilleira celebra su d\u00e9cimo aniversario en 2024, siendo la fecha elegida para esta celebraci\u00f3n especial <strong>6 de diciembre<\/strong> en el pabell\u00f3n municipal V\u00edctor Vigo de Camari\u00f1as.&nbsp;<\/p>\n\n\n\n<p>Organizado por el Ayuntamiento de Camari\u00f1as, la Asociaci\u00f3n Puntillas, la Asociaci\u00f3n Rendas y la Muestra de Encajes de Camari\u00f1as de la Diputaci\u00f3n Provincial de A Coru\u00f1a, contar\u00e1 con sorteos, mercadillo navide\u00f1o y chocolate caliente gratuito por la tarde. Tambi\u00e9n habr\u00e1 hinchables para los m\u00e1s peque\u00f1os y los comercios locales tendr\u00e1n su propio espacio de venta.<\/p>\n\n\n\n<p>Este evento suele atraer talento de la industria de la madera no s\u00f3lo de Galicia, sino tambi\u00e9n del resto de Espa\u00f1a. En la pasada edici\u00f3n, m\u00e1s de 450 palilleras tanto de Galicia como de diferentes lugares como Soria o Asturias disfrutaron de un evento en el que los protagonistas son el sonido de los palillos, los reencuentros y el esp\u00edritu de continuar una tradici\u00f3n \u201cde diez\u201d en la agenda cultural gallega.<br>Las personas interesadas en asistir pueden contactar con la organizaci\u00f3n a la direcci\u00f3n de correo electr\u00f3nico <a href=\"mailto:dolores.lema@camarinas.net\">dolores.lema@camarinas.net<\/a>, en el tel\u00e9fono 981 737 004 o mediante mensaje de WhatsApp al 653 265 529.<\/p>","protected":false},"excerpt":{"rendered":"<p>Ser\u00e1 en el pabell\u00f3n municipal V\u00edctor Vigo y habr\u00e1 mercadillo navide\u00f1o, chocolatada gratuita por la tarde y sorteos. Ser\u00e1 organizado por el Ayuntamiento de Camari\u00f1as, la Asociaci\u00f3n de Puntillas, la Asociaci\u00f3n de Rendas y la Muestra de Encaje de Camari\u00f1as de la Diputaci\u00f3n Provincial de A Coru\u00f1a.<\/p>","protected":false},"author":1,"featured_media":4787,"comment_status":"open","ping_status":"closed","sticky":false,"template":"","format":"standard","meta":{"footnotes":""},"categories":[10],"tags":[344],"class_list":["post-4786","post","type-post","status-publish","format-standard","has-post-thumbnail","hentry","category-prensa","tag-festa-da-palilleira"],"_links":{"self":[{"href":"https:\/\/mostra.es\/es\/wp-json\/wp\/v2\/posts\/4786","targetHints":{"allow":["GET"]}}],"collection":[{"href":"https:\/\/mostra.es\/es\/wp-json\/wp\/v2\/posts"}],"about":[{"href":"https:\/\/mostra.es\/es\/wp-json\/wp\/v2\/types\/post"}],"author":[{"embeddable":true,"href":"https:\/\/mostra.es\/es\/wp-json\/wp\/v2\/users\/1"}],"replies":[{"embeddable":true,"href":"https:\/\/mostra.es\/es\/wp-json\/wp\/v2\/comments?post=4786"}],"version-history":[{"count":0,"href":"https:\/\/mostra.es\/es\/wp-json\/wp\/v2\/posts\/4786\/revisions"}],"wp:featuredmedia":[{"embeddable":true,"href":"https:\/\/mostra.es\/es\/wp-json\/wp\/v2\/media\/4787"}],"wp:attachment":[{"href":"https:\/\/mostra.es\/es\/wp-json\/wp\/v2\/media?parent=4786"}],"wp:term":[{"taxonomy":"category","embeddable":true,"href":"https:\/\/mostra.es\/es\/wp-json\/wp\/v2\/categories?post=4786"},{"taxonomy":"post_tag","embeddable":true,"href":"https:\/\/mostra.es\/es\/wp-json\/wp\/v2\/tags?post=4786"}],"curies":[{"name":"gracias","href":"https:\/\/api.w.org\/{rel}","templated":true}]}}