{"id":4782,"date":"2024-10-04T18:05:59","date_gmt":"2024-10-04T18:05:59","guid":{"rendered":"https:\/\/mostra.es\/?p=4782"},"modified":"2024-10-04T18:06:01","modified_gmt":"2024-10-04T18:06:01","slug":"el-espacio-gourmet-entre-encajes-se-repite-en-la-xxxiv-muestra-de-encaje-de-vestidor","status":"publish","type":"post","link":"https:\/\/mostra.es\/es\/actualidade\/prensa\/o-espazo-gourmet-entre-encaixes-repite-na-xxxiv-mostra-do-encaixe-de-camarinas\/","title":{"rendered":"El espacio &#039;Gourmet entre encajes&#039; repite en la XXXIV Feria del Encaje de Camari\u00f1as\u00a0"},"content":{"rendered":"<p>El espacio dedicado al sector alimentario \u2018Gourmet entre encajes\u2019, que se estren\u00f3 con \u00e9xito en la pasada edici\u00f3n del Sal\u00f3n del Encaje de Camari\u00f1as de la Diputaci\u00f3n Provincial de A Coru\u00f1a, se repetir\u00e1 este a\u00f1o en la trig\u00e9simo cuarta edici\u00f3n del evento, que se celebrar\u00e1 del 16 al 20 de abril de 2025.<\/p>\n\n\n\n<p>En esta zona, que volver\u00e1 a lucir una decoraci\u00f3n especial y contar\u00e1 con vigilancia de seguridad las 24 horas del d\u00eda, podr\u00e1n instalar <em>camiones de comida<\/em> y otros tipos de stands de venta directa de productos alimenticios. All\u00ed tambi\u00e9n estar\u00e1 ubicada la barra de la Mostra y se habilitar\u00e1 un espacio con mesas y sillas para que el p\u00fablico asistente a la Mostra pueda degustar los productos que compre all\u00ed mismo.&nbsp;<\/p>\n\n\n\n<p>Las empresas o particulares interesados en participar pueden realizar sus solicitudes o solicitar m\u00e1s informaci\u00f3n v\u00eda correo electr\u00f3nico. <a href=\"mailto:dolores.lema@camarinas.net\">dolores.lema@camarinas.net<\/a>, llamando al 981 737 004 o por Whatsapp al 653 265 529.<\/p>\n\n\n\n<p>Estar\u00e1 abierto desde el mi\u00e9rcoles 16 de abril a las 15 horas hasta el domingo 20 de abril, en horario ininterrumpido de 11 a 21 horas de jueves a domingo.<\/p>\n\n\n\n<h2 class=\"wp-block-heading\">Cartel Gourmet Entre Cordones 2025<\/h2>\n\n\n\n<figure class=\"wp-block-image size-full is-style-default\"><img fetchpriority=\"high\" decoding=\"async\" width=\"848\" height=\"1200\" src=\"https:\/\/mostra.es\/wp-content\/uploads\/2024\/10\/Cartel-Gourmet-Entre-Encaixes-2025.jpg\" alt=\"Afiche Gourmet Entre Cordones 2025\" class=\"wp-image-4784\" title=\"\" srcset=\"https:\/\/mostra.es\/wp-content\/uploads\/2024\/10\/Cartel-Gourmet-Entre-Encaixes-2025.jpg 848w, https:\/\/mostra.es\/wp-content\/uploads\/2024\/10\/Cartel-Gourmet-Entre-Encaixes-2025-212x300.jpg 212w, https:\/\/mostra.es\/wp-content\/uploads\/2024\/10\/Cartel-Gourmet-Entre-Encaixes-2025-724x1024.jpg 724w, https:\/\/mostra.es\/wp-content\/uploads\/2024\/10\/Cartel-Gourmet-Entre-Encaixes-2025-768x1087.jpg 768w\" sizes=\"(max-width: 848px) 100vw, 848px\" \/><\/figure>","protected":false},"excerpt":{"rendered":"<p>Se habilitar\u00e1 nuevamente una zona dedicada al sector de alimentaci\u00f3n, donde se podr\u00e1n instalar food trucks y otro tipo de stands. Las empresas interesadas en instalarse ya pueden presentar sus solicitudes.<\/p>","protected":false},"author":1,"featured_media":4783,"comment_status":"open","ping_status":"closed","sticky":false,"template":"","format":"standard","meta":{"footnotes":""},"categories":[10],"tags":[293,420,517],"class_list":["post-4782","post","type-post","status-publish","format-standard","has-post-thumbnail","hentry","category-prensa","tag-gastronomia","tag-gourmet-entre-encaixes","tag-xxxiv-mostra-do-encaixe"],"_links":{"self":[{"href":"https:\/\/mostra.es\/es\/wp-json\/wp\/v2\/posts\/4782","targetHints":{"allow":["GET"]}}],"collection":[{"href":"https:\/\/mostra.es\/es\/wp-json\/wp\/v2\/posts"}],"about":[{"href":"https:\/\/mostra.es\/es\/wp-json\/wp\/v2\/types\/post"}],"author":[{"embeddable":true,"href":"https:\/\/mostra.es\/es\/wp-json\/wp\/v2\/users\/1"}],"replies":[{"embeddable":true,"href":"https:\/\/mostra.es\/es\/wp-json\/wp\/v2\/comments?post=4782"}],"version-history":[{"count":0,"href":"https:\/\/mostra.es\/es\/wp-json\/wp\/v2\/posts\/4782\/revisions"}],"wp:featuredmedia":[{"embeddable":true,"href":"https:\/\/mostra.es\/es\/wp-json\/wp\/v2\/media\/4783"}],"wp:attachment":[{"href":"https:\/\/mostra.es\/es\/wp-json\/wp\/v2\/media?parent=4782"}],"wp:term":[{"taxonomy":"category","embeddable":true,"href":"https:\/\/mostra.es\/es\/wp-json\/wp\/v2\/categories?post=4782"},{"taxonomy":"post_tag","embeddable":true,"href":"https:\/\/mostra.es\/es\/wp-json\/wp\/v2\/tags?post=4782"}],"curies":[{"name":"gracias","href":"https:\/\/api.w.org\/{rel}","templated":true}]}}