{"id":4747,"date":"2024-08-29T12:54:44","date_gmt":"2024-08-29T12:54:44","guid":{"rendered":"https:\/\/mostra.es\/?p=4747"},"modified":"2024-08-30T11:18:15","modified_gmt":"2024-08-30T11:18:15","slug":"devotalomba-aplica-encaje-de-vestidor-en-su-nueva-coleccion-de-bellas-artes","status":"publish","type":"post","link":"https:\/\/mostra.es\/es\/actualidade\/prensa\/devotalomba-aplica-o-encaixe-de-camarinas-na-sua-nova-coleccion-bellas-artes\/","title":{"rendered":"Devota&amp;Lomba aplica el encaje de Camari\u00f1as en su nueva colecci\u00f3n &#039;Bellas Artes&#039;"},"content":{"rendered":"<p>La reconocida firma nacional Devota&amp;Lomba, habitual de los desfiles de Grandes Dise\u00f1adores del Sal\u00f3n del Encaje de Camari\u00f1as de la Diputaci\u00f3n de A Coru\u00f1a, ha decidido aplicar el encaje camari\u00f1ense en su nueva colecci\u00f3n, \u2018Bellas Artes\u2019, que presentar\u00e1 el lunes 9 de septiembre en la Real Academia de Bellas Artes de San Fernando, dentro de la iniciativa \u2018Madrid es Moda\u2019.<\/p>\n\n\n\n<p>Para crear las piezas, inspiradas en \u2018La Primavera\u2019, el retrato metaf\u00f3rico y manierista de Giuseppe Arcimboldo, Devota&amp;Lomba encarg\u00f3 un encaje \u00fanico, dise\u00f1ado especialmente para este motivo, realizado en diferentes colores y con un denominador com\u00fan: la esencia floral. La aplicaci\u00f3n sobre vestidos busca darles volumen y aportar sensaci\u00f3n 3D.<\/p>\n\n\n\n<p>As\u00ed, la firma, liderada por Modesto Lomba, con ra\u00edces gallegas, concretamente en O Grove, vuelve a apostar por el encaje de Camari\u00f1as como elemento distintivo y vanguardista en sus colecciones.<\/p>\n\n\n\n<figure class=\"wp-block-gallery has-nested-images columns-default is-cropped wp-block-gallery-1 is-layout-flex wp-block-gallery-is-layout-flex\">\n<figure class=\"wp-block-image size-large\"><img fetchpriority=\"high\" decoding=\"async\" width=\"1024\" height=\"727\" data-id=\"4748\" src=\"https:\/\/mostra.es\/wp-content\/uploads\/2024\/08\/Cartel-Madrid-DEvota-Lomba-1024x727.jpg\" alt=\"\" class=\"wp-image-4748\" title=\"\" srcset=\"https:\/\/mostra.es\/wp-content\/uploads\/2024\/08\/Cartel-Madrid-DEvota-Lomba-1024x727.jpg 1024w, https:\/\/mostra.es\/wp-content\/uploads\/2024\/08\/Cartel-Madrid-DEvota-Lomba-300x213.jpg 300w, https:\/\/mostra.es\/wp-content\/uploads\/2024\/08\/Cartel-Madrid-DEvota-Lomba-768x545.jpg 768w, https:\/\/mostra.es\/wp-content\/uploads\/2024\/08\/Cartel-Madrid-DEvota-Lomba-1536x1091.jpg 1536w, https:\/\/mostra.es\/wp-content\/uploads\/2024\/08\/Cartel-Madrid-DEvota-Lomba.jpg 1600w\" sizes=\"(max-width: 1024px) 100vw, 1024px\" \/><\/figure>\n\n\n\n<figure class=\"wp-block-image size-large\"><img decoding=\"async\" width=\"1024\" height=\"768\" data-id=\"4749\" src=\"https:\/\/mostra.es\/wp-content\/uploads\/2024\/08\/Encaixe-Devota-Lomba-1-1024x768.jpg\" alt=\"\" class=\"wp-image-4749\" title=\"\" srcset=\"https:\/\/mostra.es\/wp-content\/uploads\/2024\/08\/Encaixe-Devota-Lomba-1-1024x768.jpg 1024w, https:\/\/mostra.es\/wp-content\/uploads\/2024\/08\/Encaixe-Devota-Lomba-1-300x225.jpg 300w, https:\/\/mostra.es\/wp-content\/uploads\/2024\/08\/Encaixe-Devota-Lomba-1-768x576.jpg 768w, https:\/\/mostra.es\/wp-content\/uploads\/2024\/08\/Encaixe-Devota-Lomba-1-1536x1152.jpg 1536w, https:\/\/mostra.es\/wp-content\/uploads\/2024\/08\/Encaixe-Devota-Lomba-1.jpg 1600w\" sizes=\"(max-width: 1024px) 100vw, 1024px\" \/><\/figure>\n\n\n\n<figure class=\"wp-block-image size-large\"><img decoding=\"async\" width=\"1024\" height=\"768\" data-id=\"4750\" src=\"https:\/\/mostra.es\/wp-content\/uploads\/2024\/08\/Encaixe-Devota-Lomba-2-1024x768.jpg\" alt=\"\" class=\"wp-image-4750\" title=\"\" srcset=\"https:\/\/mostra.es\/wp-content\/uploads\/2024\/08\/Encaixe-Devota-Lomba-2-1024x768.jpg 1024w, https:\/\/mostra.es\/wp-content\/uploads\/2024\/08\/Encaixe-Devota-Lomba-2-300x225.jpg 300w, https:\/\/mostra.es\/wp-content\/uploads\/2024\/08\/Encaixe-Devota-Lomba-2-768x576.jpg 768w, https:\/\/mostra.es\/wp-content\/uploads\/2024\/08\/Encaixe-Devota-Lomba-2-1536x1152.jpg 1536w, https:\/\/mostra.es\/wp-content\/uploads\/2024\/08\/Encaixe-Devota-Lomba-2.jpg 1600w\" sizes=\"(max-width: 1024px) 100vw, 1024px\" \/><\/figure>\n<\/figure>","protected":false},"excerpt":{"rendered":"<p>Las piezas, inspiradas en el cuadro \u2018La Primavera\u2019 de Giuseppe Arcimboldo, se presentar\u00e1n el lunes 9 de septiembre en la Real Academia de Bellas Artes de San Fernando. La reconocida firma nacional vuelve a apostar por el encaje como elemento distintivo y vanguardista en sus colecciones.<\/p>","protected":false},"author":1,"featured_media":3790,"comment_status":"open","ping_status":"closed","sticky":false,"template":"","format":"standard","meta":{"footnotes":""},"categories":[10],"tags":[511,509,270],"class_list":["post-4747","post","type-post","status-publish","format-standard","has-post-thumbnail","hentry","category-prensa","tag-bellas-artes","tag-devota-lomba","tag-modesto-lomba"],"_links":{"self":[{"href":"https:\/\/mostra.es\/es\/wp-json\/wp\/v2\/posts\/4747","targetHints":{"allow":["GET"]}}],"collection":[{"href":"https:\/\/mostra.es\/es\/wp-json\/wp\/v2\/posts"}],"about":[{"href":"https:\/\/mostra.es\/es\/wp-json\/wp\/v2\/types\/post"}],"author":[{"embeddable":true,"href":"https:\/\/mostra.es\/es\/wp-json\/wp\/v2\/users\/1"}],"replies":[{"embeddable":true,"href":"https:\/\/mostra.es\/es\/wp-json\/wp\/v2\/comments?post=4747"}],"version-history":[{"count":0,"href":"https:\/\/mostra.es\/es\/wp-json\/wp\/v2\/posts\/4747\/revisions"}],"wp:featuredmedia":[{"embeddable":true,"href":"https:\/\/mostra.es\/es\/wp-json\/wp\/v2\/media\/3790"}],"wp:attachment":[{"href":"https:\/\/mostra.es\/es\/wp-json\/wp\/v2\/media?parent=4747"}],"wp:term":[{"taxonomy":"category","embeddable":true,"href":"https:\/\/mostra.es\/es\/wp-json\/wp\/v2\/categories?post=4747"},{"taxonomy":"post_tag","embeddable":true,"href":"https:\/\/mostra.es\/es\/wp-json\/wp\/v2\/tags?post=4747"}],"curies":[{"name":"gracias","href":"https:\/\/api.w.org\/{rel}","templated":true}]}}