{"id":4739,"date":"2024-04-03T17:55:43","date_gmt":"2024-04-03T17:55:43","guid":{"rendered":"https:\/\/mostra.es\/?p=4739"},"modified":"2024-04-03T17:55:44","modified_gmt":"2024-04-03T17:55:44","slug":"la-xxxiii-muestra-de-encajes-de-camarin-sorprende-a-16-689-personas","status":"publish","type":"post","link":"https:\/\/mostra.es\/es\/actualidade\/prensa\/a-xxxiii-mostra-do-encaixe-de-camarinas-sorprende-a-16-689-persoas\/","title":{"rendered":"La XXXIII Muestra de Encaje de Camari\u00f1as sorprende a 16.689 personas"},"content":{"rendered":"<p>Un total de 16.689 personas se vieron sorprendidas en la XXXIII Feria de Encaje de Camari\u00f1as de la Diputaci\u00f3n Provincial de A Coru\u00f1a, demostrando que ni el mal tiempo es capaz de mermar el poder de atracci\u00f3n que tiene la principal cita de la moda en Espa\u00f1a durante la Semana Santa.&nbsp;<\/p>\n\n\n\n<p>El viernes destaca sobre todos los dem\u00e1s d\u00edas, donde<strong> <\/strong><strong>6.318 personas acudieron al recinto, siendo la mejor cifra para un viernes desde 2015. <\/strong>El segundo mejor d\u00eda fue el s\u00e1bado, con 3.757 asistentes.&nbsp;<\/p>\n\n\n\n<p><strong>En total, 16.689 personas pasaron por la entrada de la Exposici\u00f3n del Encaje en estos 5 d\u00edas.<\/strong> La Mostra es un dinamizador del turismo y la hosteler\u00eda en todo Camari\u00f1as, pero sobre todo son los stands all\u00ed presentes los que se benefician del p\u00fablico llegado de toda Galicia, Espa\u00f1a y diferentes puntos del mundo que atrae el evento.&nbsp;<\/p>\n\n\n\n<p>Otro hecho destacable de esta trig\u00e9simo primera edici\u00f3n fue la espectacular cantidad de vecinos del municipio que acudieron al evento, invitados por el Ayuntamiento. En total, 8.544 personas de Camer\u00fan visitaron el XXXIII Sal\u00f3n del Encaje, superando ampliamente las cifras de cualquiera de las ediciones anteriores. El a\u00f1o pasado hab\u00eda 1.302 residentes.&nbsp;<\/p>","protected":false},"excerpt":{"rendered":"<p>El d\u00eda de mayor actividad fue el viernes 29 de marzo, con 6.318 personas.<\/p>\n<p>Cabe destacar la espectacular cifra de vecinos del municipio que acudieron este a\u00f1o al evento, 8.544 personas, superando con creces cualquier otra edici\u00f3n en este sentido.<\/p>","protected":false},"author":1,"featured_media":4740,"comment_status":"open","ping_status":"closed","sticky":false,"template":"","format":"standard","meta":{"footnotes":""},"categories":[10],"tags":[416],"class_list":["post-4739","post","type-post","status-publish","format-standard","has-post-thumbnail","hentry","category-prensa","tag-xxxiii-mostra-do-encaixe"],"_links":{"self":[{"href":"https:\/\/mostra.es\/es\/wp-json\/wp\/v2\/posts\/4739","targetHints":{"allow":["GET"]}}],"collection":[{"href":"https:\/\/mostra.es\/es\/wp-json\/wp\/v2\/posts"}],"about":[{"href":"https:\/\/mostra.es\/es\/wp-json\/wp\/v2\/types\/post"}],"author":[{"embeddable":true,"href":"https:\/\/mostra.es\/es\/wp-json\/wp\/v2\/users\/1"}],"replies":[{"embeddable":true,"href":"https:\/\/mostra.es\/es\/wp-json\/wp\/v2\/comments?post=4739"}],"version-history":[{"count":0,"href":"https:\/\/mostra.es\/es\/wp-json\/wp\/v2\/posts\/4739\/revisions"}],"wp:featuredmedia":[{"embeddable":true,"href":"https:\/\/mostra.es\/es\/wp-json\/wp\/v2\/media\/4740"}],"wp:attachment":[{"href":"https:\/\/mostra.es\/es\/wp-json\/wp\/v2\/media?parent=4739"}],"wp:term":[{"taxonomy":"category","embeddable":true,"href":"https:\/\/mostra.es\/es\/wp-json\/wp\/v2\/categories?post=4739"},{"taxonomy":"post_tag","embeddable":true,"href":"https:\/\/mostra.es\/es\/wp-json\/wp\/v2\/tags?post=4739"}],"curies":[{"name":"gracias","href":"https:\/\/api.w.org\/{rel}","templated":true}]}}