{"id":4631,"date":"2024-03-22T11:10:04","date_gmt":"2024-03-22T11:10:04","guid":{"rendered":"https:\/\/mostra.es\/?p=4631"},"modified":"2024-03-22T11:10:39","modified_gmt":"2024-03-22T11:10:39","slug":"los-alfareros-de-buno-estaran-en-la-pasarela-de-artencaixe","status":"publish","type":"post","link":"https:\/\/mostra.es\/es\/actualidade\/prensa\/os-oleiros-de-buno-estaran-na-pasarela-artencaixe\/","title":{"rendered":"Los alfareros de Bu\u00f1o estar\u00e1n en la pasarela &#039;ArtEncaixe&#039; de la XXXIII Muestra de Encajes"},"content":{"rendered":"<p>Un a\u00f1o m\u00e1s, la tradici\u00f3n alfarera se mezcla con el encaje de Camari\u00f1as en la pasarela &#039;ArtEncaixe&#039; de la XXXIII Muestra de Encaje de Camari\u00f1as de la Diputaci\u00f3n Provincial de A Coru\u00f1a. En esta ocasi\u00f3n son cuatro los alfareros que participan en el desfile: Feituras, Obradoiro Tonio, Alfarer\u00eda La Cacharrera y O Rulo.<\/p>\n\n\n\n<p>En Alfarer\u00eda la Cacharrera explican que \u201cla Asociaci\u00f3n Oleira de Bu\u00f1o mantiene una buena relaci\u00f3n con los socios de la Mostra desde hace muchos a\u00f1os y para nosotros es un placer poder formar parte de este evento, mostrando nuestro trabajo. \u201cEl encaje aporta la calidad y delicadeza del trabajo de las compa\u00f1eras palilleiras, lo que s\u00f3lo puede enriquecer nuestras creaciones\u201d, afirma.<\/p>\n\n\n\n<p>Para Obradoiro Tonio, \u201ces una satisfacci\u00f3n poder participar en el desfile y presentar nuestras fiestas\u201d y a\u00f1adi\u00f3 que \u201cllevar\u00e9 un botixo y una jarra, las dos creaciones son diferentes a lo que solemos hacer\u201d.&nbsp;<\/p>\n\n\n\n<p>Por su parte, Mar\u00eda Canedo, de \u2018Feituras\u2019, afirma que \u201cpara m\u00ed es todo un reto poder mostrar de forma creativa c\u00f3mo dos artesan\u00edas tan diferentes pueden ir de la mano\u201d.&nbsp;<\/p>\n\n\n\n<p>Por \u00faltimo, O Rulo volver\u00e1 a mostrar el resultado de combinar arcilla y encaje de forma armoniosa.&nbsp;<\/p>\n\n\n\n<figure class=\"wp-block-embed is-type-video is-provider-youtube wp-block-embed-youtube wp-embed-aspect-16-9 wp-has-aspect-ratio\"><div class=\"wp-block-embed__wrapper\">\n<iframe title=\"ArtEncaixe y Desfile Internacional\" width=\"800\" height=\"450\" src=\"https:\/\/www.youtube.com\/embed\/yBHZOhmCiTY?feature=oembed\" frameborder=\"0\" allow=\"accelerometer; autoplay; clipboard-write; encrypted-media; gyroscope; picture-in-picture; web-share\" allowfullscreen><\/iframe>\n<\/div><\/figure>","protected":false},"excerpt":{"rendered":"<p>En la XXXIII edici\u00f3n de la Mostra do Encaixe habr\u00e1 cuatro alfareros de Bu\u00f1o: Feituras, Obradoiro Tonio, Alfarer\u00eda La Cacharrera y O Rulo.<\/p>","protected":false},"author":1,"featured_media":4632,"comment_status":"open","ping_status":"closed","sticky":false,"template":"","format":"standard","meta":{"footnotes":""},"categories":[10],"tags":[35,495,237,416],"class_list":["post-4631","post","type-post","status-publish","format-standard","has-post-thumbnail","hentry","category-prensa","tag-artencaixe","tag-oleiros-de-buno","tag-pasarela-da-mostra","tag-xxxiii-mostra-do-encaixe"],"_links":{"self":[{"href":"https:\/\/mostra.es\/es\/wp-json\/wp\/v2\/posts\/4631","targetHints":{"allow":["GET"]}}],"collection":[{"href":"https:\/\/mostra.es\/es\/wp-json\/wp\/v2\/posts"}],"about":[{"href":"https:\/\/mostra.es\/es\/wp-json\/wp\/v2\/types\/post"}],"author":[{"embeddable":true,"href":"https:\/\/mostra.es\/es\/wp-json\/wp\/v2\/users\/1"}],"replies":[{"embeddable":true,"href":"https:\/\/mostra.es\/es\/wp-json\/wp\/v2\/comments?post=4631"}],"version-history":[{"count":0,"href":"https:\/\/mostra.es\/es\/wp-json\/wp\/v2\/posts\/4631\/revisions"}],"wp:featuredmedia":[{"embeddable":true,"href":"https:\/\/mostra.es\/es\/wp-json\/wp\/v2\/media\/4632"}],"wp:attachment":[{"href":"https:\/\/mostra.es\/es\/wp-json\/wp\/v2\/media?parent=4631"}],"wp:term":[{"taxonomy":"category","embeddable":true,"href":"https:\/\/mostra.es\/es\/wp-json\/wp\/v2\/categories?post=4631"},{"taxonomy":"post_tag","embeddable":true,"href":"https:\/\/mostra.es\/es\/wp-json\/wp\/v2\/tags?post=4631"}],"curies":[{"name":"gracias","href":"https:\/\/api.w.org\/{rel}","templated":true}]}}