{"id":4616,"date":"2024-03-19T16:52:28","date_gmt":"2024-03-19T16:52:28","guid":{"rendered":"https:\/\/mostra.es\/?p=4616"},"modified":"2024-03-19T16:54:36","modified_gmt":"2024-03-19T16:54:36","slug":"la-asturiana-ana-cabranes-tambien-participara-en-la-pasarela-de-grandes-marcas-en-el-xxxiii-salon-del-encaje","status":"publish","type":"post","link":"https:\/\/mostra.es\/es\/actualidade\/prensa\/a-asturiana-ana-cabranes-tamen-participara-na-pasarela-de-grandes-firmas-da-xxxiii-mostra-do-encaixe\/","title":{"rendered":"La asturiana Ana Cabranes tambi\u00e9n participar\u00e1 en la pasarela &#039;Grandes Firmas&#039; de la XXXIII Mostra do Encaixe"},"content":{"rendered":"<p>La Exposici\u00f3n de Encaje de Camari\u00f1as de la Diputaci\u00f3n Provincial de A Coru\u00f1a re\u00fane, como es habitual, a grandes nombres del mundo de la moda. A esta cita no pod\u00eda faltar la asturiana Ana Cabranes, que presentar\u00e1 su colecci\u00f3n \u201cLa notte rosa\u201d, en la que refleja su personalidad y la versatilidad de cada una de las prendas. Ha participado en el evento de forma continua desde 2003. Algunos de sus <em>aspecto<\/em> Forman parte de la historia del Festival, ya que aparecieron en carteles de ediciones pasadas.<\/p>\n\n\n\n<p>\u201cPara m\u00ed han sido muchas las ediciones de esta Muestra de Encaje de Camari\u00f1as en la Diputaci\u00f3n de A Coru\u00f1a y me considero una privilegiada de estar aqu\u00ed y aportar mi granito de arena a este maravilloso mundo y a este magn\u00edfico arte\u201d, afirma Cabranes.&nbsp;<\/p>\n\n\n\n<p>La dise\u00f1adora destaca que a\u00f1o tras a\u00f1o intenta incorporar el encaje de la forma que m\u00e1s le gustar\u00eda llevar una prenda, mostrando elegancia pero con contraste entre elementos que den perfecta visibilidad a este tejido en las prendas.<\/p>\n\n\n\n<p>\u201cCreo que en cuanto a mis dise\u00f1os no son los m\u00e1s revolucionarios, y quiz\u00e1 no llaman tanto la atenci\u00f3n como otros grandes artistas, pero mantengo la esencia que tuve en mi primer viaje y esto hace que la prenda sea especial en todos los sentidos\u201d, comenta.<\/p>","protected":false},"excerpt":{"rendered":"<p>Presentar\u00e1 su colecci\u00f3n \u201cLa notte rosa\u201d, en la que refleja su personalidad y la versatilidad de cada una de las prendas. Participa en el evento de forma ininterrumpida desde 2003, y sus looks han formado parte de carteles de ediciones pasadas.<\/p>","protected":false},"author":1,"featured_media":4618,"comment_status":"open","ping_status":"closed","sticky":false,"template":"","format":"standard","meta":{"footnotes":""},"categories":[10],"tags":[208,174,237,416],"class_list":["post-4616","post","type-post","status-publish","format-standard","has-post-thumbnail","hentry","category-prensa","tag-ana-cabranes","tag-grandes-desenadores","tag-pasarela-da-mostra","tag-xxxiii-mostra-do-encaixe"],"_links":{"self":[{"href":"https:\/\/mostra.es\/es\/wp-json\/wp\/v2\/posts\/4616","targetHints":{"allow":["GET"]}}],"collection":[{"href":"https:\/\/mostra.es\/es\/wp-json\/wp\/v2\/posts"}],"about":[{"href":"https:\/\/mostra.es\/es\/wp-json\/wp\/v2\/types\/post"}],"author":[{"embeddable":true,"href":"https:\/\/mostra.es\/es\/wp-json\/wp\/v2\/users\/1"}],"replies":[{"embeddable":true,"href":"https:\/\/mostra.es\/es\/wp-json\/wp\/v2\/comments?post=4616"}],"version-history":[{"count":0,"href":"https:\/\/mostra.es\/es\/wp-json\/wp\/v2\/posts\/4616\/revisions"}],"wp:featuredmedia":[{"embeddable":true,"href":"https:\/\/mostra.es\/es\/wp-json\/wp\/v2\/media\/4618"}],"wp:attachment":[{"href":"https:\/\/mostra.es\/es\/wp-json\/wp\/v2\/media?parent=4616"}],"wp:term":[{"taxonomy":"category","embeddable":true,"href":"https:\/\/mostra.es\/es\/wp-json\/wp\/v2\/categories?post=4616"},{"taxonomy":"post_tag","embeddable":true,"href":"https:\/\/mostra.es\/es\/wp-json\/wp\/v2\/tags?post=4616"}],"curies":[{"name":"gracias","href":"https:\/\/api.w.org\/{rel}","templated":true}]}}