{"id":4517,"date":"2024-03-16T18:15:03","date_gmt":"2024-03-16T18:15:03","guid":{"rendered":"https:\/\/mostra.es\/?p=4517"},"modified":"2024-03-16T18:15:04","modified_gmt":"2024-03-16T18:15:04","slug":"el-estilo-y-la-artesania-de-aramar-tambien-compondran-la-pasarela-de-artencaixe","status":"publish","type":"post","link":"https:\/\/mostra.es\/es\/actualidade\/prensa\/estilo-aramar-e-feituras-tamen-conformaran-a-pasarela-artencaixe\/","title":{"rendered":"&#039;Estilo Aramar&#039; y &#039;Feituras&#039; tambi\u00e9n formar\u00e1n parte de la pasarela &#039;ArtEncaixe&#039;"},"content":{"rendered":"<p>&#039;Estilo Aramar&#039; y &#039;Feituras&#039; tambi\u00e9n compondr\u00e1n la pasarela &#039;ArtEncaixe&#039; en esta XXXIII Muestra de Encaje de Camari\u00f1as en la Diputaci\u00f3n Provincial de A Coru\u00f1a. El primero, un taller dedicado a la obtenci\u00f3n de todo tipo de accesorios \u00fanicos, y el segundo a la cer\u00e1mica tradicional creativa.<\/p>\n\n\n\n<p>Siendo la cuarta participaci\u00f3n de \u2018Estilo Aramar\u2019 en Camari\u00f1as, su creadora, Viviana Ara\u00fajo, declara que \u201ces un gran orgullo combinar el Encaje con las t\u00e9cnicas de nuestro taller y plasmarlas en obras de arte \u00fanicas e irrepetibles\u201d.&nbsp;<\/p>\n\n\n\n<p>Este a\u00f1o presentar\u00e1 6 estilos, cuatro para mujer y dos para hombre, en los que se mezclan el reciclaje, el arte floral, <em>ecoimpresi\u00f3n<\/em> y t\u00e9cnicas de te\u00f1ido. Seg\u00fan la propia Ara\u00fajo, \u201clas piezas sorprender\u00e1n, y mucho\u201d.&nbsp;<\/p>\n\n\n\n<p>Por su parte, Mar\u00eda Canedo, de \u2018Feituras\u2019, afirma que \u201cpara m\u00ed es todo un reto poder mostrar de forma creativa c\u00f3mo dos artesan\u00edas tan diferentes pueden ir de la mano\u201d.&nbsp;<\/p>\n\n\n\n<p>Sus piezas aportan al Encaixe de Camari\u00f1as \u201cuna mezcla de artesan\u00eda tradicional adaptada a nuestro tiempo\u201d, y afirma que \u201cser\u00e1 la gente la que podr\u00e1 decir, despu\u00e9s de ver nuestra muestra, si est\u00e1 sorprendida y maravillada\u201d.<\/p>","protected":false},"excerpt":{"rendered":"<p>El primero, un taller dedicado a la obtenci\u00f3n de todo tipo de accesorios \u00fanicos, y el segundo a la cer\u00e1mica tradicional creativa.<\/p>","protected":false},"author":1,"featured_media":4518,"comment_status":"open","ping_status":"closed","sticky":false,"template":"","format":"standard","meta":{"footnotes":""},"categories":[10],"tags":[35,478,416],"class_list":["post-4517","post","type-post","status-publish","format-standard","has-post-thumbnail","hentry","category-prensa","tag-artencaixe","tag-feituras","tag-xxxiii-mostra-do-encaixe"],"_links":{"self":[{"href":"https:\/\/mostra.es\/es\/wp-json\/wp\/v2\/posts\/4517","targetHints":{"allow":["GET"]}}],"collection":[{"href":"https:\/\/mostra.es\/es\/wp-json\/wp\/v2\/posts"}],"about":[{"href":"https:\/\/mostra.es\/es\/wp-json\/wp\/v2\/types\/post"}],"author":[{"embeddable":true,"href":"https:\/\/mostra.es\/es\/wp-json\/wp\/v2\/users\/1"}],"replies":[{"embeddable":true,"href":"https:\/\/mostra.es\/es\/wp-json\/wp\/v2\/comments?post=4517"}],"version-history":[{"count":0,"href":"https:\/\/mostra.es\/es\/wp-json\/wp\/v2\/posts\/4517\/revisions"}],"wp:featuredmedia":[{"embeddable":true,"href":"https:\/\/mostra.es\/es\/wp-json\/wp\/v2\/media\/4518"}],"wp:attachment":[{"href":"https:\/\/mostra.es\/es\/wp-json\/wp\/v2\/media?parent=4517"}],"wp:term":[{"taxonomy":"category","embeddable":true,"href":"https:\/\/mostra.es\/es\/wp-json\/wp\/v2\/categories?post=4517"},{"taxonomy":"post_tag","embeddable":true,"href":"https:\/\/mostra.es\/es\/wp-json\/wp\/v2\/tags?post=4517"}],"curies":[{"name":"gracias","href":"https:\/\/api.w.org\/{rel}","templated":true}]}}