{"id":4500,"date":"2024-03-12T20:05:18","date_gmt":"2024-03-12T20:05:18","guid":{"rendered":"https:\/\/mostra.es\/?p=4500"},"modified":"2024-03-12T20:05:19","modified_gmt":"2024-03-12T20:05:19","slug":"mar-barral-repite-su-participacion-en-artencaixe-con-un-homenaje-a-la-peregrinacion-vikinga-de-catoira","status":"publish","type":"post","link":"https:\/\/mostra.es\/es\/actualidade\/prensa\/mar-barral-repite-a-sua-participacion-no-artencaixe-cunha-homenaxe-a-romaria-vikinga-de-catoira\/","title":{"rendered":"Mar Barral repite participaci\u00f3n en &#039;ArtEncaixe&#039; con un homenaje a la Romer\u00eda Vikinga de Catoira"},"content":{"rendered":"<p>Este a\u00f1o, Mar Barral repetir\u00e1 su participaci\u00f3n en la pasarela &#039;ArtEncaixe&#039; de la Muestra de Encaje de Camari\u00f1as, Diputaci\u00f3n de A Coru\u00f1a, donde ya ha demostrado en varias ocasiones que artesan\u00eda y moda combinan a la perfecci\u00f3n.\u00a0<\/p>\n\n\n\n<p>Especializada en la t\u00e9cnica de <em>raku<\/em> y <em>ecoimpresi\u00f3n, <\/em>Es pionera en la aplicaci\u00f3n de la impresi\u00f3n bot\u00e1nica en cer\u00e1mica. Originario de Vilagarc\u00eda de Arousa, lleva m\u00e1s de dos d\u00e9cadas reinventando la disciplina desde su tienda-taller de Catoira.\u00a0\u00a0<\/p>\n\n\n\n<p>Se reivindica como \u201cun laboratorio de ideas\u201d en una tercera participaci\u00f3n que supone \u201cun nuevo reto y salir de mi zona de confort\u201d. <em>comodidad<\/em>\u201d. \u201cEl Encaje de Camari\u00f1as aporta elegancia, delicadeza y distinci\u00f3n a mis piezas, y la colecci\u00f3n de este a\u00f1o tendr\u00e1 como tem\u00e1tica la peregrinaci\u00f3n vikinga de Catoira\u201d.<\/p>","protected":false},"excerpt":{"rendered":"<p>La artista, originaria de Vilagarc\u00eda de Arousa, es especialista en la t\u00e9cnica japonesa del raku y tambi\u00e9n en ecoimpresi\u00f3n, siendo esta su tercera participaci\u00f3n.<\/p>","protected":false},"author":1,"featured_media":4501,"comment_status":"open","ping_status":"closed","sticky":false,"template":"","format":"standard","meta":{"footnotes":""},"categories":[10],"tags":[35,396,416],"class_list":["post-4500","post","type-post","status-publish","format-standard","has-post-thumbnail","hentry","category-prensa","tag-artencaixe","tag-mar-barral","tag-xxxiii-mostra-do-encaixe"],"_links":{"self":[{"href":"https:\/\/mostra.es\/es\/wp-json\/wp\/v2\/posts\/4500","targetHints":{"allow":["GET"]}}],"collection":[{"href":"https:\/\/mostra.es\/es\/wp-json\/wp\/v2\/posts"}],"about":[{"href":"https:\/\/mostra.es\/es\/wp-json\/wp\/v2\/types\/post"}],"author":[{"embeddable":true,"href":"https:\/\/mostra.es\/es\/wp-json\/wp\/v2\/users\/1"}],"replies":[{"embeddable":true,"href":"https:\/\/mostra.es\/es\/wp-json\/wp\/v2\/comments?post=4500"}],"version-history":[{"count":0,"href":"https:\/\/mostra.es\/es\/wp-json\/wp\/v2\/posts\/4500\/revisions"}],"wp:featuredmedia":[{"embeddable":true,"href":"https:\/\/mostra.es\/es\/wp-json\/wp\/v2\/media\/4501"}],"wp:attachment":[{"href":"https:\/\/mostra.es\/es\/wp-json\/wp\/v2\/media?parent=4500"}],"wp:term":[{"taxonomy":"category","embeddable":true,"href":"https:\/\/mostra.es\/es\/wp-json\/wp\/v2\/categories?post=4500"},{"taxonomy":"post_tag","embeddable":true,"href":"https:\/\/mostra.es\/es\/wp-json\/wp\/v2\/tags?post=4500"}],"curies":[{"name":"gracias","href":"https:\/\/api.w.org\/{rel}","templated":true}]}}