{"id":4448,"date":"2024-02-25T19:12:01","date_gmt":"2024-02-25T19:12:01","guid":{"rendered":"https:\/\/mostra.es\/?p=4448"},"modified":"2024-02-25T19:12:07","modified_gmt":"2024-02-25T19:12:07","slug":"la-vicepresidenta-yolanda-diaz-luce-aretes-de-encaje-de-camarinas-obsequio-del-ayuntamiento","status":"publish","type":"post","link":"https:\/\/mostra.es\/es\/actualidade\/prensa\/a-vicepresidenta-do-goberno-yolanda-diaz-loce-uns-pendentes-de-encaixe-de-camarinas-agasallo-do-concello\/","title":{"rendered":"La vicepresidenta del Gobierno, Yolanda D\u00edaz, luce unos pendientes de encaje de Camari\u00f1as, regalo del Ayuntamiento"},"content":{"rendered":"<p>La vicepresidenta del Gobierno, Yolanda D\u00edaz, luci\u00f3 en sus \u00faltimas apariciones p\u00fablicas unos pendientes de encaje de Camari\u00f1as que le envi\u00f3 el Ayuntamiento como agradecimiento por la reuni\u00f3n mantenida en FITUR con la alcaldesa, Sandra Insua, y las concejalas Encarna Li\u00f1eiro y Bego\u00f1a Tajes.&nbsp;<\/p>\n\n\n\n<p>Sandra Insua se reuni\u00f3 en Madrid con la vicepresidenta y se comprometi\u00f3 a enviarle este producto. En el env\u00edo, acompa\u00f1ando a los pendientes, hab\u00eda una invitaci\u00f3n invit\u00e1ndola a participar en el XXXIII Sal\u00f3n de Encaje de Camari\u00f1as.&nbsp;<\/p>\n\n\n\n<p>En su respuesta, Yolanda D\u00edaz destac\u00f3 el buen trabajo que est\u00e1 realizando el Ayuntamiento por la comercializaci\u00f3n e internacionalizaci\u00f3n del encaje y con un \u201cnos vemos en la Feria\u201d confirm\u00f3 que intentar\u00e1 participar este a\u00f1o en alguno de los d\u00edas en los que se celebra el evento durante la Semana Santa.&nbsp;<\/p>","protected":false},"excerpt":{"rendered":"<p>Sandra Insua se reuni\u00f3 con la vicepresidenta del Gobierno en FITUR y se comprometi\u00f3 a enviarle este producto. Yolanda D\u00edaz agradeci\u00f3 el detalle y confirm\u00f3 que intentar\u00e1 estar presente en la XXXIII Feria de Encaje de Camari\u00f1as de la Diputaci\u00f3n Provincial de A Coru\u00f1a este a\u00f1o.<\/p>","protected":false},"author":1,"featured_media":4449,"comment_status":"open","ping_status":"closed","sticky":false,"template":"","format":"standard","meta":{"footnotes":""},"categories":[10],"tags":[19,346,426],"class_list":["post-4448","post","type-post","status-publish","format-standard","has-post-thumbnail","hentry","category-prensa","tag-fitur","tag-xxxii-mostra-do-encaixe","tag-yolanda-diaz"],"_links":{"self":[{"href":"https:\/\/mostra.es\/es\/wp-json\/wp\/v2\/posts\/4448","targetHints":{"allow":["GET"]}}],"collection":[{"href":"https:\/\/mostra.es\/es\/wp-json\/wp\/v2\/posts"}],"about":[{"href":"https:\/\/mostra.es\/es\/wp-json\/wp\/v2\/types\/post"}],"author":[{"embeddable":true,"href":"https:\/\/mostra.es\/es\/wp-json\/wp\/v2\/users\/1"}],"replies":[{"embeddable":true,"href":"https:\/\/mostra.es\/es\/wp-json\/wp\/v2\/comments?post=4448"}],"version-history":[{"count":0,"href":"https:\/\/mostra.es\/es\/wp-json\/wp\/v2\/posts\/4448\/revisions"}],"wp:featuredmedia":[{"embeddable":true,"href":"https:\/\/mostra.es\/es\/wp-json\/wp\/v2\/media\/4449"}],"wp:attachment":[{"href":"https:\/\/mostra.es\/es\/wp-json\/wp\/v2\/media?parent=4448"}],"wp:term":[{"taxonomy":"category","embeddable":true,"href":"https:\/\/mostra.es\/es\/wp-json\/wp\/v2\/categories?post=4448"},{"taxonomy":"post_tag","embeddable":true,"href":"https:\/\/mostra.es\/es\/wp-json\/wp\/v2\/tags?post=4448"}],"curies":[{"name":"gracias","href":"https:\/\/api.w.org\/{rel}","templated":true}]}}