{"id":4356,"date":"2023-04-07T04:05:50","date_gmt":"2023-04-07T04:05:50","guid":{"rendered":"https:\/\/mostra.es\/?p=4356"},"modified":"2023-04-07T04:05:51","modified_gmt":"2023-04-07T04:05:51","slug":"sandra-insua-destaca-el-trabajo-de-las-palilleiras-para-mantener-viva-una-tradicion-que-genera-identidad","status":"publish","type":"post","link":"https:\/\/mostra.es\/es\/actualidade\/prensa\/sandra-insua-destaca-a-labor-das-palilleiras-para-manter-viva-unha-tradicion-que-xera-identidade\/","title":{"rendered":"Sandra Insua destaca la labor de las palilleiras para \u201cmantener viva una tradici\u00f3n que genera identidad\u201d"},"content":{"rendered":"<p>El sal\u00f3n de desfiles de la XXXII Muestra de Encaje de Camari\u00f1as de la Diputaci\u00f3n de A Coru\u00f1a fue el lugar elegido para rendir un sentido y bello homenaje a las palilleiras, a las que la alcaldesa de Camari\u00f1as, Sandra Insua, calific\u00f3 como \u201clas verdaderas art\u00edfices de elevar al m\u00e1ximo una labor artesanal de la que todos debemos sentirnos muy orgullosos\u201d y destac\u00f3 su labor para \u201cmantener viva una tradici\u00f3n generadora de identidad\u201d.\u00a0<\/p>\n\n\n\n<p>Las encajeras hacen mucho m\u00e1s que mantener viva la llama de un oficio tradicional. Porque con el encaje, desarrollan un arte de enorme valor en la industria textil. La alta costura, la moda en general y la ornamentaci\u00f3n se nutren a\u00fan hoy de productos elaborados por las manos expertas de nuestras encajeras, afirm\u00f3.<\/p>\n\n\n\n<figure class=\"wp-block-image size-large\"><img fetchpriority=\"high\" decoding=\"async\" width=\"1024\" height=\"576\" src=\"https:\/\/mostra.es\/wp-content\/uploads\/2023\/04\/homenaxe-as-palilleiras-cloe-carmen-3-1024x576.jpg\" alt=\"\" class=\"wp-image-4359\" title=\"\" srcset=\"https:\/\/mostra.es\/wp-content\/uploads\/2023\/04\/homenaxe-as-palilleiras-cloe-carmen-3-1024x576.jpg 1024w, https:\/\/mostra.es\/wp-content\/uploads\/2023\/04\/homenaxe-as-palilleiras-cloe-carmen-3-300x169.jpg 300w, https:\/\/mostra.es\/wp-content\/uploads\/2023\/04\/homenaxe-as-palilleiras-cloe-carmen-3-768x432.jpg 768w, https:\/\/mostra.es\/wp-content\/uploads\/2023\/04\/homenaxe-as-palilleiras-cloe-carmen-3.jpg 1200w\" sizes=\"(max-width: 1024px) 100vw, 1024px\" \/><\/figure>\n\n\n\n<p>Sandra Ins\u00faa enfatiz\u00f3 que \u00abhay pocos placeres en la vida mejores que llegar a una casa o a un taller y escuchar el tintineo de las palilleras. Ese sonido es talento. Ese sonido es tradici\u00f3n. Ese sonido es calidad. Ese sonido es autenticidad. Ese sonido es encaje. Y ese sonido es lo que representa Camari\u00f1as: la mujer empoderada, fuerte y exigente\u00bb.<\/p>\n\n\n\n<p><strong>Presente, futuro e historia<\/strong><\/p>\n\n\n\n<p>Durante el homenaje a las encajeras, tambi\u00e9n se desvel\u00f3 un retrato de la encajera m\u00e1s joven, Cloe, y de la m\u00e1s veterana, Maricarmen, pintado a mano por Cayetano Lled\u00f3. Una obra que simboliza el presente, el futuro y la historia del encaje de Camari\u00f1as.<\/p>\n\n\n\n<figure class=\"wp-block-image size-large\"><img decoding=\"async\" width=\"1024\" height=\"649\" src=\"https:\/\/mostra.es\/wp-content\/uploads\/2023\/04\/homenaxe-as-palilleiras-cloe-carmen-2-1024x649.jpg\" alt=\"\" class=\"wp-image-4358\" title=\"\" srcset=\"https:\/\/mostra.es\/wp-content\/uploads\/2023\/04\/homenaxe-as-palilleiras-cloe-carmen-2-1024x649.jpg 1024w, https:\/\/mostra.es\/wp-content\/uploads\/2023\/04\/homenaxe-as-palilleiras-cloe-carmen-2-300x190.jpg 300w, https:\/\/mostra.es\/wp-content\/uploads\/2023\/04\/homenaxe-as-palilleiras-cloe-carmen-2-768x486.jpg 768w, https:\/\/mostra.es\/wp-content\/uploads\/2023\/04\/homenaxe-as-palilleiras-cloe-carmen-2.jpg 1200w\" sizes=\"(max-width: 1024px) 100vw, 1024px\" \/><\/figure>","protected":false},"excerpt":{"rendered":"<p>La pasarela de la XXXII Muestra de Encaje de Camari\u00f1as de la Diputaci\u00f3n Provincial de A Coru\u00f1a acogi\u00f3 un homenaje a las palilleiras en el que tambi\u00e9n se descubri\u00f3 un retrato de la palilleira m\u00e1s joven y veterana, obra de Cayetano Lled\u00f3.<\/p>","protected":false},"author":1,"featured_media":4357,"comment_status":"open","ping_status":"closed","sticky":false,"template":"","format":"standard","meta":{"footnotes":""},"categories":[10],"tags":[408,346],"class_list":["post-4356","post","type-post","status-publish","format-standard","has-post-thumbnail","hentry","category-prensa","tag-homenaxe-as-palilleiras","tag-xxxii-mostra-do-encaixe"],"_links":{"self":[{"href":"https:\/\/mostra.es\/es\/wp-json\/wp\/v2\/posts\/4356","targetHints":{"allow":["GET"]}}],"collection":[{"href":"https:\/\/mostra.es\/es\/wp-json\/wp\/v2\/posts"}],"about":[{"href":"https:\/\/mostra.es\/es\/wp-json\/wp\/v2\/types\/post"}],"author":[{"embeddable":true,"href":"https:\/\/mostra.es\/es\/wp-json\/wp\/v2\/users\/1"}],"replies":[{"embeddable":true,"href":"https:\/\/mostra.es\/es\/wp-json\/wp\/v2\/comments?post=4356"}],"version-history":[{"count":0,"href":"https:\/\/mostra.es\/es\/wp-json\/wp\/v2\/posts\/4356\/revisions"}],"wp:featuredmedia":[{"embeddable":true,"href":"https:\/\/mostra.es\/es\/wp-json\/wp\/v2\/media\/4357"}],"wp:attachment":[{"href":"https:\/\/mostra.es\/es\/wp-json\/wp\/v2\/media?parent=4356"}],"wp:term":[{"taxonomy":"category","embeddable":true,"href":"https:\/\/mostra.es\/es\/wp-json\/wp\/v2\/categories?post=4356"},{"taxonomy":"post_tag","embeddable":true,"href":"https:\/\/mostra.es\/es\/wp-json\/wp\/v2\/tags?post=4356"}],"curies":[{"name":"gracias","href":"https:\/\/api.w.org\/{rel}","templated":true}]}}