{"id":4311,"date":"2023-04-03T16:39:32","date_gmt":"2023-04-03T16:39:32","guid":{"rendered":"https:\/\/mostra.es\/?p=4311"},"modified":"2023-04-03T16:40:54","modified_gmt":"2023-04-03T16:40:54","slug":"voluntarios-xxxii-ajuste-de-muestra","status":"publish","type":"post","link":"https:\/\/mostra.es\/es\/actualidade\/prensa\/voluntarios-xxxii-mostra-encaixe\/","title":{"rendered":"M\u00e1s de 50 voluntarios velar\u00e1n por el buen funcionamiento de la XXXII Feria del Encaje de Camari\u00f1as"},"content":{"rendered":"<p>La XXXII Muestra de Encaje de Camari\u00f1as de la Diputaci\u00f3n Provincial de A Coru\u00f1a volver\u00e1 a contar con un fenomenal equipo de voluntarios formado por m\u00e1s de 50 personas que, como cada a\u00f1o, velar\u00e1n por el buen desarrollo del evento durante los cinco d\u00edas.\u00a0\u00a0<\/p>\n\n\n\n<p>Por un lado, las azafatas y azafatos ser\u00e1n los encargados de coordinar que toda la programaci\u00f3n se desarrolle seg\u00fan lo previsto, tanto en el control de entrada o en el mostrador de informaci\u00f3n como en el acceso al sal\u00f3n de desfiles, ayudando tambi\u00e9n a los visitantes ante cualquier duda que puedan tener.&nbsp;<\/p>\n\n\n\n<p>Por otra parte, como es habitual, el grupo de Protecci\u00f3n Civil de Camari\u00f1as desplegar\u00e1 un dispositivo de seguridad y tr\u00e1fico, imprescindible para el desarrollo de la Mostra y tambi\u00e9n para resolver cualquier imprevisto.<\/p>\n\n\n\n<figure class=\"wp-block-embed is-type-video is-provider-youtube wp-block-embed-youtube wp-embed-aspect-16-9 wp-has-aspect-ratio\"><div class=\"wp-block-embed__wrapper\">\n<iframe title=\"Resumen Viernes XXX Muestra de Encaje de Camari\u00f1as\" width=\"800\" height=\"450\" src=\"https:\/\/www.youtube.com\/embed\/bwp-VLhuJHk?feature=oembed\" frameborder=\"0\" allow=\"accelerometer; autoplay; clipboard-write; encrypted-media; gyroscope; picture-in-picture; web-share\" allowfullscreen><\/iframe>\n<\/div><\/figure>","protected":false},"excerpt":{"rendered":"<p>Las azafatas y azafatos ser\u00e1n los encargados de coordinar que toda la programaci\u00f3n se desarrolle seg\u00fan lo previsto y el equipo de Protecci\u00f3n Civil velar\u00e1 por la seguridad del evento.<\/p>","protected":false},"author":1,"featured_media":4019,"comment_status":"open","ping_status":"closed","sticky":false,"template":"","format":"standard","meta":{"footnotes":""},"categories":[10],"tags":[231,346],"class_list":["post-4311","post","type-post","status-publish","format-standard","has-post-thumbnail","hentry","category-prensa","tag-voluntarios","tag-xxxii-mostra-do-encaixe"],"_links":{"self":[{"href":"https:\/\/mostra.es\/es\/wp-json\/wp\/v2\/posts\/4311","targetHints":{"allow":["GET"]}}],"collection":[{"href":"https:\/\/mostra.es\/es\/wp-json\/wp\/v2\/posts"}],"about":[{"href":"https:\/\/mostra.es\/es\/wp-json\/wp\/v2\/types\/post"}],"author":[{"embeddable":true,"href":"https:\/\/mostra.es\/es\/wp-json\/wp\/v2\/users\/1"}],"replies":[{"embeddable":true,"href":"https:\/\/mostra.es\/es\/wp-json\/wp\/v2\/comments?post=4311"}],"version-history":[{"count":0,"href":"https:\/\/mostra.es\/es\/wp-json\/wp\/v2\/posts\/4311\/revisions"}],"wp:featuredmedia":[{"embeddable":true,"href":"https:\/\/mostra.es\/es\/wp-json\/wp\/v2\/media\/4019"}],"wp:attachment":[{"href":"https:\/\/mostra.es\/es\/wp-json\/wp\/v2\/media?parent=4311"}],"wp:term":[{"taxonomy":"category","embeddable":true,"href":"https:\/\/mostra.es\/es\/wp-json\/wp\/v2\/categories?post=4311"},{"taxonomy":"post_tag","embeddable":true,"href":"https:\/\/mostra.es\/es\/wp-json\/wp\/v2\/tags?post=4311"}],"curies":[{"name":"gracias","href":"https:\/\/api.w.org\/{rel}","templated":true}]}}