{"id":4279,"date":"2023-03-29T17:23:44","date_gmt":"2023-03-29T17:23:44","guid":{"rendered":"https:\/\/mostra.es\/?p=4279"},"modified":"2023-03-29T17:23:46","modified_gmt":"2023-03-29T17:23:46","slug":"ana-freiria-y-zeltia-en-antena-en-el-desfile-de-artencaixe-de-la-xxxii-muestra-de-encaje-de-camarinas","status":"publish","type":"post","link":"https:\/\/mostra.es\/es\/actualidade\/prensa\/ana-freiria-e-zeltia-ao-aire-no-desfile-de-artencaixe-da-xxxii-mostra-do-encaixe-de-camarinas\/","title":{"rendered":"Ana Freir\u00eda y Zeltia ao Aire, en el desfile &#039;ArtEncaixe&#039; del XXXII Festival del Encaje de Camari\u00f1as"},"content":{"rendered":"<p>El desfile &#039;ArtEncaixe&#039; de la XXXII Muestra de Encaje de Camari\u00f1as de la Diputaci\u00f3n de A Coru\u00f1a cuenta con dos nuevas confirmaciones: Ana Freir\u00eda, que vuelve por segundo a\u00f1o consecutivo, y Zeltia ao Aire, que este a\u00f1o debuta en la cita.<\/p>\n\n\n\n<p>Ana Freir\u00eda, especializada en orfebrer\u00eda art\u00edstica, destaca que \u201cvolver a participar en Mostrar es un orgullo y un placer, adem\u00e1s de un reto, ya que salgo de mi zona de confort para crear piezas m\u00e1s vistosas propias de una pasarela\u201d.<\/p>\n\n\n\n<figure class=\"wp-block-gallery has-nested-images columns-default is-cropped wp-block-gallery-1 is-layout-flex wp-block-gallery-is-layout-flex\">\n<figure class=\"wp-block-image size-large\"><img fetchpriority=\"high\" decoding=\"async\" width=\"1024\" height=\"461\" data-id=\"4282\" src=\"https:\/\/mostra.es\/wp-content\/uploads\/2023\/03\/ana-freiria-1-1024x461.jpg\" alt=\"\" class=\"wp-image-4282\" title=\"\" srcset=\"https:\/\/mostra.es\/wp-content\/uploads\/2023\/03\/ana-freiria-1-1024x461.jpg 1024w, https:\/\/mostra.es\/wp-content\/uploads\/2023\/03\/ana-freiria-1-300x135.jpg 300w, https:\/\/mostra.es\/wp-content\/uploads\/2023\/03\/ana-freiria-1-768x346.jpg 768w, https:\/\/mostra.es\/wp-content\/uploads\/2023\/03\/ana-freiria-1.jpg 1200w\" sizes=\"(max-width: 1024px) 100vw, 1024px\" \/><\/figure>\n\n\n\n<figure class=\"wp-block-image size-large\"><img decoding=\"async\" width=\"869\" height=\"1024\" data-id=\"4283\" src=\"https:\/\/mostra.es\/wp-content\/uploads\/2023\/03\/ana-freiria-2-869x1024.jpg\" alt=\"\" class=\"wp-image-4283\" title=\"\" srcset=\"https:\/\/mostra.es\/wp-content\/uploads\/2023\/03\/ana-freiria-2-869x1024.jpg 869w, https:\/\/mostra.es\/wp-content\/uploads\/2023\/03\/ana-freiria-2-255x300.jpg 255w, https:\/\/mostra.es\/wp-content\/uploads\/2023\/03\/ana-freiria-2-768x905.jpg 768w, https:\/\/mostra.es\/wp-content\/uploads\/2023\/03\/ana-freiria-2.jpg 1200w\" sizes=\"(max-width: 869px) 100vw, 869px\" \/><\/figure>\n\n\n\n<figure class=\"wp-block-image size-large\"><img decoding=\"async\" width=\"966\" height=\"1024\" data-id=\"4284\" src=\"https:\/\/mostra.es\/wp-content\/uploads\/2023\/03\/Zeltia-966x1024.jpg\" alt=\"\" class=\"wp-image-4284\" title=\"\" srcset=\"https:\/\/mostra.es\/wp-content\/uploads\/2023\/03\/Zeltia-966x1024.jpg 966w, https:\/\/mostra.es\/wp-content\/uploads\/2023\/03\/Zeltia-283x300.jpg 283w, https:\/\/mostra.es\/wp-content\/uploads\/2023\/03\/Zeltia-768x814.jpg 768w, https:\/\/mostra.es\/wp-content\/uploads\/2023\/03\/Zeltia.jpg 1200w\" sizes=\"(max-width: 966px) 100vw, 966px\" \/><\/figure>\n\n\n\n<figure class=\"wp-block-image size-large\"><img loading=\"lazy\" decoding=\"async\" width=\"1024\" height=\"462\" data-id=\"4285\" src=\"https:\/\/mostra.es\/wp-content\/uploads\/2023\/03\/Zeltia1-1024x462.jpg\" alt=\"\" class=\"wp-image-4285\" title=\"\" srcset=\"https:\/\/mostra.es\/wp-content\/uploads\/2023\/03\/Zeltia1-1024x462.jpg 1024w, https:\/\/mostra.es\/wp-content\/uploads\/2023\/03\/Zeltia1-300x135.jpg 300w, https:\/\/mostra.es\/wp-content\/uploads\/2023\/03\/Zeltia1-768x346.jpg 768w, https:\/\/mostra.es\/wp-content\/uploads\/2023\/03\/Zeltia1.jpg 1200w\" sizes=\"(max-width: 1024px) 100vw, 1024px\" \/><\/figure>\n\n\n\n<figure class=\"wp-block-image size-large\"><img loading=\"lazy\" decoding=\"async\" width=\"1024\" height=\"462\" data-id=\"4286\" src=\"https:\/\/mostra.es\/wp-content\/uploads\/2023\/03\/Zeltia2-1024x462.jpg\" alt=\"\" class=\"wp-image-4286\" title=\"\" srcset=\"https:\/\/mostra.es\/wp-content\/uploads\/2023\/03\/Zeltia2-1024x462.jpg 1024w, https:\/\/mostra.es\/wp-content\/uploads\/2023\/03\/Zeltia2-300x135.jpg 300w, https:\/\/mostra.es\/wp-content\/uploads\/2023\/03\/Zeltia2-768x346.jpg 768w, https:\/\/mostra.es\/wp-content\/uploads\/2023\/03\/Zeltia2.jpg 1200w\" sizes=\"(max-width: 1024px) 100vw, 1024px\" \/><\/figure>\n<\/figure>\n\n\n\n<p>En esta ocasi\u00f3n, traer\u00e1 a la Mostra \u201cuna colecci\u00f3n con mucha ra\u00edz, donde nuestra cultura cobra protagonismo y en la que vuelvo a utilizar metales reciclados del sector naval y de la hosteler\u00eda\u201d.<\/p>\n\n\n\n<p>Por su parte, Zeltia ao Aire, que trabaja con la t\u00e9cnica del bordado a\u00e9reo, que se utiliza para la pasamaner\u00eda de los trajes tradicionales gallegos, explica que \u201cpara m\u00ed fue un reto adaptar el encaje a mis creaciones\u201d e indica que \u201ccreo que es una oportunidad \u00fanica para poner en valor esta tradici\u00f3n\u201d.<\/p>\n\n\n\n<p>\u201cLlevar\u00e9 un collar de inspiraci\u00f3n marina, un bolso y un top. Creo que les gustar\u00e1&quot;, dice.<\/p>\n\n\n\n<figure class=\"wp-block-embed is-type-video is-provider-youtube wp-block-embed-youtube wp-embed-aspect-16-9 wp-has-aspect-ratio\"><div class=\"wp-block-embed__wrapper\">\n<iframe title=\"ArtEncaixe y Desfile Internacional\" width=\"800\" height=\"450\" src=\"https:\/\/www.youtube.com\/embed\/yBHZOhmCiTY?feature=oembed\" frameborder=\"0\" allow=\"accelerometer; autoplay; clipboard-write; encrypted-media; gyroscope; picture-in-picture; web-share\" allowfullscreen><\/iframe>\n<\/div><\/figure>","protected":false},"excerpt":{"rendered":"<p>Esta ser\u00e1 la primera participaci\u00f3n de Zeltia en la Mostra ao Aire, mientras que Ana Freir\u00eda repite por segundo a\u00f1o consecutivo. Ana Freir\u00eda, especializada en orfebrer\u00eda art\u00edstica, traer\u00e1 \u201cuna colecci\u00f3n con mucha ra\u00edz, donde nuestra cultura cobra protagonismo\u201d. Zeltia ao Aire, que trabaja el bordado a\u00e9reo, explica que \u201cfue un reto adaptar el encaje a mis creaciones\u201d.<\/p>","protected":false},"author":1,"featured_media":4285,"comment_status":"open","ping_status":"closed","sticky":false,"template":"","format":"standard","meta":{"footnotes":""},"categories":[10],"tags":[376,35,346,378],"class_list":["post-4279","post","type-post","status-publish","format-standard","has-post-thumbnail","hentry","category-prensa","tag-ana-freiria","tag-artencaixe","tag-xxxii-mostra-do-encaixe","tag-zeltia-ao-aire"],"_links":{"self":[{"href":"https:\/\/mostra.es\/es\/wp-json\/wp\/v2\/posts\/4279","targetHints":{"allow":["GET"]}}],"collection":[{"href":"https:\/\/mostra.es\/es\/wp-json\/wp\/v2\/posts"}],"about":[{"href":"https:\/\/mostra.es\/es\/wp-json\/wp\/v2\/types\/post"}],"author":[{"embeddable":true,"href":"https:\/\/mostra.es\/es\/wp-json\/wp\/v2\/users\/1"}],"replies":[{"embeddable":true,"href":"https:\/\/mostra.es\/es\/wp-json\/wp\/v2\/comments?post=4279"}],"version-history":[{"count":0,"href":"https:\/\/mostra.es\/es\/wp-json\/wp\/v2\/posts\/4279\/revisions"}],"wp:featuredmedia":[{"embeddable":true,"href":"https:\/\/mostra.es\/es\/wp-json\/wp\/v2\/media\/4285"}],"wp:attachment":[{"href":"https:\/\/mostra.es\/es\/wp-json\/wp\/v2\/media?parent=4279"}],"wp:term":[{"taxonomy":"category","embeddable":true,"href":"https:\/\/mostra.es\/es\/wp-json\/wp\/v2\/categories?post=4279"},{"taxonomy":"post_tag","embeddable":true,"href":"https:\/\/mostra.es\/es\/wp-json\/wp\/v2\/tags?post=4279"}],"curies":[{"name":"gracias","href":"https:\/\/api.w.org\/{rel}","templated":true}]}}