{"id":4179,"date":"2023-03-20T04:22:37","date_gmt":"2023-03-20T04:22:37","guid":{"rendered":"https:\/\/mostra.es\/?p=4179"},"modified":"2023-03-20T04:22:39","modified_gmt":"2023-03-20T04:22:39","slug":"camarinan-lopez-encabeza-la-programacion-musical-de-la-xxxii-muestra-de-encaje-de-camarinas","status":"publish","type":"post","link":"https:\/\/mostra.es\/es\/actualidade\/prensa\/o-camarinan-lopes-encabeza-a-programacion-musical-da-xxxii-mostra-do-encaixe-de-camarinas\/","title":{"rendered":"<strong>El camari\u00f1ense Lopes encabeza la programaci\u00f3n musical del XXXII Festival del Encaje de Camari\u00f1as<\/strong>"},"content":{"rendered":"<p>El artista camari\u00f1ense Lopes encabeza la programaci\u00f3n musical de la XXXII Mostra do Encaixe de Camari\u00f1as Diputaci\u00f3n de A Coru\u00f1a, en la que los asistentes tambi\u00e9n podr\u00e1n disfrutar de una exhibici\u00f3n de danza, m\u00fasica de baile y mucho folclore.<\/p>\n\n\n\n<p>El rapero Lopes ser\u00e1 el encargado de realizar el concierto de clausura (domingo 9 de abril a las 21 horas) y, llegado de una gira por M\u00e9xico, declara que \u201cpoder tocar donde crec\u00ed, que es donde viv\u00ed experiencias que inspiran las canciones que hago, es un orgullo\u201d.&nbsp;<\/p>\n\n\n\n<p>\u201cTraemos un espect\u00e1culo lleno de energ\u00eda y fuerza como siempre, pero con unas ganas especiales de estar en mi tierra. Interpretaremos canciones como Pole, Penas, Bandolero 2\u2026 e intentaremos que el p\u00fablico conecte lo m\u00e1ximo posible con nosotros\u201d, afirma.&nbsp;<\/p>\n\n\n\n<p>Para Lopes, este concierto ser\u00e1 especial ya que \u201cotra cosa buena de tocar en la Mostra es que puedo estar en Camari\u00f1as ese d\u00eda, porque en los \u00faltimos a\u00f1os siempre hemos tenido alg\u00fan rodaje o concierto fuera de Galicia\u201d y recuerda que \u201clos recuerdos que tengo de peque\u00f1o son siempre ver el pueblo muy lleno de gente de fuera, a mi madre y a mi abuela tocando la guitarra, todas las familias prepar\u00e1ndose para ir juntas a la Mostra, los pasacalles tan variados\u2026 Pero lo m\u00e1s bonito de todo esto es la energ\u00eda positiva que se respira en el pueblo durante esa semana\u201d. \u201cInvito a todos a que vengan y disfruten este 2023\u201d, afirma.\u00a0<\/p>\n\n\n\n<figure class=\"wp-block-image aligncenter size-full\"><img fetchpriority=\"high\" decoding=\"async\" width=\"720\" height=\"408\" src=\"https:\/\/mostra.es\/wp-content\/uploads\/2023\/03\/arte-movemento-mostra-encaixe.jpg\" alt=\"\" class=\"wp-image-4180\" title=\"\" srcset=\"https:\/\/mostra.es\/wp-content\/uploads\/2023\/03\/arte-movemento-mostra-encaixe.jpg 720w, https:\/\/mostra.es\/wp-content\/uploads\/2023\/03\/arte-movemento-mostra-encaixe-300x170.jpg 300w\" sizes=\"(max-width: 720px) 100vw, 720px\" \/><figcaption class=\"wp-element-caption\">Arte y movimiento<\/figcaption><\/figure>\n\n\n\n<p><strong>Danza, m\u00fasica de baile y folclore<\/strong><\/p>\n\n\n\n<p>El s\u00e1bado 8 de abril, a las 11.30 horas, el club deportivo de baile &#039;Arte e Movement&#039; realizar\u00e1 una exhibici\u00f3n en la que se mezclar\u00e1n bailes caribe\u00f1os, latinos y est\u00e1ndar (vals, tango, etc.). \u201cParticipar\u00e1n mayoritariamente ni\u00f1os y ni\u00f1as de todas las edades, pero tambi\u00e9n algunas mam\u00e1s\u201d, explica Lita, alumna del club, quien se\u00f1ala que \u201cadem\u00e1s, estoy haciendo el encaje para que cada bailar\u00edn lleve una pieza\u201d.<\/p>\n\n\n\n<p>Por otra parte, el d\u00eda de la inauguraci\u00f3n, mi\u00e9rcoles 5 de abril, antes del desfile de Grandes Dise\u00f1adores que cerrar\u00e1 esa primera jornada (a partir de las 18.00 horas), DJ SON1C estrenar\u00e1 la versi\u00f3n bailable del tema \u2018Camari\u00f1as\u2019, acompa\u00f1ado por la cantante Alicia Bautis, y la m\u00fasica de Danza de Arcos.<\/p>\n\n\n\n<p>Como no pod\u00eda ser de otra manera, durante los cinco d\u00edas, el folclore de los grupos Abrindo Rejo, Con toda en banda, Vaiche Boa, Asociaci\u00f3n Mar Devalado de Camelle y Asociaci\u00f3n As Cansorri\u00f1as se escuchar\u00e1 en los pabellones de la Mostra, mezclado con el sonido de los palillos. Tambi\u00e9n se celebrar\u00e1 el VI Encuentro Coral en el que participar\u00e1n la Coral Brisas do Mar de Corme, la Coral de Bergondo y la Coral Brisas do Mar de Camari\u00f1as (domingo 9 a las 11:45 horas).<\/p>\n\n\n\n<figure class=\"wp-block-image aligncenter size-large\"><img decoding=\"async\" width=\"1024\" height=\"683\" src=\"https:\/\/mostra.es\/wp-content\/uploads\/2023\/03\/dj-sonik-mostra-encaixe-1024x683.jpg\" alt=\"\" class=\"wp-image-4181\" title=\"\" srcset=\"https:\/\/mostra.es\/wp-content\/uploads\/2023\/03\/dj-sonik-mostra-encaixe-1024x683.jpg 1024w, https:\/\/mostra.es\/wp-content\/uploads\/2023\/03\/dj-sonik-mostra-encaixe-300x200.jpg 300w, https:\/\/mostra.es\/wp-content\/uploads\/2023\/03\/dj-sonik-mostra-encaixe-768x512.jpg 768w, https:\/\/mostra.es\/wp-content\/uploads\/2023\/03\/dj-sonik-mostra-encaixe.jpg 1200w\" sizes=\"(max-width: 1024px) 100vw, 1024px\" \/><figcaption class=\"wp-element-caption\">DJ Sonik<\/figcaption><\/figure>","protected":false},"excerpt":{"rendered":"<p>La artista declara que \u201cpoder tocar donde crec\u00ed, que es donde viv\u00ed experiencias de las cuales saco inspiraci\u00f3n para las canciones que hago, es un orgullo\u201d. El club deportivo de baile &#039;Arte e Movement&#039; ofrecer\u00e1 una exhibici\u00f3n que mezcla bailes caribe\u00f1os, latinos y est\u00e1ndar. DJ SON1C estrenar\u00e1 la versi\u00f3n bailable del tema &#039;Camari\u00f1as&#039;, acompa\u00f1ado por Alicia Bautis, y la m\u00fasica de Danza de Arcos.<\/p>","protected":false},"author":1,"featured_media":4182,"comment_status":"open","ping_status":"closed","sticky":false,"template":"","format":"standard","meta":{"footnotes":""},"categories":[10],"tags":[362,364,346],"class_list":["post-4179","post","type-post","status-publish","format-standard","has-post-thumbnail","hentry","category-prensa","tag-lopes","tag-programacion-musical","tag-xxxii-mostra-do-encaixe"],"_links":{"self":[{"href":"https:\/\/mostra.es\/es\/wp-json\/wp\/v2\/posts\/4179","targetHints":{"allow":["GET"]}}],"collection":[{"href":"https:\/\/mostra.es\/es\/wp-json\/wp\/v2\/posts"}],"about":[{"href":"https:\/\/mostra.es\/es\/wp-json\/wp\/v2\/types\/post"}],"author":[{"embeddable":true,"href":"https:\/\/mostra.es\/es\/wp-json\/wp\/v2\/users\/1"}],"replies":[{"embeddable":true,"href":"https:\/\/mostra.es\/es\/wp-json\/wp\/v2\/comments?post=4179"}],"version-history":[{"count":0,"href":"https:\/\/mostra.es\/es\/wp-json\/wp\/v2\/posts\/4179\/revisions"}],"wp:featuredmedia":[{"embeddable":true,"href":"https:\/\/mostra.es\/es\/wp-json\/wp\/v2\/media\/4182"}],"wp:attachment":[{"href":"https:\/\/mostra.es\/es\/wp-json\/wp\/v2\/media?parent=4179"}],"wp:term":[{"taxonomy":"category","embeddable":true,"href":"https:\/\/mostra.es\/es\/wp-json\/wp\/v2\/categories?post=4179"},{"taxonomy":"post_tag","embeddable":true,"href":"https:\/\/mostra.es\/es\/wp-json\/wp\/v2\/tags?post=4179"}],"curies":[{"name":"gracias","href":"https:\/\/api.w.org\/{rel}","templated":true}]}}