{"id":4172,"date":"2023-03-17T19:52:19","date_gmt":"2023-03-17T19:52:19","guid":{"rendered":"https:\/\/mostra.es\/?p=4172"},"modified":"2023-03-17T19:55:53","modified_gmt":"2023-03-17T19:55:53","slug":"claudina-mata-ek-kou-estaran-xxxii-muestra-del-encaje-del-vestidor","status":"publish","type":"post","link":"https:\/\/mostra.es\/es\/actualidade\/prensa\/claudina-mata-e-k-kou-estaran-xxxii-mostra-do-encaixe-de-camarinas\/","title":{"rendered":"<strong>Claudina Mata y K-KOU estar\u00e1n en la XXXII Muestra de Encaje de Camari\u00f1as<\/strong>"},"content":{"rendered":"<p>La dise\u00f1adora granadina Claudina Mata y la marca de moda espa\u00f1ola K-KOU, con sede en Madrid, estar\u00e1n en la XXXII Feria de Encaje de Camari\u00f1as de la Diputaci\u00f3n Provincial de A Coru\u00f1a.<\/p>\n\n\n\n<p>La firma <strong>Claudina Mata<\/strong>, que est\u00e1 al nivel de las grandes firmas comerciales a nivel nacional en el mundo de la ceremonia y el pr\u00eat-\u00e0-porter, sumar\u00e1 as\u00ed su sexta participaci\u00f3n en el evento y el dise\u00f1ador avanza que \u201ceste a\u00f1o presentar\u00e9 un adelanto de lo que ser\u00e1 la colecci\u00f3n nupcial del a\u00f1o 2024, que guardo en exclusiva para Camari\u00f1as\u201d.<\/p>\n\n\n\n<figure class=\"wp-block-embed is-type-video is-provider-youtube wp-block-embed-youtube wp-embed-aspect-16-9 wp-has-aspect-ratio\"><div class=\"wp-block-embed__wrapper\">\n<iframe title=\"21- Claudina Mata nos habla de la Muestra de Encaje de Camari\u00f1as\" width=\"800\" height=\"450\" src=\"https:\/\/www.youtube.com\/embed\/VMCgX0vEYHo?feature=oembed\" frameborder=\"0\" allow=\"accelerometer; autoplay; clipboard-write; encrypted-media; gyroscope; picture-in-picture; web-share\" allowfullscreen><\/iframe>\n<\/div><figcaption class=\"wp-element-caption\">Claudina Mata en una entrevista con Mostra TV<\/figcaption><\/figure>\n\n\n\n<p>Claudina se siente \u201cmuy orgullosa de formar parte de la familia Mostra y de esa tradici\u00f3n, ya no concibo mis vestidos de novia ni mis dise\u00f1os sin el encaje de Camari\u00f1as\u201d. Me gustan tanto y son tan valiosos que quiero tenerlos conmigo todos los a\u00f1os. A todos mis clientes les encanta cuando les digo que est\u00e1n hechos por manos artesanas del norte de Espa\u00f1a, con a\u00f1os y a\u00f1os de tradici\u00f3n. Todo el mundo quiere llevarlo en sus vestidos para su d\u00eda especial\u201d, dice.<\/p>\n\n\n\n<p>Por su parte, Montse Gallego, CEO de K-KOU, marca que exporta a todo el territorio nacional, vuelve por segundo a\u00f1o consecutivo a la Mostra, lo que para ella \u201csignifica el orgullo de participar en el proyecto artesanal m\u00e1s importante de Espa\u00f1a y desde mi humilde posici\u00f3n, apoyar para que el encaje nunca desaparezca\u201d.<\/p>\n\n\n\n<p>La colecci\u00f3n que llegar\u00e1 a Camari\u00f1as \u201cse llama \u2018Luz y Vida\u2019 y solo puedo decir una cosa: frescura, mucha frescura y mucha luz\u201d. \u201cEl encaje aporta delicadeza y arte, hace que las piezas sean \u00fanicas. Hacemos series muy peque\u00f1as que, con el encaje, se convierten en piezas de museo. De hecho, las conservamos todas\u201d, destaca.<\/p>\n\n\n\n<figure class=\"wp-block-image size-large\"><img fetchpriority=\"high\" decoding=\"async\" width=\"1024\" height=\"683\" src=\"https:\/\/mostra.es\/wp-content\/uploads\/2023\/03\/desfile-k-kou-mostra-2022-1024x683.jpg\" alt=\"\" class=\"wp-image-4175\" title=\"\" srcset=\"https:\/\/mostra.es\/wp-content\/uploads\/2023\/03\/desfile-k-kou-mostra-2022-1024x683.jpg 1024w, https:\/\/mostra.es\/wp-content\/uploads\/2023\/03\/desfile-k-kou-mostra-2022-300x200.jpg 300w, https:\/\/mostra.es\/wp-content\/uploads\/2023\/03\/desfile-k-kou-mostra-2022-768x512.jpg 768w, https:\/\/mostra.es\/wp-content\/uploads\/2023\/03\/desfile-k-kou-mostra-2022.jpg 1200w\" sizes=\"(max-width: 1024px) 100vw, 1024px\" \/><figcaption class=\"wp-element-caption\">Desfile de moda del dise\u00f1ador K-Kou<\/figcaption><\/figure>","protected":false},"excerpt":{"rendered":"<p>La dise\u00f1adora granadina realizar\u00e1 su sexta participaci\u00f3n en la Mostra y asegura que \u201cpresentar\u00e9, en exclusiva para Camari\u00f1as, un adelanto de lo que ser\u00e1 la colecci\u00f3n nupcial 2024\u201d. La marca de moda espa\u00f1ola K-KOU describe la Feria del Encaje como \u201cel proyecto artesanal m\u00e1s importante de Espa\u00f1a\u201d.<\/p>","protected":false},"author":1,"featured_media":4174,"comment_status":"open","ping_status":"closed","sticky":false,"template":"","format":"standard","meta":{"footnotes":""},"categories":[10],"tags":[194,174,283,346],"class_list":["post-4172","post","type-post","status-publish","format-standard","has-post-thumbnail","hentry","category-prensa","tag-claudina-mata","tag-grandes-desenadores","tag-k-kou","tag-xxxii-mostra-do-encaixe"],"_links":{"self":[{"href":"https:\/\/mostra.es\/es\/wp-json\/wp\/v2\/posts\/4172","targetHints":{"allow":["GET"]}}],"collection":[{"href":"https:\/\/mostra.es\/es\/wp-json\/wp\/v2\/posts"}],"about":[{"href":"https:\/\/mostra.es\/es\/wp-json\/wp\/v2\/types\/post"}],"author":[{"embeddable":true,"href":"https:\/\/mostra.es\/es\/wp-json\/wp\/v2\/users\/1"}],"replies":[{"embeddable":true,"href":"https:\/\/mostra.es\/es\/wp-json\/wp\/v2\/comments?post=4172"}],"version-history":[{"count":0,"href":"https:\/\/mostra.es\/es\/wp-json\/wp\/v2\/posts\/4172\/revisions"}],"wp:featuredmedia":[{"embeddable":true,"href":"https:\/\/mostra.es\/es\/wp-json\/wp\/v2\/media\/4174"}],"wp:attachment":[{"href":"https:\/\/mostra.es\/es\/wp-json\/wp\/v2\/media?parent=4172"}],"wp:term":[{"taxonomy":"category","embeddable":true,"href":"https:\/\/mostra.es\/es\/wp-json\/wp\/v2\/categories?post=4172"},{"taxonomy":"post_tag","embeddable":true,"href":"https:\/\/mostra.es\/es\/wp-json\/wp\/v2\/tags?post=4172"}],"curies":[{"name":"gracias","href":"https:\/\/api.w.org\/{rel}","templated":true}]}}